{"id":12718,"date":"2019-01-21T10:49:06","date_gmt":"2019-01-21T13:49:06","guid":{"rendered":"http:\/\/www.polisrecreio.com.br\/site\/?p=12718"},"modified":"2019-01-21T10:49:06","modified_gmt":"2019-01-21T13:49:06","slug":"13o-dos-servidores-de-mg-sera-anunciado-ate-sexta-feira-25","status":"publish","type":"post","link":"https:\/\/www.polisrecreio.com.br\/site\/2019\/01\/21\/13o-dos-servidores-de-mg-sera-anunciado-ate-sexta-feira-25\/","title":{"rendered":"13\u00ba dos servidores de MG ser\u00e1 anunciado at\u00e9 sexta-feira (25)"},"content":{"rendered":"<p style=\"text-align: justify;\">O \u201ct\u00e3o\u201d esperado 13\u00ba sal\u00e1rio dos servidores de Minas Gerais, que deveria ter sido pago ao final de 2018, enfim, ser\u00e1 anunciado pelo atual governador do Estado, Romeu Zema (NOVO), segundo comunicado do chefe do executivo estadual em redes sociais.<\/p>\n<p><!--more--><\/p>\n<figure id=\"attachment_12519\" aria-describedby=\"caption-attachment-12519\" style=\"width: 750px\" class=\"wp-caption aligncenter\"><a href=\"http:\/\/www.polisrecreio.com.br\/site\/wp-content\/uploads\/2019\/01\/7275847_x720.jpg\"><img loading=\"lazy\" class=\"size-full wp-image-12519\" src=\"http:\/\/www.polisrecreio.com.br\/site\/wp-content\/uploads\/2019\/01\/7275847_x720.jpg\" alt=\"\" width=\"750\" height=\"422\" srcset=\"https:\/\/www.polisrecreio.com.br\/site\/wp-content\/uploads\/2019\/01\/7275847_x720.jpg 750w, https:\/\/www.polisrecreio.com.br\/site\/wp-content\/uploads\/2019\/01\/7275847_x720-300x169.jpg 300w\" sizes=\"(max-width: 750px) 100vw, 750px\" \/><\/a><figcaption id=\"caption-attachment-12519\" class=\"wp-caption-text\">Governador de Minas, Romeu Zema. Foto: G1.<\/figcaption><\/figure>\n<p style=\"text-align: justify;\">\u201cNessa pr\u00f3xima semana at\u00e9 sexta-feira n\u00f3s deveremos estar apresentando uma forma de pagarmos o 13\u00ba que \u00e9 um anseio do funcionalismo\u201d, disse ele (postagem de domingo &#8211; 20 &#8211; sem adiantar como isto ser\u00e1 feito.<\/p>\n<p style=\"text-align: justify;\">Ao final de 2018, o ex-governador Fernando Pimentel (PT), encerrou o seu mandato sem pagar o benef\u00edcio. Na \u00e9poca foi justificada dificuldades de recursos em caixa. A gratifica\u00e7\u00e3o referente ao ano de 2017, foi paga pelo petista em quatro parcelas, de janeiro a abril de 2018.<\/p>\n","protected":false},"excerpt":{"rendered":"<p>O \u201ct\u00e3o\u201d esperado 13\u00ba sal\u00e1rio dos servidores de Minas Gerais, que deveria ter sido pago ao final de 2018, enfim, ser\u00e1 anunciado pelo atual governador do Estado, Romeu Zema (NOVO), segundo comunicado do chefe do executivo estadual em redes sociais.<\/p>\n","protected":false},"author":3,"featured_media":12519,"comment_status":"open","ping_status":"open","sticky":false,"template":"","format":"standard","meta":[],"categories":[5],"tags":[],"yoast_head":"<!-- This site is optimized with the Yoast SEO plugin v15.6.2 - https:\/\/yoast.com\/wordpress\/plugins\/seo\/ -->\n<meta name=\"robots\" content=\"index, follow, max-snippet:-1, max-image-preview:large, max-video-preview:-1\" \/>\n<link rel=\"canonical\" href=\"https:\/\/www.polisrecreio.com.br\/site\/2019\/01\/21\/13o-dos-servidores-de-mg-sera-anunciado-ate-sexta-feira-25\/\" \/>\n<meta property=\"og:locale\" content=\"pt_BR\" \/>\n<meta property=\"og:type\" content=\"article\" \/>\n<meta property=\"og:title\" content=\"13\u00ba dos servidores de MG ser\u00e1 anunciado at\u00e9 sexta-feira (25) - P\u00f3lis Recreio\" \/>\n<meta property=\"og:description\" content=\"O \u201ct\u00e3o\u201d esperado 13\u00ba sal\u00e1rio dos servidores de Minas Gerais, que deveria ter sido pago ao final de 2018, enfim, ser\u00e1 anunciado pelo atual governador do Estado, Romeu Zema (NOVO), segundo comunicado do chefe do executivo estadual em redes sociais.\" \/>\n<meta property=\"og:url\" content=\"https:\/\/www.polisrecreio.com.br\/site\/2019\/01\/21\/13o-dos-servidores-de-mg-sera-anunciado-ate-sexta-feira-25\/\" \/>\n<meta property=\"og:site_name\" content=\"P\u00f3lis Recreio\" \/>\n<meta property=\"article:publisher\" content=\"https:\/\/www.facebook.com\/Site-P%c3%b3lis-Recreio-MG-181941708571019\/\" \/>\n<meta property=\"article:published_time\" content=\"2019-01-21T13:49:06+00:00\" \/>\n<meta property=\"og:image\" content=\"https:\/\/www.polisrecreio.com.br\/site\/wp-content\/uploads\/2019\/01\/7275847_x720.jpg\" \/>\n\t<meta property=\"og:image:width\" content=\"750\" \/>\n\t<meta property=\"og:image:height\" content=\"422\" \/>\n<meta name=\"twitter:card\" content=\"summary_large_image\" \/>\n<meta name=\"twitter:creator\" content=\"@PolisRecreio\" \/>\n<meta name=\"twitter:site\" content=\"@PolisRecreio\" \/>\n<meta name=\"twitter:label1\" content=\"Est. reading time\">\n\t<meta name=\"twitter:data1\" content=\"1 minuto\">\n<script type=\"application\/ld+json\" class=\"yoast-schema-graph\">{\"@context\":\"https:\/\/schema.org\",\"@graph\":[{\"@type\":\"WebSite\",\"@id\":\"https:\/\/www.polisrecreio.com.br\/site\/#website\",\"url\":\"https:\/\/www.polisrecreio.com.br\/site\/\",\"name\":\"P\\u00f3lis Recreio\",\"description\":\"\",\"potentialAction\":[{\"@type\":\"SearchAction\",\"target\":\"https:\/\/www.polisrecreio.com.br\/site\/?s={search_term_string}\",\"query-input\":\"required name=search_term_string\"}],\"inLanguage\":\"pt-BR\"},{\"@type\":\"ImageObject\",\"@id\":\"https:\/\/www.polisrecreio.com.br\/site\/2019\/01\/21\/13o-dos-servidores-de-mg-sera-anunciado-ate-sexta-feira-25\/#primaryimage\",\"inLanguage\":\"pt-BR\",\"url\":\"https:\/\/www.polisrecreio.com.br\/site\/wp-content\/uploads\/2019\/01\/7275847_x720.jpg\",\"width\":750,\"height\":422,\"caption\":\"Governador de Minas, Romeu Zema. Foto: G1.\"},{\"@type\":\"WebPage\",\"@id\":\"https:\/\/www.polisrecreio.com.br\/site\/2019\/01\/21\/13o-dos-servidores-de-mg-sera-anunciado-ate-sexta-feira-25\/#webpage\",\"url\":\"https:\/\/www.polisrecreio.com.br\/site\/2019\/01\/21\/13o-dos-servidores-de-mg-sera-anunciado-ate-sexta-feira-25\/\",\"name\":\"13\\u00ba dos servidores de MG ser\\u00e1 anunciado at\\u00e9 sexta-feira (25) - P\\u00f3lis Recreio\",\"isPartOf\":{\"@id\":\"https:\/\/www.polisrecreio.com.br\/site\/#website\"},\"primaryImageOfPage\":{\"@id\":\"https:\/\/www.polisrecreio.com.br\/site\/2019\/01\/21\/13o-dos-servidores-de-mg-sera-anunciado-ate-sexta-feira-25\/#primaryimage\"},\"datePublished\":\"2019-01-21T13:49:06+00:00\",\"dateModified\":\"2019-01-21T13:49:06+00:00\",\"author\":{\"@id\":\"https:\/\/www.polisrecreio.com.br\/site\/#\/schema\/person\/3363c1c78e1e28e1329d97adb387638e\"},\"inLanguage\":\"pt-BR\",\"potentialAction\":[{\"@type\":\"ReadAction\",\"target\":[\"https:\/\/www.polisrecreio.com.br\/site\/2019\/01\/21\/13o-dos-servidores-de-mg-sera-anunciado-ate-sexta-feira-25\/\"]}]},{\"@type\":\"Person\",\"@id\":\"https:\/\/www.polisrecreio.com.br\/site\/#\/schema\/person\/3363c1c78e1e28e1329d97adb387638e\",\"name\":\"Leonardo Ribeiro\",\"image\":{\"@type\":\"ImageObject\",\"@id\":\"https:\/\/www.polisrecreio.com.br\/site\/#personlogo\",\"inLanguage\":\"pt-BR\",\"url\":\"https:\/\/secure.gravatar.com\/avatar\/6ba92a37d621e1a83e23710251178a12?s=96&d=mm&r=g\",\"caption\":\"Leonardo Ribeiro\"},\"sameAs\":[\"http:\/\/www.polisrecreio.com.br\"]}]}<\/script>\n<!-- \/ Yoast SEO plugin. -->","_links":{"self":[{"href":"https:\/\/www.polisrecreio.com.br\/site\/wp-json\/wp\/v2\/posts\/12718"}],"collection":[{"href":"https:\/\/www.polisrecreio.com.br\/site\/wp-json\/wp\/v2\/posts"}],"about":[{"href":"https:\/\/www.polisrecreio.com.br\/site\/wp-json\/wp\/v2\/types\/post"}],"author":[{"embeddable":true,"href":"https:\/\/www.polisrecreio.com.br\/site\/wp-json\/wp\/v2\/users\/3"}],"replies":[{"embeddable":true,"href":"https:\/\/www.polisrecreio.com.br\/site\/wp-json\/wp\/v2\/comments?post=12718"}],"version-history":[{"count":1,"href":"https:\/\/www.polisrecreio.com.br\/site\/wp-json\/wp\/v2\/posts\/12718\/revisions"}],"predecessor-version":[{"id":12719,"href":"https:\/\/www.polisrecreio.com.br\/site\/wp-json\/wp\/v2\/posts\/12718\/revisions\/12719"}],"wp:featuredmedia":[{"embeddable":true,"href":"https:\/\/www.polisrecreio.com.br\/site\/wp-json\/wp\/v2\/media\/12519"}],"wp:attachment":[{"href":"https:\/\/www.polisrecreio.com.br\/site\/wp-json\/wp\/v2\/media?parent=12718"}],"wp:term":[{"taxonomy":"category","embeddable":true,"href":"https:\/\/www.polisrecreio.com.br\/site\/wp-json\/wp\/v2\/categories?post=12718"},{"taxonomy":"post_tag","embeddable":true,"href":"https:\/\/www.polisrecreio.com.br\/site\/wp-json\/wp\/v2\/tags?post=12718"}],"curies":[{"name":"wp","href":"https:\/\/api.w.org\/{rel}","templated":true}]}}