{"id":12720,"date":"2019-01-21T16:45:30","date_gmt":"2019-01-21T19:45:30","guid":{"rendered":"http:\/\/www.polisrecreio.com.br\/site\/?p=12720"},"modified":"2019-01-21T16:46:32","modified_gmt":"2019-01-21T19:46:32","slug":"estado-volta-a-reter-recursos-das-prefeituras-divida-com-recreio-chegou-a-r-3-075-63085","status":"publish","type":"post","link":"https:\/\/www.polisrecreio.com.br\/site\/2019\/01\/21\/estado-volta-a-reter-recursos-das-prefeituras-divida-com-recreio-chegou-a-r-3-075-63085\/","title":{"rendered":"Estado volta a reter recursos das prefeituras, d\u00edvida com Recreio chegou a R$ 3.075.630,85"},"content":{"rendered":"<p style=\"text-align: justify;\">O Governo do Estado voltou a reter recursos das prefeituras de Minas neste m\u00eas de janeiro de 2019. A Associa\u00e7\u00e3o Mineira de Munic\u00edpios \u201cAMM\u201d informou que o atual governo mineiro j\u00e1 confiscou R$ 342 milh\u00f5es de ICMS e FUNDEB. A d\u00edvida, atualizada em 17 de janeiro, com a Prefeitura de Recreio chegou a R$ 3.075.630,85.<\/p>\n<p><!--more--><\/p>\n<p><a href=\"http:\/\/www.polisrecreio.com.br\/site\/wp-content\/uploads\/2019\/01\/180761-descubra-como-fazer-uma-faculdade-particular-sem-dinheiro.jpg\"><img loading=\"lazy\" class=\"aligncenter size-full wp-image-12721\" src=\"http:\/\/www.polisrecreio.com.br\/site\/wp-content\/uploads\/2019\/01\/180761-descubra-como-fazer-uma-faculdade-particular-sem-dinheiro.jpg\" alt=\"\" width=\"750\" height=\"501\" srcset=\"https:\/\/www.polisrecreio.com.br\/site\/wp-content\/uploads\/2019\/01\/180761-descubra-como-fazer-uma-faculdade-particular-sem-dinheiro.jpg 750w, https:\/\/www.polisrecreio.com.br\/site\/wp-content\/uploads\/2019\/01\/180761-descubra-como-fazer-uma-faculdade-particular-sem-dinheiro-300x200.jpg 300w\" sizes=\"(max-width: 750px) 100vw, 750px\" \/><\/a><\/p>\n<p style=\"text-align: justify;\">Veja os n\u00fameros da d\u00edvida com Recreio:<\/p>\n<ul>\n<li style=\"text-align: justify;\">R$ 412.641,52 (ICMS de 2018 e 2019);<\/li>\n<li style=\"text-align: justify;\">R$ 94.152,32 (FUNDEB \u2013 juros e corre\u00e7\u00f5es de 2017 e 2018);<\/li>\n<li style=\"text-align: justify;\">R$ 1.048.476,00 (Sa\u00fade);<\/li>\n<li style=\"text-align: justify;\">R$ 101.526,55 (ICMS &#8211; juros e corre\u00e7\u00f5es 2017 e 2018);<\/li>\n<li style=\"text-align: justify;\">R$ 50.600,00 (Piso Mineiro da Assist\u00eancia Social);<\/li>\n<li style=\"text-align: justify;\">R$ 12.600,00 (Transporte Escolar);<\/li>\n<li style=\"text-align: justify;\">R$ 1.355.634,45 (FUNDEB 2018 e 2019 \u2013 retidos ICMS e IPVA para educa\u00e7\u00e3o).<\/li>\n<\/ul>\n<p style=\"text-align: justify;\">Nesta segunda-feira (21) a AMM promoveu uma assembleia em Belo Horizonte com a participa\u00e7\u00e3o de 343 prefeitos para tratar da continuidade de reten\u00e7\u00e3o do dinheiro que \u00e9 de direito dos munic\u00edpios.<\/p>\n<p style=\"text-align: justify;\">Em seguida uma comitiva de prefeitos foi at\u00e9 a Cidade Administrativa, entretanto, n\u00e3o conseguiram falar com o governador Romeu Zema (NOVO) e na chegada ainda houve um bloqueio da Pol\u00edcia Militar. Uma comiss\u00e3o de alguns prefeitos foi recebida pelo secret\u00e1rio de Governo, Cust\u00f3dio Mattos, que reafirmou que o governador vai se posicionar sobre a situa\u00e7\u00e3o entre hoje e amanh\u00e3.<\/p>\n<p style=\"text-align: justify;\">A nova reten\u00e7\u00e3o somada aos valores da \u00faltima atualiza\u00e7\u00e3o de 27 de dezembro de 2018 chegam ao total de R$ 12,6 bilh\u00f5es. Este \u00e9 o valor que o Governo do Estado deve a todos os munic\u00edpios mineiros.<\/p>\n<p style=\"text-align: justify;\">Por causa da crise financeira nos cofres p\u00fablicos desde 4 de dezembro de 2018, o munic\u00edpio de Recreio est\u00e1 em <a href=\"http:\/\/recreio.mg.gov.br\/images\/Decretos\/2018\/decreto177.pdf\" target=\"_blank\" rel=\"noopener\">situa\u00e7\u00e3o de emerg\u00eancia financeira<\/a>. Atrav\u00e9s do documento o prefeito Jos\u00e9 Maria Barros adotou v\u00e1rias medidas para conten\u00e7\u00e3o de despesas, dentre elas:<\/p>\n<ul>\n<li style=\"text-align: justify;\">funcionamento dos setores administrativos em hor\u00e1rio especial, das 7h \u00e0s 13h, com exce\u00e7\u00e3o dos servi\u00e7os essenciais;<\/li>\n<li style=\"text-align: justify;\">redu\u00e7\u00e3o de todas as despesas que n\u00e3o sejam emergenciais, tais como ordens de servi\u00e7os ou de compras que ainda n\u00e3o estejam em andamento, realiza\u00e7\u00e3o de viagens e eventos n\u00e3o essenciais;<\/li>\n<li style=\"text-align: justify;\">suspens\u00e3o de nomea\u00e7\u00f5es, exceto para substitui\u00e7\u00e3o estritamente necess\u00e1ria ao andamento do servi\u00e7o p\u00fablico;<\/li>\n<li style=\"text-align: justify;\">suspens\u00e3o de todos os eventos esportivos, culturais e similares que acarretem despesas com recurso pr\u00f3prio.<\/li>\n<\/ul>\n<p style=\"text-align: justify;\">O decreto de emerg\u00eancia financeira tem prazo de 120 dias, podendo ser revogado ou prorrogado conforme as circunst\u00e2ncias.<\/p>\n","protected":false},"excerpt":{"rendered":"<p>O Governo do Estado voltou a reter recursos das prefeituras de Minas neste m\u00eas de janeiro de 2019. A Associa\u00e7\u00e3o Mineira de Munic\u00edpios \u201cAMM\u201d informou que o atual governo mineiro j\u00e1 confiscou R$ 342 milh\u00f5es de ICMS e FUNDEB. A d\u00edvida, atualizada em 17 de janeiro, com a Prefeitura de Recreio chegou a R$ 3.075.630,85.<\/p>\n","protected":false},"author":3,"featured_media":12721,"comment_status":"open","ping_status":"open","sticky":false,"template":"","format":"standard","meta":[],"categories":[6],"tags":[],"yoast_head":"<!-- This site is optimized with the Yoast SEO plugin v15.6.2 - https:\/\/yoast.com\/wordpress\/plugins\/seo\/ -->\n<meta name=\"robots\" content=\"index, follow, max-snippet:-1, max-image-preview:large, max-video-preview:-1\" \/>\n<link rel=\"canonical\" href=\"https:\/\/www.polisrecreio.com.br\/site\/2019\/01\/21\/estado-volta-a-reter-recursos-das-prefeituras-divida-com-recreio-chegou-a-r-3-075-63085\/\" \/>\n<meta property=\"og:locale\" content=\"pt_BR\" \/>\n<meta property=\"og:type\" content=\"article\" \/>\n<meta property=\"og:title\" content=\"Estado volta a reter recursos das prefeituras, d\u00edvida com Recreio chegou a R$ 3.075.630,85 - P\u00f3lis Recreio\" \/>\n<meta property=\"og:description\" content=\"O Governo do Estado voltou a reter recursos das prefeituras de Minas neste m\u00eas de janeiro de 2019. A Associa\u00e7\u00e3o Mineira de Munic\u00edpios \u201cAMM\u201d informou que o atual governo mineiro j\u00e1 confiscou R$ 342 milh\u00f5es de ICMS e FUNDEB. A d\u00edvida, atualizada em 17 de janeiro, com a Prefeitura de Recreio chegou a R$ 3.075.630,85.\" \/>\n<meta property=\"og:url\" content=\"https:\/\/www.polisrecreio.com.br\/site\/2019\/01\/21\/estado-volta-a-reter-recursos-das-prefeituras-divida-com-recreio-chegou-a-r-3-075-63085\/\" \/>\n<meta property=\"og:site_name\" content=\"P\u00f3lis Recreio\" \/>\n<meta property=\"article:publisher\" content=\"https:\/\/www.facebook.com\/Site-P%c3%b3lis-Recreio-MG-181941708571019\/\" \/>\n<meta property=\"article:published_time\" content=\"2019-01-21T19:45:30+00:00\" \/>\n<meta property=\"article:modified_time\" content=\"2019-01-21T19:46:32+00:00\" \/>\n<meta property=\"og:image\" content=\"https:\/\/www.polisrecreio.com.br\/site\/wp-content\/uploads\/2019\/01\/180761-descubra-como-fazer-uma-faculdade-particular-sem-dinheiro.jpg\" \/>\n\t<meta property=\"og:image:width\" content=\"750\" \/>\n\t<meta property=\"og:image:height\" content=\"501\" \/>\n<meta name=\"twitter:card\" content=\"summary_large_image\" \/>\n<meta name=\"twitter:creator\" content=\"@PolisRecreio\" \/>\n<meta name=\"twitter:site\" content=\"@PolisRecreio\" \/>\n<meta name=\"twitter:label1\" content=\"Est. reading time\">\n\t<meta name=\"twitter:data1\" content=\"2 minutos\">\n<script type=\"application\/ld+json\" class=\"yoast-schema-graph\">{\"@context\":\"https:\/\/schema.org\",\"@graph\":[{\"@type\":\"WebSite\",\"@id\":\"https:\/\/www.polisrecreio.com.br\/site\/#website\",\"url\":\"https:\/\/www.polisrecreio.com.br\/site\/\",\"name\":\"P\\u00f3lis Recreio\",\"description\":\"\",\"potentialAction\":[{\"@type\":\"SearchAction\",\"target\":\"https:\/\/www.polisrecreio.com.br\/site\/?s={search_term_string}\",\"query-input\":\"required name=search_term_string\"}],\"inLanguage\":\"pt-BR\"},{\"@type\":\"ImageObject\",\"@id\":\"https:\/\/www.polisrecreio.com.br\/site\/2019\/01\/21\/estado-volta-a-reter-recursos-das-prefeituras-divida-com-recreio-chegou-a-r-3-075-63085\/#primaryimage\",\"inLanguage\":\"pt-BR\",\"url\":\"https:\/\/www.polisrecreio.com.br\/site\/wp-content\/uploads\/2019\/01\/180761-descubra-como-fazer-uma-faculdade-particular-sem-dinheiro.jpg\",\"width\":750,\"height\":501},{\"@type\":\"WebPage\",\"@id\":\"https:\/\/www.polisrecreio.com.br\/site\/2019\/01\/21\/estado-volta-a-reter-recursos-das-prefeituras-divida-com-recreio-chegou-a-r-3-075-63085\/#webpage\",\"url\":\"https:\/\/www.polisrecreio.com.br\/site\/2019\/01\/21\/estado-volta-a-reter-recursos-das-prefeituras-divida-com-recreio-chegou-a-r-3-075-63085\/\",\"name\":\"Estado volta a reter recursos das prefeituras, d\\u00edvida com Recreio chegou a R$ 3.075.630,85 - P\\u00f3lis Recreio\",\"isPartOf\":{\"@id\":\"https:\/\/www.polisrecreio.com.br\/site\/#website\"},\"primaryImageOfPage\":{\"@id\":\"https:\/\/www.polisrecreio.com.br\/site\/2019\/01\/21\/estado-volta-a-reter-recursos-das-prefeituras-divida-com-recreio-chegou-a-r-3-075-63085\/#primaryimage\"},\"datePublished\":\"2019-01-21T19:45:30+00:00\",\"dateModified\":\"2019-01-21T19:46:32+00:00\",\"author\":{\"@id\":\"https:\/\/www.polisrecreio.com.br\/site\/#\/schema\/person\/3363c1c78e1e28e1329d97adb387638e\"},\"inLanguage\":\"pt-BR\",\"potentialAction\":[{\"@type\":\"ReadAction\",\"target\":[\"https:\/\/www.polisrecreio.com.br\/site\/2019\/01\/21\/estado-volta-a-reter-recursos-das-prefeituras-divida-com-recreio-chegou-a-r-3-075-63085\/\"]}]},{\"@type\":\"Person\",\"@id\":\"https:\/\/www.polisrecreio.com.br\/site\/#\/schema\/person\/3363c1c78e1e28e1329d97adb387638e\",\"name\":\"Leonardo Ribeiro\",\"image\":{\"@type\":\"ImageObject\",\"@id\":\"https:\/\/www.polisrecreio.com.br\/site\/#personlogo\",\"inLanguage\":\"pt-BR\",\"url\":\"https:\/\/secure.gravatar.com\/avatar\/6ba92a37d621e1a83e23710251178a12?s=96&d=mm&r=g\",\"caption\":\"Leonardo Ribeiro\"},\"sameAs\":[\"http:\/\/www.polisrecreio.com.br\"]}]}<\/script>\n<!-- \/ Yoast SEO plugin. -->","_links":{"self":[{"href":"https:\/\/www.polisrecreio.com.br\/site\/wp-json\/wp\/v2\/posts\/12720"}],"collection":[{"href":"https:\/\/www.polisrecreio.com.br\/site\/wp-json\/wp\/v2\/posts"}],"about":[{"href":"https:\/\/www.polisrecreio.com.br\/site\/wp-json\/wp\/v2\/types\/post"}],"author":[{"embeddable":true,"href":"https:\/\/www.polisrecreio.com.br\/site\/wp-json\/wp\/v2\/users\/3"}],"replies":[{"embeddable":true,"href":"https:\/\/www.polisrecreio.com.br\/site\/wp-json\/wp\/v2\/comments?post=12720"}],"version-history":[{"count":2,"href":"https:\/\/www.polisrecreio.com.br\/site\/wp-json\/wp\/v2\/posts\/12720\/revisions"}],"predecessor-version":[{"id":12723,"href":"https:\/\/www.polisrecreio.com.br\/site\/wp-json\/wp\/v2\/posts\/12720\/revisions\/12723"}],"wp:featuredmedia":[{"embeddable":true,"href":"https:\/\/www.polisrecreio.com.br\/site\/wp-json\/wp\/v2\/media\/12721"}],"wp:attachment":[{"href":"https:\/\/www.polisrecreio.com.br\/site\/wp-json\/wp\/v2\/media?parent=12720"}],"wp:term":[{"taxonomy":"category","embeddable":true,"href":"https:\/\/www.polisrecreio.com.br\/site\/wp-json\/wp\/v2\/categories?post=12720"},{"taxonomy":"post_tag","embeddable":true,"href":"https:\/\/www.polisrecreio.com.br\/site\/wp-json\/wp\/v2\/tags?post=12720"}],"curies":[{"name":"wp","href":"https:\/\/api.w.org\/{rel}","templated":true}]}}