{"id":12737,"date":"2019-01-23T10:16:05","date_gmt":"2019-01-23T13:16:05","guid":{"rendered":"http:\/\/www.polisrecreio.com.br\/site\/?p=12737"},"modified":"2019-01-23T10:40:05","modified_gmt":"2019-01-23T13:40:05","slug":"escolas-estaduais-voltam-as-aulas-dia-7","status":"publish","type":"post","link":"https:\/\/www.polisrecreio.com.br\/site\/2019\/01\/23\/escolas-estaduais-voltam-as-aulas-dia-7\/","title":{"rendered":"Escolas estaduais voltam \u00e0s aulas dia 7"},"content":{"rendered":"<p style=\"text-align: justify;\">As escolas estaduais de Minas Gerais voltam \u00e0s aulas no dia 7 de fevereiro. Em Recreio, dois col\u00e9gios integram a rede estadual: E.E Olavo Bilac e E.E Presidente Carlos Luz (Concei\u00e7\u00e3o da Boa Vista).<\/p>\n<p><!--more--><\/p>\n<figure id=\"attachment_12741\" aria-describedby=\"caption-attachment-12741\" style=\"width: 750px\" class=\"wp-caption aligncenter\"><a href=\"http:\/\/www.polisrecreio.com.br\/site\/wp-content\/uploads\/2019\/01\/escolas.jpg\"><img loading=\"lazy\" class=\"wp-image-12741 size-full\" src=\"http:\/\/www.polisrecreio.com.br\/site\/wp-content\/uploads\/2019\/01\/escolas.jpg\" alt=\"\" width=\"750\" height=\"500\" srcset=\"https:\/\/www.polisrecreio.com.br\/site\/wp-content\/uploads\/2019\/01\/escolas.jpg 750w, https:\/\/www.polisrecreio.com.br\/site\/wp-content\/uploads\/2019\/01\/escolas-300x200.jpg 300w\" sizes=\"(max-width: 750px) 100vw, 750px\" \/><\/a><figcaption id=\"caption-attachment-12741\" class=\"wp-caption-text\">Estaduais de Recreio: Olavo Bilac e Pres. Carlos Luz.<\/figcaption><\/figure>\n<p style=\"text-align: justify;\">A confirma\u00e7\u00e3o do in\u00edcio do ano letivo de 2019 foi publicada pela Secretaria de Estado da Educa\u00e7\u00e3o de Minas Gerais na ter\u00e7a-feira (22). \u201cEm respeito a toda comunidade escolar e ao compromisso com a educa\u00e7\u00e3o dos nossos mais de 2 milh\u00f5es de alunos, o Governo de Minas Gerais, mesmo diante da grave crise financeira herdada de governos passados, manter\u00e1 o in\u00edcio do ano letivo de 2019 no dia 7 de fevereiro em todas as escolas estaduais de Minas Gerais, conforme programado pelo Calend\u00e1rio Escolar da Rede Estadual de Ensino\u201d, informou a SEE MG no site institucional.<\/p>\n<p style=\"text-align: justify;\">Em Recreio dois col\u00e9gios integram a rede estadual. A E.E Olavo Bilac, no Centro da cidade, oferece o Ensino M\u00e9dio, a Educa\u00e7\u00e3o de Jovens e Adultos \u201cEJA\u201d e os cursos t\u00e9cnicos de Administra\u00e7\u00e3o e Inform\u00e1tica. Em Concei\u00e7\u00e3o da Boa Vista, a E.E Presidente Carlos Luz, conta com Ensino Fundamental I e II e a modalidade de Educa\u00e7\u00e3o Integral EF I.<\/p>\n","protected":false},"excerpt":{"rendered":"<p>As escolas estaduais de Minas Gerais voltam \u00e0s aulas no dia 7 de fevereiro. Em Recreio, dois col\u00e9gios integram a rede estadual: E.E Olavo Bilac e E.E Presidente Carlos Luz (Concei\u00e7\u00e3o da Boa Vista).<\/p>\n","protected":false},"author":3,"featured_media":12741,"comment_status":"open","ping_status":"open","sticky":false,"template":"","format":"standard","meta":[],"categories":[9],"tags":[],"yoast_head":"<!-- This site is optimized with the Yoast SEO plugin v15.6.2 - https:\/\/yoast.com\/wordpress\/plugins\/seo\/ -->\n<meta name=\"robots\" content=\"index, follow, max-snippet:-1, max-image-preview:large, max-video-preview:-1\" \/>\n<link rel=\"canonical\" href=\"http:\/\/www.polisrecreio.com.br\/site\/2019\/01\/23\/escolas-estaduais-voltam-as-aulas-dia-7\/\" \/>\n<meta property=\"og:locale\" content=\"pt_BR\" \/>\n<meta property=\"og:type\" content=\"article\" \/>\n<meta property=\"og:title\" content=\"Escolas estaduais voltam \u00e0s aulas dia 7 - P\u00f3lis Recreio\" \/>\n<meta property=\"og:description\" content=\"As escolas estaduais de Minas Gerais voltam \u00e0s aulas no dia 7 de fevereiro. Em Recreio, dois col\u00e9gios integram a rede estadual: E.E Olavo Bilac e E.E Presidente Carlos Luz (Concei\u00e7\u00e3o da Boa Vista).\" \/>\n<meta property=\"og:url\" content=\"http:\/\/www.polisrecreio.com.br\/site\/2019\/01\/23\/escolas-estaduais-voltam-as-aulas-dia-7\/\" \/>\n<meta property=\"og:site_name\" content=\"P\u00f3lis Recreio\" \/>\n<meta property=\"article:publisher\" content=\"https:\/\/www.facebook.com\/Site-P%c3%b3lis-Recreio-MG-181941708571019\/\" \/>\n<meta property=\"article:published_time\" content=\"2019-01-23T13:16:05+00:00\" \/>\n<meta property=\"article:modified_time\" content=\"2019-01-23T13:40:05+00:00\" \/>\n<meta property=\"og:image\" content=\"https:\/\/www.polisrecreio.com.br\/site\/wp-content\/uploads\/2019\/01\/escolas.jpg\" \/>\n\t<meta property=\"og:image:width\" content=\"750\" \/>\n\t<meta property=\"og:image:height\" content=\"500\" \/>\n<meta name=\"twitter:card\" content=\"summary_large_image\" \/>\n<meta name=\"twitter:creator\" content=\"@PolisRecreio\" \/>\n<meta name=\"twitter:site\" content=\"@PolisRecreio\" \/>\n<meta name=\"twitter:label1\" content=\"Est. reading time\">\n\t<meta name=\"twitter:data1\" content=\"1 minuto\">\n<script type=\"application\/ld+json\" class=\"yoast-schema-graph\">{\"@context\":\"https:\/\/schema.org\",\"@graph\":[{\"@type\":\"WebSite\",\"@id\":\"https:\/\/www.polisrecreio.com.br\/site\/#website\",\"url\":\"https:\/\/www.polisrecreio.com.br\/site\/\",\"name\":\"P\\u00f3lis Recreio\",\"description\":\"\",\"potentialAction\":[{\"@type\":\"SearchAction\",\"target\":\"https:\/\/www.polisrecreio.com.br\/site\/?s={search_term_string}\",\"query-input\":\"required name=search_term_string\"}],\"inLanguage\":\"pt-BR\"},{\"@type\":\"ImageObject\",\"@id\":\"http:\/\/www.polisrecreio.com.br\/site\/2019\/01\/23\/escolas-estaduais-voltam-as-aulas-dia-7\/#primaryimage\",\"inLanguage\":\"pt-BR\",\"url\":\"https:\/\/www.polisrecreio.com.br\/site\/wp-content\/uploads\/2019\/01\/escolas.jpg\",\"width\":750,\"height\":500,\"caption\":\"E.E Olavo Bilac e E.E Pres. Carlos Luz.\"},{\"@type\":\"WebPage\",\"@id\":\"http:\/\/www.polisrecreio.com.br\/site\/2019\/01\/23\/escolas-estaduais-voltam-as-aulas-dia-7\/#webpage\",\"url\":\"http:\/\/www.polisrecreio.com.br\/site\/2019\/01\/23\/escolas-estaduais-voltam-as-aulas-dia-7\/\",\"name\":\"Escolas estaduais voltam \\u00e0s aulas dia 7 - P\\u00f3lis Recreio\",\"isPartOf\":{\"@id\":\"https:\/\/www.polisrecreio.com.br\/site\/#website\"},\"primaryImageOfPage\":{\"@id\":\"http:\/\/www.polisrecreio.com.br\/site\/2019\/01\/23\/escolas-estaduais-voltam-as-aulas-dia-7\/#primaryimage\"},\"datePublished\":\"2019-01-23T13:16:05+00:00\",\"dateModified\":\"2019-01-23T13:40:05+00:00\",\"author\":{\"@id\":\"https:\/\/www.polisrecreio.com.br\/site\/#\/schema\/person\/3363c1c78e1e28e1329d97adb387638e\"},\"inLanguage\":\"pt-BR\",\"potentialAction\":[{\"@type\":\"ReadAction\",\"target\":[\"http:\/\/www.polisrecreio.com.br\/site\/2019\/01\/23\/escolas-estaduais-voltam-as-aulas-dia-7\/\"]}]},{\"@type\":\"Person\",\"@id\":\"https:\/\/www.polisrecreio.com.br\/site\/#\/schema\/person\/3363c1c78e1e28e1329d97adb387638e\",\"name\":\"Leonardo Ribeiro\",\"image\":{\"@type\":\"ImageObject\",\"@id\":\"https:\/\/www.polisrecreio.com.br\/site\/#personlogo\",\"inLanguage\":\"pt-BR\",\"url\":\"https:\/\/secure.gravatar.com\/avatar\/6ba92a37d621e1a83e23710251178a12?s=96&d=mm&r=g\",\"caption\":\"Leonardo Ribeiro\"},\"sameAs\":[\"http:\/\/www.polisrecreio.com.br\"]}]}<\/script>\n<!-- \/ Yoast SEO plugin. -->","_links":{"self":[{"href":"https:\/\/www.polisrecreio.com.br\/site\/wp-json\/wp\/v2\/posts\/12737"}],"collection":[{"href":"https:\/\/www.polisrecreio.com.br\/site\/wp-json\/wp\/v2\/posts"}],"about":[{"href":"https:\/\/www.polisrecreio.com.br\/site\/wp-json\/wp\/v2\/types\/post"}],"author":[{"embeddable":true,"href":"https:\/\/www.polisrecreio.com.br\/site\/wp-json\/wp\/v2\/users\/3"}],"replies":[{"embeddable":true,"href":"https:\/\/www.polisrecreio.com.br\/site\/wp-json\/wp\/v2\/comments?post=12737"}],"version-history":[{"count":4,"href":"https:\/\/www.polisrecreio.com.br\/site\/wp-json\/wp\/v2\/posts\/12737\/revisions"}],"predecessor-version":[{"id":12743,"href":"https:\/\/www.polisrecreio.com.br\/site\/wp-json\/wp\/v2\/posts\/12737\/revisions\/12743"}],"wp:featuredmedia":[{"embeddable":true,"href":"https:\/\/www.polisrecreio.com.br\/site\/wp-json\/wp\/v2\/media\/12741"}],"wp:attachment":[{"href":"https:\/\/www.polisrecreio.com.br\/site\/wp-json\/wp\/v2\/media?parent=12737"}],"wp:term":[{"taxonomy":"category","embeddable":true,"href":"https:\/\/www.polisrecreio.com.br\/site\/wp-json\/wp\/v2\/categories?post=12737"},{"taxonomy":"post_tag","embeddable":true,"href":"https:\/\/www.polisrecreio.com.br\/site\/wp-json\/wp\/v2\/tags?post=12737"}],"curies":[{"name":"wp","href":"https:\/\/api.w.org\/{rel}","templated":true}]}}