{"id":12745,"date":"2019-01-23T13:46:56","date_gmt":"2019-01-23T16:46:56","guid":{"rendered":"http:\/\/www.polisrecreio.com.br\/site\/?p=12745"},"modified":"2019-01-23T14:15:37","modified_gmt":"2019-01-23T17:15:37","slug":"com-estado-devendo-a-educacao-de-recreio-cerca-de-r-15-milhao-volta-as-aulas-deve-ser-adiada","status":"publish","type":"post","link":"https:\/\/www.polisrecreio.com.br\/site\/2019\/01\/23\/com-estado-devendo-a-educacao-de-recreio-cerca-de-r-15-milhao-volta-as-aulas-deve-ser-adiada\/","title":{"rendered":"Com Estado devendo a educa\u00e7\u00e3o de Recreio \u2013 cerca de R$ 1,5 milh\u00e3o \u2013 volta \u00e0s aulas deve ser adiada"},"content":{"rendered":"<p style=\"text-align: justify;\">Na \u00faltima semana a Prefeitura Municipal, atrav\u00e9s da Secretaria Municipal de Educa\u00e7\u00e3o e Cultura, chegou a divulgar o in\u00edcio do ano letivo na rede municipal para dia 7 de fevereiro, por\u00e9m, por causa da d\u00edvida do Governo do Estado com a \u00e1rea da educa\u00e7\u00e3o de Recreio &#8211; cerca de R$ 1,5 milh\u00e3o &#8211; a volta \u00e0s aulas deve ser adiada.<\/p>\n<p><!--more--><\/p>\n<p><a href=\"http:\/\/www.polisrecreio.com.br\/site\/wp-content\/uploads\/2018\/12\/06534962.normal.jpg\"><img loading=\"lazy\" class=\"aligncenter size-full wp-image-12363\" src=\"http:\/\/www.polisrecreio.com.br\/site\/wp-content\/uploads\/2018\/12\/06534962.normal.jpg\" alt=\"\" width=\"750\" height=\"500\" srcset=\"https:\/\/www.polisrecreio.com.br\/site\/wp-content\/uploads\/2018\/12\/06534962.normal.jpg 750w, https:\/\/www.polisrecreio.com.br\/site\/wp-content\/uploads\/2018\/12\/06534962.normal-300x200.jpg 300w\" sizes=\"(max-width: 750px) 100vw, 750px\" \/><\/a><\/p>\n<p style=\"text-align: justify;\">O valor da d\u00edvida \u00e9 de R$ 1.482.195,10 (FUNDEB \u2013 juros e corre\u00e7\u00f5es 2017 e 2018 \/ Transporte Escolar \/ FUNDEB 2018 e 2019 \u2013 retidos de ICMS e IPVA para Educa\u00e7\u00e3o. Os dados s\u00e3o da Associa\u00e7\u00e3o Mineira de Munic\u00edpios \u201cAMM\u201d com atualiza\u00e7\u00e3o no dia 17 de janeiro.<\/p>\n<p style=\"text-align: justify;\">\u201cEstes recursos s\u00e3o necess\u00e1rios para o pleno funcionamento da rede municipal de educa\u00e7\u00e3o, tanto para pagamento do funcionalismo como para manuten\u00e7\u00e3o dos col\u00e9gios. Em breve informaremos oficialmente a data da volta \u00e0s aulas\u201d, diz o comunicado publicado no <a href=\"https:\/\/www.facebook.com\/prefeituraderecreio\/\" target=\"_blank\" rel=\"noopener\">Facebook da Prefeitura Municipal de Recreio.<\/a><\/p>\n","protected":false},"excerpt":{"rendered":"<p>Na \u00faltima semana a Prefeitura Municipal, atrav\u00e9s da Secretaria Municipal de Educa\u00e7\u00e3o e Cultura, chegou a divulgar o in\u00edcio do ano letivo na rede municipal para dia 7 de fevereiro, por\u00e9m, por causa da d\u00edvida do Governo do Estado com a \u00e1rea da educa\u00e7\u00e3o de Recreio &#8211; cerca de R$ 1,5 milh\u00e3o &#8211; a volta [&hellip;]<\/p>\n","protected":false},"author":3,"featured_media":12363,"comment_status":"open","ping_status":"open","sticky":false,"template":"","format":"standard","meta":[],"categories":[9],"tags":[],"yoast_head":"<!-- This site is optimized with the Yoast SEO plugin v15.6.2 - https:\/\/yoast.com\/wordpress\/plugins\/seo\/ -->\n<meta name=\"robots\" content=\"index, follow, max-snippet:-1, max-image-preview:large, max-video-preview:-1\" \/>\n<link rel=\"canonical\" href=\"https:\/\/www.polisrecreio.com.br\/site\/2019\/01\/23\/com-estado-devendo-a-educacao-de-recreio-cerca-de-r-15-milhao-volta-as-aulas-deve-ser-adiada\/\" \/>\n<meta property=\"og:locale\" content=\"pt_BR\" \/>\n<meta property=\"og:type\" content=\"article\" \/>\n<meta property=\"og:title\" content=\"Com Estado devendo a educa\u00e7\u00e3o de Recreio \u2013 cerca de R$ 1,5 milh\u00e3o \u2013 volta \u00e0s aulas deve ser adiada - P\u00f3lis Recreio\" \/>\n<meta property=\"og:description\" content=\"Na \u00faltima semana a Prefeitura Municipal, atrav\u00e9s da Secretaria Municipal de Educa\u00e7\u00e3o e Cultura, chegou a divulgar o in\u00edcio do ano letivo na rede municipal para dia 7 de fevereiro, por\u00e9m, por causa da d\u00edvida do Governo do Estado com a \u00e1rea da educa\u00e7\u00e3o de Recreio &#8211; cerca de R$ 1,5 milh\u00e3o &#8211; a volta [&hellip;]\" \/>\n<meta property=\"og:url\" content=\"https:\/\/www.polisrecreio.com.br\/site\/2019\/01\/23\/com-estado-devendo-a-educacao-de-recreio-cerca-de-r-15-milhao-volta-as-aulas-deve-ser-adiada\/\" \/>\n<meta property=\"og:site_name\" content=\"P\u00f3lis Recreio\" \/>\n<meta property=\"article:publisher\" content=\"https:\/\/www.facebook.com\/Site-P%c3%b3lis-Recreio-MG-181941708571019\/\" \/>\n<meta property=\"article:published_time\" content=\"2019-01-23T16:46:56+00:00\" \/>\n<meta property=\"article:modified_time\" content=\"2019-01-23T17:15:37+00:00\" \/>\n<meta property=\"og:image\" content=\"https:\/\/www.polisrecreio.com.br\/site\/wp-content\/uploads\/2018\/12\/06534962.normal.jpg\" \/>\n\t<meta property=\"og:image:width\" content=\"750\" \/>\n\t<meta property=\"og:image:height\" content=\"500\" \/>\n<meta name=\"twitter:card\" content=\"summary_large_image\" \/>\n<meta name=\"twitter:creator\" content=\"@PolisRecreio\" \/>\n<meta name=\"twitter:site\" content=\"@PolisRecreio\" \/>\n<meta name=\"twitter:label1\" content=\"Est. reading time\">\n\t<meta name=\"twitter:data1\" content=\"1 minuto\">\n<script type=\"application\/ld+json\" class=\"yoast-schema-graph\">{\"@context\":\"https:\/\/schema.org\",\"@graph\":[{\"@type\":\"WebSite\",\"@id\":\"https:\/\/www.polisrecreio.com.br\/site\/#website\",\"url\":\"https:\/\/www.polisrecreio.com.br\/site\/\",\"name\":\"P\\u00f3lis Recreio\",\"description\":\"\",\"potentialAction\":[{\"@type\":\"SearchAction\",\"target\":\"https:\/\/www.polisrecreio.com.br\/site\/?s={search_term_string}\",\"query-input\":\"required name=search_term_string\"}],\"inLanguage\":\"pt-BR\"},{\"@type\":\"ImageObject\",\"@id\":\"https:\/\/www.polisrecreio.com.br\/site\/2019\/01\/23\/com-estado-devendo-a-educacao-de-recreio-cerca-de-r-15-milhao-volta-as-aulas-deve-ser-adiada\/#primaryimage\",\"inLanguage\":\"pt-BR\",\"url\":\"https:\/\/www.polisrecreio.com.br\/site\/wp-content\/uploads\/2018\/12\/06534962.normal.jpg\",\"width\":750,\"height\":500},{\"@type\":\"WebPage\",\"@id\":\"https:\/\/www.polisrecreio.com.br\/site\/2019\/01\/23\/com-estado-devendo-a-educacao-de-recreio-cerca-de-r-15-milhao-volta-as-aulas-deve-ser-adiada\/#webpage\",\"url\":\"https:\/\/www.polisrecreio.com.br\/site\/2019\/01\/23\/com-estado-devendo-a-educacao-de-recreio-cerca-de-r-15-milhao-volta-as-aulas-deve-ser-adiada\/\",\"name\":\"Com Estado devendo a educa\\u00e7\\u00e3o de Recreio \\u2013 cerca de R$ 1,5 milh\\u00e3o \\u2013 volta \\u00e0s aulas deve ser adiada - P\\u00f3lis Recreio\",\"isPartOf\":{\"@id\":\"https:\/\/www.polisrecreio.com.br\/site\/#website\"},\"primaryImageOfPage\":{\"@id\":\"https:\/\/www.polisrecreio.com.br\/site\/2019\/01\/23\/com-estado-devendo-a-educacao-de-recreio-cerca-de-r-15-milhao-volta-as-aulas-deve-ser-adiada\/#primaryimage\"},\"datePublished\":\"2019-01-23T16:46:56+00:00\",\"dateModified\":\"2019-01-23T17:15:37+00:00\",\"author\":{\"@id\":\"https:\/\/www.polisrecreio.com.br\/site\/#\/schema\/person\/3363c1c78e1e28e1329d97adb387638e\"},\"inLanguage\":\"pt-BR\",\"potentialAction\":[{\"@type\":\"ReadAction\",\"target\":[\"https:\/\/www.polisrecreio.com.br\/site\/2019\/01\/23\/com-estado-devendo-a-educacao-de-recreio-cerca-de-r-15-milhao-volta-as-aulas-deve-ser-adiada\/\"]}]},{\"@type\":\"Person\",\"@id\":\"https:\/\/www.polisrecreio.com.br\/site\/#\/schema\/person\/3363c1c78e1e28e1329d97adb387638e\",\"name\":\"Leonardo Ribeiro\",\"image\":{\"@type\":\"ImageObject\",\"@id\":\"https:\/\/www.polisrecreio.com.br\/site\/#personlogo\",\"inLanguage\":\"pt-BR\",\"url\":\"https:\/\/secure.gravatar.com\/avatar\/6ba92a37d621e1a83e23710251178a12?s=96&d=mm&r=g\",\"caption\":\"Leonardo Ribeiro\"},\"sameAs\":[\"http:\/\/www.polisrecreio.com.br\"]}]}<\/script>\n<!-- \/ Yoast SEO plugin. -->","_links":{"self":[{"href":"https:\/\/www.polisrecreio.com.br\/site\/wp-json\/wp\/v2\/posts\/12745"}],"collection":[{"href":"https:\/\/www.polisrecreio.com.br\/site\/wp-json\/wp\/v2\/posts"}],"about":[{"href":"https:\/\/www.polisrecreio.com.br\/site\/wp-json\/wp\/v2\/types\/post"}],"author":[{"embeddable":true,"href":"https:\/\/www.polisrecreio.com.br\/site\/wp-json\/wp\/v2\/users\/3"}],"replies":[{"embeddable":true,"href":"https:\/\/www.polisrecreio.com.br\/site\/wp-json\/wp\/v2\/comments?post=12745"}],"version-history":[{"count":4,"href":"https:\/\/www.polisrecreio.com.br\/site\/wp-json\/wp\/v2\/posts\/12745\/revisions"}],"predecessor-version":[{"id":12749,"href":"https:\/\/www.polisrecreio.com.br\/site\/wp-json\/wp\/v2\/posts\/12745\/revisions\/12749"}],"wp:featuredmedia":[{"embeddable":true,"href":"https:\/\/www.polisrecreio.com.br\/site\/wp-json\/wp\/v2\/media\/12363"}],"wp:attachment":[{"href":"https:\/\/www.polisrecreio.com.br\/site\/wp-json\/wp\/v2\/media?parent=12745"}],"wp:term":[{"taxonomy":"category","embeddable":true,"href":"https:\/\/www.polisrecreio.com.br\/site\/wp-json\/wp\/v2\/categories?post=12745"},{"taxonomy":"post_tag","embeddable":true,"href":"https:\/\/www.polisrecreio.com.br\/site\/wp-json\/wp\/v2\/tags?post=12745"}],"curies":[{"name":"wp","href":"https:\/\/api.w.org\/{rel}","templated":true}]}}