{"id":12784,"date":"2019-01-28T21:24:45","date_gmt":"2019-01-29T00:24:45","guid":{"rendered":"http:\/\/www.polisrecreio.com.br\/site\/?p=12784"},"modified":"2019-01-28T21:24:45","modified_gmt":"2019-01-29T00:24:45","slug":"servidores-de-mg-receberao-13o-salario-de-11-vezes","status":"publish","type":"post","link":"https:\/\/www.polisrecreio.com.br\/site\/2019\/01\/28\/servidores-de-mg-receberao-13o-salario-de-11-vezes\/","title":{"rendered":"Servidores de MG receber\u00e3o 13\u00ba sal\u00e1rio de 11 vezes"},"content":{"rendered":"<p style=\"text-align: justify;\">Os servidores do estado de Minas Gerais receber\u00e3o a gratifica\u00e7\u00e3o natalina \u2013 13\u00ba sal\u00e1rio \u2013, que deveria ter sido pago ao final de 2018 de 11 vezes \u2013 fevereiro at\u00e9 dezembro \u2013, conforme an\u00fancio feito pelo governador Romeu Zema (NOVO) nesta segunda-feira (28).<\/p>\n<p><!--more--><\/p>\n<p><a href=\"http:\/\/www.polisrecreio.com.br\/site\/wp-content\/uploads\/2019\/01\/CN297.jpg\"><img loading=\"lazy\" class=\"aligncenter size-full wp-image-12577\" src=\"http:\/\/www.polisrecreio.com.br\/site\/wp-content\/uploads\/2019\/01\/CN297.jpg\" alt=\"\" width=\"750\" height=\"499\" srcset=\"https:\/\/www.polisrecreio.com.br\/site\/wp-content\/uploads\/2019\/01\/CN297.jpg 750w, https:\/\/www.polisrecreio.com.br\/site\/wp-content\/uploads\/2019\/01\/CN297-300x200.jpg 300w\" sizes=\"(max-width: 750px) 100vw, 750px\" \/><\/a><\/p>\n<p style=\"text-align: justify;\">A primeira das 11 parcelas ser\u00e1 depositada em fevereiro. Os dep\u00f3sitos ser\u00e3o feitos sempre no primeiro dia \u00fatil ap\u00f3s o dia 20 de cada m\u00eas.<\/p>\n<p style=\"text-align: justify;\">Ao todo, 371.786 servidores ativos ser\u00e3o afetados pela medida, al\u00e9m de 256.081 inativos e 52 mil pensionistas. Totalizando 679.867 servidores.<\/p>\n","protected":false},"excerpt":{"rendered":"<p>Os servidores do estado de Minas Gerais receber\u00e3o a gratifica\u00e7\u00e3o natalina \u2013 13\u00ba sal\u00e1rio \u2013, que deveria ter sido pago ao final de 2018 de 11 vezes \u2013 fevereiro at\u00e9 dezembro \u2013, conforme an\u00fancio feito pelo governador Romeu Zema (NOVO) nesta segunda-feira (28).<\/p>\n","protected":false},"author":3,"featured_media":12577,"comment_status":"open","ping_status":"open","sticky":false,"template":"","format":"standard","meta":[],"categories":[5],"tags":[],"yoast_head":"<!-- This site is optimized with the Yoast SEO plugin v15.6.2 - https:\/\/yoast.com\/wordpress\/plugins\/seo\/ -->\n<meta name=\"robots\" content=\"index, follow, max-snippet:-1, max-image-preview:large, max-video-preview:-1\" \/>\n<link rel=\"canonical\" href=\"https:\/\/www.polisrecreio.com.br\/site\/2019\/01\/28\/servidores-de-mg-receberao-13o-salario-de-11-vezes\/\" \/>\n<meta property=\"og:locale\" content=\"pt_BR\" \/>\n<meta property=\"og:type\" content=\"article\" \/>\n<meta property=\"og:title\" content=\"Servidores de MG receber\u00e3o 13\u00ba sal\u00e1rio de 11 vezes - P\u00f3lis Recreio\" \/>\n<meta property=\"og:description\" content=\"Os servidores do estado de Minas Gerais receber\u00e3o a gratifica\u00e7\u00e3o natalina \u2013 13\u00ba sal\u00e1rio \u2013, que deveria ter sido pago ao final de 2018 de 11 vezes \u2013 fevereiro at\u00e9 dezembro \u2013, conforme an\u00fancio feito pelo governador Romeu Zema (NOVO) nesta segunda-feira (28).\" \/>\n<meta property=\"og:url\" content=\"https:\/\/www.polisrecreio.com.br\/site\/2019\/01\/28\/servidores-de-mg-receberao-13o-salario-de-11-vezes\/\" \/>\n<meta property=\"og:site_name\" content=\"P\u00f3lis Recreio\" \/>\n<meta property=\"article:publisher\" content=\"https:\/\/www.facebook.com\/Site-P%c3%b3lis-Recreio-MG-181941708571019\/\" \/>\n<meta property=\"article:published_time\" content=\"2019-01-29T00:24:45+00:00\" \/>\n<meta property=\"og:image\" content=\"https:\/\/www.polisrecreio.com.br\/site\/wp-content\/uploads\/2019\/01\/CN297.jpg\" \/>\n\t<meta property=\"og:image:width\" content=\"750\" \/>\n\t<meta property=\"og:image:height\" content=\"499\" \/>\n<meta name=\"twitter:card\" content=\"summary_large_image\" \/>\n<meta name=\"twitter:creator\" content=\"@PolisRecreio\" \/>\n<meta name=\"twitter:site\" content=\"@PolisRecreio\" \/>\n<script type=\"application\/ld+json\" class=\"yoast-schema-graph\">{\"@context\":\"https:\/\/schema.org\",\"@graph\":[{\"@type\":\"WebSite\",\"@id\":\"https:\/\/www.polisrecreio.com.br\/site\/#website\",\"url\":\"https:\/\/www.polisrecreio.com.br\/site\/\",\"name\":\"P\\u00f3lis Recreio\",\"description\":\"\",\"potentialAction\":[{\"@type\":\"SearchAction\",\"target\":\"https:\/\/www.polisrecreio.com.br\/site\/?s={search_term_string}\",\"query-input\":\"required name=search_term_string\"}],\"inLanguage\":\"pt-BR\"},{\"@type\":\"ImageObject\",\"@id\":\"https:\/\/www.polisrecreio.com.br\/site\/2019\/01\/28\/servidores-de-mg-receberao-13o-salario-de-11-vezes\/#primaryimage\",\"inLanguage\":\"pt-BR\",\"url\":\"https:\/\/www.polisrecreio.com.br\/site\/wp-content\/uploads\/2019\/01\/CN297.jpg\",\"width\":750,\"height\":499},{\"@type\":\"WebPage\",\"@id\":\"https:\/\/www.polisrecreio.com.br\/site\/2019\/01\/28\/servidores-de-mg-receberao-13o-salario-de-11-vezes\/#webpage\",\"url\":\"https:\/\/www.polisrecreio.com.br\/site\/2019\/01\/28\/servidores-de-mg-receberao-13o-salario-de-11-vezes\/\",\"name\":\"Servidores de MG receber\\u00e3o 13\\u00ba sal\\u00e1rio de 11 vezes - P\\u00f3lis Recreio\",\"isPartOf\":{\"@id\":\"https:\/\/www.polisrecreio.com.br\/site\/#website\"},\"primaryImageOfPage\":{\"@id\":\"https:\/\/www.polisrecreio.com.br\/site\/2019\/01\/28\/servidores-de-mg-receberao-13o-salario-de-11-vezes\/#primaryimage\"},\"datePublished\":\"2019-01-29T00:24:45+00:00\",\"dateModified\":\"2019-01-29T00:24:45+00:00\",\"author\":{\"@id\":\"https:\/\/www.polisrecreio.com.br\/site\/#\/schema\/person\/3363c1c78e1e28e1329d97adb387638e\"},\"inLanguage\":\"pt-BR\",\"potentialAction\":[{\"@type\":\"ReadAction\",\"target\":[\"https:\/\/www.polisrecreio.com.br\/site\/2019\/01\/28\/servidores-de-mg-receberao-13o-salario-de-11-vezes\/\"]}]},{\"@type\":\"Person\",\"@id\":\"https:\/\/www.polisrecreio.com.br\/site\/#\/schema\/person\/3363c1c78e1e28e1329d97adb387638e\",\"name\":\"Leonardo Ribeiro\",\"image\":{\"@type\":\"ImageObject\",\"@id\":\"https:\/\/www.polisrecreio.com.br\/site\/#personlogo\",\"inLanguage\":\"pt-BR\",\"url\":\"https:\/\/secure.gravatar.com\/avatar\/6ba92a37d621e1a83e23710251178a12?s=96&d=mm&r=g\",\"caption\":\"Leonardo Ribeiro\"},\"sameAs\":[\"http:\/\/www.polisrecreio.com.br\"]}]}<\/script>\n<!-- \/ Yoast SEO plugin. -->","_links":{"self":[{"href":"https:\/\/www.polisrecreio.com.br\/site\/wp-json\/wp\/v2\/posts\/12784"}],"collection":[{"href":"https:\/\/www.polisrecreio.com.br\/site\/wp-json\/wp\/v2\/posts"}],"about":[{"href":"https:\/\/www.polisrecreio.com.br\/site\/wp-json\/wp\/v2\/types\/post"}],"author":[{"embeddable":true,"href":"https:\/\/www.polisrecreio.com.br\/site\/wp-json\/wp\/v2\/users\/3"}],"replies":[{"embeddable":true,"href":"https:\/\/www.polisrecreio.com.br\/site\/wp-json\/wp\/v2\/comments?post=12784"}],"version-history":[{"count":2,"href":"https:\/\/www.polisrecreio.com.br\/site\/wp-json\/wp\/v2\/posts\/12784\/revisions"}],"predecessor-version":[{"id":12786,"href":"https:\/\/www.polisrecreio.com.br\/site\/wp-json\/wp\/v2\/posts\/12784\/revisions\/12786"}],"wp:featuredmedia":[{"embeddable":true,"href":"https:\/\/www.polisrecreio.com.br\/site\/wp-json\/wp\/v2\/media\/12577"}],"wp:attachment":[{"href":"https:\/\/www.polisrecreio.com.br\/site\/wp-json\/wp\/v2\/media?parent=12784"}],"wp:term":[{"taxonomy":"category","embeddable":true,"href":"https:\/\/www.polisrecreio.com.br\/site\/wp-json\/wp\/v2\/categories?post=12784"},{"taxonomy":"post_tag","embeddable":true,"href":"https:\/\/www.polisrecreio.com.br\/site\/wp-json\/wp\/v2\/tags?post=12784"}],"curies":[{"name":"wp","href":"https:\/\/api.w.org\/{rel}","templated":true}]}}