{"id":12839,"date":"2019-02-01T11:22:10","date_gmt":"2019-02-01T14:22:10","guid":{"rendered":"http:\/\/www.polisrecreio.com.br\/site\/?p=12839"},"modified":"2019-02-01T11:23:13","modified_gmt":"2019-02-01T14:23:13","slug":"paulo-santana-continua-a-frente-da-lec-ate-2023-e-divulga-calendario-esportivo-2019","status":"publish","type":"post","link":"https:\/\/www.polisrecreio.com.br\/site\/2019\/02\/01\/paulo-santana-continua-a-frente-da-lec-ate-2023-e-divulga-calendario-esportivo-2019\/","title":{"rendered":"Paulo Santana continua \u00e0 frente da LEC at\u00e9 2023 e divulga calend\u00e1rio esportivo 2019"},"content":{"rendered":"<p style=\"text-align: justify;\">O atual presidente da Liga Esportiva de Cataguases, Paulo S\u00e9rgio da Silva, mais conhecido como Paulo Santana, de 49 anos de idade, continua \u00e0 frente da LEC at\u00e9 2023. A elei\u00e7\u00e3o aconteceu em Cataguases na quinta-feira (31). Com exclusividade ao Site P\u00f3lis, o presidente divulgou o calend\u00e1rio esportivo 2019, com destaque para a maior competi\u00e7\u00e3o do futebol regional, a VII Copa dos Campe\u00f5es, que tem reuni\u00e3o marcada para dia 14 de mar\u00e7o. O atual campe\u00e3o da Copa \u00e9 o Ideal E.C.<\/p>\n<p><!--more--><\/p>\n<figure id=\"attachment_12841\" aria-describedby=\"caption-attachment-12841\" style=\"width: 750px\" class=\"wp-caption aligncenter\"><a href=\"http:\/\/www.polisrecreio.com.br\/site\/wp-content\/uploads\/2019\/02\/DSC_0340.jpg\"><img loading=\"lazy\" class=\"size-full wp-image-12841\" src=\"http:\/\/www.polisrecreio.com.br\/site\/wp-content\/uploads\/2019\/02\/DSC_0340.jpg\" alt=\"\" width=\"750\" height=\"500\" srcset=\"https:\/\/www.polisrecreio.com.br\/site\/wp-content\/uploads\/2019\/02\/DSC_0340.jpg 750w, https:\/\/www.polisrecreio.com.br\/site\/wp-content\/uploads\/2019\/02\/DSC_0340-300x200.jpg 300w\" sizes=\"(max-width: 750px) 100vw, 750px\" \/><\/a><figcaption id=\"caption-attachment-12841\" class=\"wp-caption-text\">Paulo Santana. Foto: Arquivo.<\/figcaption><\/figure>\n<p>Veja como ficou a dire\u00e7\u00e3o 2019\/2023:<\/p>\n<ul>\n<li>Presidente \u2013 Paulo S\u00e9rgio da Silva;<\/li>\n<li>Vice-Presidente \u2013 Altair Luiz de Oliveira;<\/li>\n<li>Conselho Fiscal Efetivos \u2013 Miguel Angelo da Silva, Heloizio Jorge Vieira e Rozevel Batista dos Santos;<\/li>\n<li>Conselho Fiscal Suplentes \u2013 Alexsandro Eduardo Ribeiro, Fernando Amor e Sebasti\u00e3o Elias Gon\u00e7alves Lima;<\/li>\n<li>Diretor T\u00e9cnico \u2013 Jorge Luiz Abrita;<\/li>\n<li>Tesoureiro 1 \u2013 Claudinei de Souza Xavier;<\/li>\n<li>Tesoureiro 2 \u2013 Davi Lima de Freitas;<\/li>\n<li>Diretor de Patrim\u00f4nio \u2013 Rita Clemente de Jesus;<\/li>\n<li>1\u00ba Secret\u00e1rio \u2013 Welcimar Silva Brum.<\/li>\n<\/ul>\n<figure id=\"attachment_12840\" aria-describedby=\"caption-attachment-12840\" style=\"width: 451px\" class=\"wp-caption alignleft\"><a href=\"http:\/\/www.polisrecreio.com.br\/site\/wp-content\/uploads\/2019\/02\/bb96ca4b-47a4-440c-b3b1-7d75ee3408a7.jpg\"><img loading=\"lazy\" class=\"wp-image-12840 size-full\" src=\"http:\/\/www.polisrecreio.com.br\/site\/wp-content\/uploads\/2019\/02\/bb96ca4b-47a4-440c-b3b1-7d75ee3408a7.jpg\" alt=\"\" width=\"451\" height=\"335\" srcset=\"https:\/\/www.polisrecreio.com.br\/site\/wp-content\/uploads\/2019\/02\/bb96ca4b-47a4-440c-b3b1-7d75ee3408a7.jpg 451w, https:\/\/www.polisrecreio.com.br\/site\/wp-content\/uploads\/2019\/02\/bb96ca4b-47a4-440c-b3b1-7d75ee3408a7-300x223.jpg 300w\" sizes=\"(max-width: 451px) 100vw, 451px\" \/><\/a><figcaption id=\"caption-attachment-12840\" class=\"wp-caption-text\">Vice-presidente e Presidente.<\/figcaption><\/figure>\n<p style=\"text-align: justify;\">Participaram da elei\u00e7\u00e3o os representantes dos seguintes clubes filiados: Ideal (Recreio), Oper\u00e1rio (Cataguases), Flamengo (Cataguases), Tocantinense (Tocantins), Democrata (Santana de Cataguases), Esperan\u00e7a (Santana de Cataguases), Uni\u00e3o dos Palmares (Sereno \u2013 Cataguases), Tupi (Itamarati de Minas), Olaria (Itamarati de Minas) e Vila Leonardo (Cataguases).<\/p>\n<p style=\"text-align: justify;\">Com o novo mandato, Paulo Santana, chega ao seu quarto consecutivo. Ele est\u00e1 na presid\u00eancia desde 2007.<\/p>\n<p><strong>Calend\u00e1rio esportivo 2019 da LEC<\/strong><\/p>\n<p>1\u00ba semestre<\/p>\n<p>Fevereiro<\/p>\n<ul>\n<li>Campeonato Regional categoria sub-13 e sub-15<\/li>\n<\/ul>\n<p>Reuni\u00e3o: 7 de fevereiro \u2013 19:30h;<\/p>\n<p>Mar\u00e7o<\/p>\n<ul>\n<li>VII Copa dos Campe\u00f5es categoria adulto<\/li>\n<\/ul>\n<p>Reuni\u00e3o: 14 de mar\u00e7o \u2013 19:30h;<\/p>\n<ul>\n<li>II Copa categoria sub-11<\/li>\n<\/ul>\n<p>Reuni\u00e3o: 8 de maio \u2013 19:30h;<\/p>\n<p>2\u00ba semestre<\/p>\n<ul>\n<li>Campeonato Regional categoria sub-17<\/li>\n<\/ul>\n<p>Reuni\u00e3o: dia e hor\u00e1rio a ser definido;<\/p>\n<ul>\n<li>Campeonato Oficial Amador categoria adulto<\/li>\n<\/ul>\n<p>Reuni\u00e3o: dia e hor\u00e1rio a ser definido.<\/p>\n<p style=\"text-align: justify;\">Al\u00e9m destas competi\u00e7\u00f5es a Liga Esportiva de Cataguases apoia os campeonatos municipais de Dona Euz\u00e9bia, Merc\u00eas, Santana de Cataguases e Laranjal.<\/p>\n","protected":false},"excerpt":{"rendered":"<p>O atual presidente da Liga Esportiva de Cataguases, Paulo S\u00e9rgio da Silva, mais conhecido como Paulo Santana, de 49 anos de idade, continua \u00e0 frente da LEC at\u00e9 2023. A elei\u00e7\u00e3o aconteceu em Cataguases na quinta-feira (31). Com exclusividade ao Site P\u00f3lis, o presidente divulgou o calend\u00e1rio esportivo 2019, com destaque para a maior competi\u00e7\u00e3o [&hellip;]<\/p>\n","protected":false},"author":3,"featured_media":12841,"comment_status":"open","ping_status":"open","sticky":false,"template":"","format":"standard","meta":[],"categories":[4],"tags":[],"yoast_head":"<!-- This site is optimized with the Yoast SEO plugin v15.6.2 - https:\/\/yoast.com\/wordpress\/plugins\/seo\/ -->\n<meta name=\"robots\" content=\"index, follow, max-snippet:-1, max-image-preview:large, max-video-preview:-1\" \/>\n<link rel=\"canonical\" href=\"https:\/\/www.polisrecreio.com.br\/site\/2019\/02\/01\/paulo-santana-continua-a-frente-da-lec-ate-2023-e-divulga-calendario-esportivo-2019\/\" \/>\n<meta property=\"og:locale\" content=\"pt_BR\" \/>\n<meta property=\"og:type\" content=\"article\" \/>\n<meta property=\"og:title\" content=\"Paulo Santana continua \u00e0 frente da LEC at\u00e9 2023 e divulga calend\u00e1rio esportivo 2019 - P\u00f3lis Recreio\" \/>\n<meta property=\"og:description\" content=\"O atual presidente da Liga Esportiva de Cataguases, Paulo S\u00e9rgio da Silva, mais conhecido como Paulo Santana, de 49 anos de idade, continua \u00e0 frente da LEC at\u00e9 2023. A elei\u00e7\u00e3o aconteceu em Cataguases na quinta-feira (31). Com exclusividade ao Site P\u00f3lis, o presidente divulgou o calend\u00e1rio esportivo 2019, com destaque para a maior competi\u00e7\u00e3o [&hellip;]\" \/>\n<meta property=\"og:url\" content=\"https:\/\/www.polisrecreio.com.br\/site\/2019\/02\/01\/paulo-santana-continua-a-frente-da-lec-ate-2023-e-divulga-calendario-esportivo-2019\/\" \/>\n<meta property=\"og:site_name\" content=\"P\u00f3lis Recreio\" \/>\n<meta property=\"article:publisher\" content=\"https:\/\/www.facebook.com\/Site-P%c3%b3lis-Recreio-MG-181941708571019\/\" \/>\n<meta property=\"article:published_time\" content=\"2019-02-01T14:22:10+00:00\" \/>\n<meta property=\"article:modified_time\" content=\"2019-02-01T14:23:13+00:00\" \/>\n<meta property=\"og:image\" content=\"https:\/\/www.polisrecreio.com.br\/site\/wp-content\/uploads\/2019\/02\/DSC_0340.jpg\" \/>\n\t<meta property=\"og:image:width\" content=\"750\" \/>\n\t<meta property=\"og:image:height\" content=\"500\" \/>\n<meta name=\"twitter:card\" content=\"summary_large_image\" \/>\n<meta name=\"twitter:creator\" content=\"@PolisRecreio\" \/>\n<meta name=\"twitter:site\" content=\"@PolisRecreio\" \/>\n<meta name=\"twitter:label1\" content=\"Est. reading time\">\n\t<meta name=\"twitter:data1\" content=\"2 minutos\">\n<script type=\"application\/ld+json\" class=\"yoast-schema-graph\">{\"@context\":\"https:\/\/schema.org\",\"@graph\":[{\"@type\":\"WebSite\",\"@id\":\"https:\/\/www.polisrecreio.com.br\/site\/#website\",\"url\":\"https:\/\/www.polisrecreio.com.br\/site\/\",\"name\":\"P\\u00f3lis Recreio\",\"description\":\"\",\"potentialAction\":[{\"@type\":\"SearchAction\",\"target\":\"https:\/\/www.polisrecreio.com.br\/site\/?s={search_term_string}\",\"query-input\":\"required name=search_term_string\"}],\"inLanguage\":\"pt-BR\"},{\"@type\":\"ImageObject\",\"@id\":\"https:\/\/www.polisrecreio.com.br\/site\/2019\/02\/01\/paulo-santana-continua-a-frente-da-lec-ate-2023-e-divulga-calendario-esportivo-2019\/#primaryimage\",\"inLanguage\":\"pt-BR\",\"url\":\"https:\/\/www.polisrecreio.com.br\/site\/wp-content\/uploads\/2019\/02\/DSC_0340.jpg\",\"width\":750,\"height\":500,\"caption\":\"Paulo Santana. Foto: Arquivo.\"},{\"@type\":\"WebPage\",\"@id\":\"https:\/\/www.polisrecreio.com.br\/site\/2019\/02\/01\/paulo-santana-continua-a-frente-da-lec-ate-2023-e-divulga-calendario-esportivo-2019\/#webpage\",\"url\":\"https:\/\/www.polisrecreio.com.br\/site\/2019\/02\/01\/paulo-santana-continua-a-frente-da-lec-ate-2023-e-divulga-calendario-esportivo-2019\/\",\"name\":\"Paulo Santana continua \\u00e0 frente da LEC at\\u00e9 2023 e divulga calend\\u00e1rio esportivo 2019 - P\\u00f3lis Recreio\",\"isPartOf\":{\"@id\":\"https:\/\/www.polisrecreio.com.br\/site\/#website\"},\"primaryImageOfPage\":{\"@id\":\"https:\/\/www.polisrecreio.com.br\/site\/2019\/02\/01\/paulo-santana-continua-a-frente-da-lec-ate-2023-e-divulga-calendario-esportivo-2019\/#primaryimage\"},\"datePublished\":\"2019-02-01T14:22:10+00:00\",\"dateModified\":\"2019-02-01T14:23:13+00:00\",\"author\":{\"@id\":\"https:\/\/www.polisrecreio.com.br\/site\/#\/schema\/person\/3363c1c78e1e28e1329d97adb387638e\"},\"inLanguage\":\"pt-BR\",\"potentialAction\":[{\"@type\":\"ReadAction\",\"target\":[\"https:\/\/www.polisrecreio.com.br\/site\/2019\/02\/01\/paulo-santana-continua-a-frente-da-lec-ate-2023-e-divulga-calendario-esportivo-2019\/\"]}]},{\"@type\":\"Person\",\"@id\":\"https:\/\/www.polisrecreio.com.br\/site\/#\/schema\/person\/3363c1c78e1e28e1329d97adb387638e\",\"name\":\"Leonardo Ribeiro\",\"image\":{\"@type\":\"ImageObject\",\"@id\":\"https:\/\/www.polisrecreio.com.br\/site\/#personlogo\",\"inLanguage\":\"pt-BR\",\"url\":\"https:\/\/secure.gravatar.com\/avatar\/6ba92a37d621e1a83e23710251178a12?s=96&d=mm&r=g\",\"caption\":\"Leonardo Ribeiro\"},\"sameAs\":[\"http:\/\/www.polisrecreio.com.br\"]}]}<\/script>\n<!-- \/ Yoast SEO plugin. -->","_links":{"self":[{"href":"https:\/\/www.polisrecreio.com.br\/site\/wp-json\/wp\/v2\/posts\/12839"}],"collection":[{"href":"https:\/\/www.polisrecreio.com.br\/site\/wp-json\/wp\/v2\/posts"}],"about":[{"href":"https:\/\/www.polisrecreio.com.br\/site\/wp-json\/wp\/v2\/types\/post"}],"author":[{"embeddable":true,"href":"https:\/\/www.polisrecreio.com.br\/site\/wp-json\/wp\/v2\/users\/3"}],"replies":[{"embeddable":true,"href":"https:\/\/www.polisrecreio.com.br\/site\/wp-json\/wp\/v2\/comments?post=12839"}],"version-history":[{"count":2,"href":"https:\/\/www.polisrecreio.com.br\/site\/wp-json\/wp\/v2\/posts\/12839\/revisions"}],"predecessor-version":[{"id":12843,"href":"https:\/\/www.polisrecreio.com.br\/site\/wp-json\/wp\/v2\/posts\/12839\/revisions\/12843"}],"wp:featuredmedia":[{"embeddable":true,"href":"https:\/\/www.polisrecreio.com.br\/site\/wp-json\/wp\/v2\/media\/12841"}],"wp:attachment":[{"href":"https:\/\/www.polisrecreio.com.br\/site\/wp-json\/wp\/v2\/media?parent=12839"}],"wp:term":[{"taxonomy":"category","embeddable":true,"href":"https:\/\/www.polisrecreio.com.br\/site\/wp-json\/wp\/v2\/categories?post=12839"},{"taxonomy":"post_tag","embeddable":true,"href":"https:\/\/www.polisrecreio.com.br\/site\/wp-json\/wp\/v2\/tags?post=12839"}],"curies":[{"name":"wp","href":"https:\/\/api.w.org\/{rel}","templated":true}]}}