{"id":12844,"date":"2019-02-01T15:23:42","date_gmt":"2019-02-01T18:23:42","guid":{"rendered":"http:\/\/www.polisrecreio.com.br\/site\/?p=12844"},"modified":"2019-02-01T15:23:42","modified_gmt":"2019-02-01T18:23:42","slug":"praca-dos-ferroviarios-volta-a-ter-canteiros-floridos","status":"publish","type":"post","link":"https:\/\/www.polisrecreio.com.br\/site\/2019\/02\/01\/praca-dos-ferroviarios-volta-a-ter-canteiros-floridos\/","title":{"rendered":"Pra\u00e7a dos Ferrovi\u00e1rios volta a ter canteiros floridos"},"content":{"rendered":"<p style=\"text-align: justify;\">H\u00e1 anos a principal pra\u00e7a de Recreio, a Pra\u00e7a dos Ferrovi\u00e1rios, estava com sua parte de jardinagem totalmente abandonada. Mas, nos \u00faltimos dias o desejo de uma servidora municipal de ver a pra\u00e7a novamente florida vem mudando o visual dos canteiros. Pelas m\u00e3os de Rozeli Salustiano da Rocha e com diversas doa\u00e7\u00f5es v\u00e1rias esp\u00e9cies de flores j\u00e1 foram plantadas.<\/p>\n<p><!--more--><\/p>\n<figure id=\"attachment_12846\" aria-describedby=\"caption-attachment-12846\" style=\"width: 750px\" class=\"wp-caption aligncenter\"><a href=\"http:\/\/www.polisrecreio.com.br\/site\/wp-content\/uploads\/2019\/02\/DSC_0009.jpg\"><img loading=\"lazy\" class=\"size-full wp-image-12846\" src=\"http:\/\/www.polisrecreio.com.br\/site\/wp-content\/uploads\/2019\/02\/DSC_0009.jpg\" alt=\"\" width=\"750\" height=\"500\" srcset=\"https:\/\/www.polisrecreio.com.br\/site\/wp-content\/uploads\/2019\/02\/DSC_0009.jpg 750w, https:\/\/www.polisrecreio.com.br\/site\/wp-content\/uploads\/2019\/02\/DSC_0009-300x200.jpg 300w\" sizes=\"(max-width: 750px) 100vw, 750px\" \/><\/a><figcaption id=\"caption-attachment-12846\" class=\"wp-caption-text\">Rozeli plantando flores.<\/figcaption><\/figure>\n<p style=\"text-align: justify;\">Segundo Rozeli, que \u00e9 funcion\u00e1ria de carreira da Secretaria Municipal de Desenvolvimento Urbano, ver os canteiros secos e sem nenhuma flor a deixou um pouco constrangida. Ela ent\u00e3o resolveu iniciar o plantio com mudas da sua casa, a partir v\u00e1rias pessoas come\u00e7aram a doar flores e a secret\u00e1ria de Administra\u00e7\u00e3o, Daniela Cardozo, ajudou com o esterco (adubo). As semanas foram passando e outras doa\u00e7\u00f5es come\u00e7aram a chegar e hoje os canteiros est\u00e3o quase todos plantados com diferentes esp\u00e9cies. Atrav\u00e9s do secret\u00e1rio de Desenvolvimento Urbano, \u00c9der Costa, ela conseguiu arame e moer\u00e3o para cercar as \u00e1reas e a ajuda dos funcion\u00e1rios do setor, Delso e Dim.<\/p>\n<p style=\"text-align: justify;\">Apesar da falta de reparos estruturais na Pra\u00e7a, os jardins floridos come\u00e7am a dar um outro visual ao local. Sobre a possibilidade de revitaliza\u00e7\u00e3o, o prefeito Jos\u00e9 Maria Barros disse que desde 2017 tenta pleitear recursos estadual ou federal para a obra, mas que at\u00e9 o momento n\u00e3o houve \u00eaxito.<\/p>\n<p style=\"text-align: justify;\">A servidora Rozeli pede para a popula\u00e7\u00e3o ajudar na manuten\u00e7\u00e3o dos jardins e que se caso algu\u00e9m veja algum ato de vandalismo que acione a Pol\u00edcia Militar imediatamente. \u201cGostaria de agradecer a todos que est\u00e3o ajudando. Quem quiser doar qualquer tipo de flor pode trazer na Pra\u00e7a dos Ferrovi\u00e1rios, no hor\u00e1rio de 7h \u00e0s 13h\u201d, disse.<\/p>\n<figure id=\"attachment_12848\" aria-describedby=\"caption-attachment-12848\" style=\"width: 750px\" class=\"wp-caption aligncenter\"><a href=\"http:\/\/www.polisrecreio.com.br\/site\/wp-content\/uploads\/2019\/02\/DSC_0011.jpg\"><img loading=\"lazy\" class=\"size-full wp-image-12848\" src=\"http:\/\/www.polisrecreio.com.br\/site\/wp-content\/uploads\/2019\/02\/DSC_0011.jpg\" alt=\"\" width=\"750\" height=\"500\" srcset=\"https:\/\/www.polisrecreio.com.br\/site\/wp-content\/uploads\/2019\/02\/DSC_0011.jpg 750w, https:\/\/www.polisrecreio.com.br\/site\/wp-content\/uploads\/2019\/02\/DSC_0011-300x200.jpg 300w\" sizes=\"(max-width: 750px) 100vw, 750px\" \/><\/a><figcaption id=\"caption-attachment-12848\" class=\"wp-caption-text\">Jardins floridos.<\/figcaption><\/figure>\n<figure id=\"attachment_12845\" aria-describedby=\"caption-attachment-12845\" style=\"width: 750px\" class=\"wp-caption aligncenter\"><a href=\"http:\/\/www.polisrecreio.com.br\/site\/wp-content\/uploads\/2019\/02\/DSC_0007.jpg\"><img loading=\"lazy\" class=\"size-full wp-image-12845\" src=\"http:\/\/www.polisrecreio.com.br\/site\/wp-content\/uploads\/2019\/02\/DSC_0007.jpg\" alt=\"\" width=\"750\" height=\"500\" srcset=\"https:\/\/www.polisrecreio.com.br\/site\/wp-content\/uploads\/2019\/02\/DSC_0007.jpg 750w, https:\/\/www.polisrecreio.com.br\/site\/wp-content\/uploads\/2019\/02\/DSC_0007-300x200.jpg 300w\" sizes=\"(max-width: 750px) 100vw, 750px\" \/><\/a><figcaption id=\"caption-attachment-12845\" class=\"wp-caption-text\">Funcion\u00e1rio, Dim, ajudando no plantio.<\/figcaption><\/figure>\n<figure id=\"attachment_12849\" aria-describedby=\"caption-attachment-12849\" style=\"width: 750px\" class=\"wp-caption aligncenter\"><a href=\"http:\/\/www.polisrecreio.com.br\/site\/wp-content\/uploads\/2019\/02\/DSC_0012.jpg\"><img loading=\"lazy\" class=\"size-full wp-image-12849\" src=\"http:\/\/www.polisrecreio.com.br\/site\/wp-content\/uploads\/2019\/02\/DSC_0012.jpg\" alt=\"\" width=\"750\" height=\"500\" srcset=\"https:\/\/www.polisrecreio.com.br\/site\/wp-content\/uploads\/2019\/02\/DSC_0012.jpg 750w, https:\/\/www.polisrecreio.com.br\/site\/wp-content\/uploads\/2019\/02\/DSC_0012-300x200.jpg 300w\" sizes=\"(max-width: 750px) 100vw, 750px\" \/><\/a><figcaption id=\"caption-attachment-12849\" class=\"wp-caption-text\">Funcion\u00e1rio, Delso, ajudando na irriga\u00e7\u00e3o.<\/figcaption><\/figure>\n<figure id=\"attachment_12847\" aria-describedby=\"caption-attachment-12847\" style=\"width: 750px\" class=\"wp-caption aligncenter\"><a href=\"http:\/\/www.polisrecreio.com.br\/site\/wp-content\/uploads\/2019\/02\/DSC_0010.jpg\"><img loading=\"lazy\" class=\"size-full wp-image-12847\" src=\"http:\/\/www.polisrecreio.com.br\/site\/wp-content\/uploads\/2019\/02\/DSC_0010.jpg\" alt=\"\" width=\"750\" height=\"500\" srcset=\"https:\/\/www.polisrecreio.com.br\/site\/wp-content\/uploads\/2019\/02\/DSC_0010.jpg 750w, https:\/\/www.polisrecreio.com.br\/site\/wp-content\/uploads\/2019\/02\/DSC_0010-300x200.jpg 300w\" sizes=\"(max-width: 750px) 100vw, 750px\" \/><\/a><figcaption id=\"caption-attachment-12847\" class=\"wp-caption-text\">\u00c1rvore de Pau-Brasil na Pra\u00e7a.<\/figcaption><\/figure>\n","protected":false},"excerpt":{"rendered":"<p>H\u00e1 anos a principal pra\u00e7a de Recreio, a Pra\u00e7a dos Ferrovi\u00e1rios, estava com sua parte de jardinagem totalmente abandonada. Mas, nos \u00faltimos dias o desejo de uma servidora municipal de ver a pra\u00e7a novamente florida vem mudando o visual dos canteiros. Pelas m\u00e3os de Rozeli Salustiano da Rocha e com diversas doa\u00e7\u00f5es v\u00e1rias esp\u00e9cies de [&hellip;]<\/p>\n","protected":false},"author":3,"featured_media":12846,"comment_status":"open","ping_status":"open","sticky":false,"template":"","format":"standard","meta":[],"categories":[6],"tags":[],"yoast_head":"<!-- This site is optimized with the Yoast SEO plugin v15.6.2 - https:\/\/yoast.com\/wordpress\/plugins\/seo\/ -->\n<meta name=\"robots\" content=\"index, follow, max-snippet:-1, max-image-preview:large, max-video-preview:-1\" \/>\n<link rel=\"canonical\" href=\"http:\/\/www.polisrecreio.com.br\/site\/2019\/02\/01\/praca-dos-ferroviarios-volta-a-ter-canteiros-floridos\/\" \/>\n<meta property=\"og:locale\" content=\"pt_BR\" \/>\n<meta property=\"og:type\" content=\"article\" \/>\n<meta property=\"og:title\" content=\"Pra\u00e7a dos Ferrovi\u00e1rios volta a ter canteiros floridos - P\u00f3lis Recreio\" \/>\n<meta property=\"og:description\" content=\"H\u00e1 anos a principal pra\u00e7a de Recreio, a Pra\u00e7a dos Ferrovi\u00e1rios, estava com sua parte de jardinagem totalmente abandonada. Mas, nos \u00faltimos dias o desejo de uma servidora municipal de ver a pra\u00e7a novamente florida vem mudando o visual dos canteiros. Pelas m\u00e3os de Rozeli Salustiano da Rocha e com diversas doa\u00e7\u00f5es v\u00e1rias esp\u00e9cies de [&hellip;]\" \/>\n<meta property=\"og:url\" content=\"http:\/\/www.polisrecreio.com.br\/site\/2019\/02\/01\/praca-dos-ferroviarios-volta-a-ter-canteiros-floridos\/\" \/>\n<meta property=\"og:site_name\" content=\"P\u00f3lis Recreio\" \/>\n<meta property=\"article:publisher\" content=\"https:\/\/www.facebook.com\/Site-P%c3%b3lis-Recreio-MG-181941708571019\/\" \/>\n<meta property=\"article:published_time\" content=\"2019-02-01T18:23:42+00:00\" \/>\n<meta property=\"og:image\" content=\"https:\/\/www.polisrecreio.com.br\/site\/wp-content\/uploads\/2019\/02\/DSC_0009.jpg\" \/>\n\t<meta property=\"og:image:width\" content=\"750\" \/>\n\t<meta property=\"og:image:height\" content=\"500\" \/>\n<meta name=\"twitter:card\" content=\"summary_large_image\" \/>\n<meta name=\"twitter:creator\" content=\"@PolisRecreio\" \/>\n<meta name=\"twitter:site\" content=\"@PolisRecreio\" \/>\n<meta name=\"twitter:label1\" content=\"Est. reading time\">\n\t<meta name=\"twitter:data1\" content=\"2 minutos\">\n<script type=\"application\/ld+json\" class=\"yoast-schema-graph\">{\"@context\":\"https:\/\/schema.org\",\"@graph\":[{\"@type\":\"WebSite\",\"@id\":\"https:\/\/www.polisrecreio.com.br\/site\/#website\",\"url\":\"https:\/\/www.polisrecreio.com.br\/site\/\",\"name\":\"P\\u00f3lis Recreio\",\"description\":\"\",\"potentialAction\":[{\"@type\":\"SearchAction\",\"target\":\"https:\/\/www.polisrecreio.com.br\/site\/?s={search_term_string}\",\"query-input\":\"required name=search_term_string\"}],\"inLanguage\":\"pt-BR\"},{\"@type\":\"ImageObject\",\"@id\":\"http:\/\/www.polisrecreio.com.br\/site\/2019\/02\/01\/praca-dos-ferroviarios-volta-a-ter-canteiros-floridos\/#primaryimage\",\"inLanguage\":\"pt-BR\",\"url\":\"https:\/\/www.polisrecreio.com.br\/site\/wp-content\/uploads\/2019\/02\/DSC_0009.jpg\",\"width\":750,\"height\":500,\"caption\":\"Rozeli plantando flores.\"},{\"@type\":\"WebPage\",\"@id\":\"http:\/\/www.polisrecreio.com.br\/site\/2019\/02\/01\/praca-dos-ferroviarios-volta-a-ter-canteiros-floridos\/#webpage\",\"url\":\"http:\/\/www.polisrecreio.com.br\/site\/2019\/02\/01\/praca-dos-ferroviarios-volta-a-ter-canteiros-floridos\/\",\"name\":\"Pra\\u00e7a dos Ferrovi\\u00e1rios volta a ter canteiros floridos - P\\u00f3lis Recreio\",\"isPartOf\":{\"@id\":\"https:\/\/www.polisrecreio.com.br\/site\/#website\"},\"primaryImageOfPage\":{\"@id\":\"http:\/\/www.polisrecreio.com.br\/site\/2019\/02\/01\/praca-dos-ferroviarios-volta-a-ter-canteiros-floridos\/#primaryimage\"},\"datePublished\":\"2019-02-01T18:23:42+00:00\",\"dateModified\":\"2019-02-01T18:23:42+00:00\",\"author\":{\"@id\":\"https:\/\/www.polisrecreio.com.br\/site\/#\/schema\/person\/3363c1c78e1e28e1329d97adb387638e\"},\"inLanguage\":\"pt-BR\",\"potentialAction\":[{\"@type\":\"ReadAction\",\"target\":[\"http:\/\/www.polisrecreio.com.br\/site\/2019\/02\/01\/praca-dos-ferroviarios-volta-a-ter-canteiros-floridos\/\"]}]},{\"@type\":\"Person\",\"@id\":\"https:\/\/www.polisrecreio.com.br\/site\/#\/schema\/person\/3363c1c78e1e28e1329d97adb387638e\",\"name\":\"Leonardo Ribeiro\",\"image\":{\"@type\":\"ImageObject\",\"@id\":\"https:\/\/www.polisrecreio.com.br\/site\/#personlogo\",\"inLanguage\":\"pt-BR\",\"url\":\"https:\/\/secure.gravatar.com\/avatar\/6ba92a37d621e1a83e23710251178a12?s=96&d=mm&r=g\",\"caption\":\"Leonardo Ribeiro\"},\"sameAs\":[\"http:\/\/www.polisrecreio.com.br\"]}]}<\/script>\n<!-- \/ Yoast SEO plugin. -->","_links":{"self":[{"href":"https:\/\/www.polisrecreio.com.br\/site\/wp-json\/wp\/v2\/posts\/12844"}],"collection":[{"href":"https:\/\/www.polisrecreio.com.br\/site\/wp-json\/wp\/v2\/posts"}],"about":[{"href":"https:\/\/www.polisrecreio.com.br\/site\/wp-json\/wp\/v2\/types\/post"}],"author":[{"embeddable":true,"href":"https:\/\/www.polisrecreio.com.br\/site\/wp-json\/wp\/v2\/users\/3"}],"replies":[{"embeddable":true,"href":"https:\/\/www.polisrecreio.com.br\/site\/wp-json\/wp\/v2\/comments?post=12844"}],"version-history":[{"count":1,"href":"https:\/\/www.polisrecreio.com.br\/site\/wp-json\/wp\/v2\/posts\/12844\/revisions"}],"predecessor-version":[{"id":12850,"href":"https:\/\/www.polisrecreio.com.br\/site\/wp-json\/wp\/v2\/posts\/12844\/revisions\/12850"}],"wp:featuredmedia":[{"embeddable":true,"href":"https:\/\/www.polisrecreio.com.br\/site\/wp-json\/wp\/v2\/media\/12846"}],"wp:attachment":[{"href":"https:\/\/www.polisrecreio.com.br\/site\/wp-json\/wp\/v2\/media?parent=12844"}],"wp:term":[{"taxonomy":"category","embeddable":true,"href":"https:\/\/www.polisrecreio.com.br\/site\/wp-json\/wp\/v2\/categories?post=12844"},{"taxonomy":"post_tag","embeddable":true,"href":"https:\/\/www.polisrecreio.com.br\/site\/wp-json\/wp\/v2\/tags?post=12844"}],"curies":[{"name":"wp","href":"https:\/\/api.w.org\/{rel}","templated":true}]}}