{"id":12851,"date":"2019-02-01T17:35:55","date_gmt":"2019-02-01T20:35:55","guid":{"rendered":"http:\/\/www.polisrecreio.com.br\/site\/?p=12851"},"modified":"2019-02-01T17:43:34","modified_gmt":"2019-02-01T20:43:34","slug":"projeto-criado-por-grupo-de-recreio-vai-castrar-cerca-de-60-caes-neste-sabado-2","status":"publish","type":"post","link":"https:\/\/www.polisrecreio.com.br\/site\/2019\/02\/01\/projeto-criado-por-grupo-de-recreio-vai-castrar-cerca-de-60-caes-neste-sabado-2\/","title":{"rendered":"Projeto criado por grupo de Recreio vai castrar cerca de 60 c\u00e3es neste s\u00e1bado (2)"},"content":{"rendered":"<p style=\"text-align: justify;\">O projeto \u201cCastra\u00e7\u00e3o de Animais de Rua ou Adotados\u201d, criado pelo grupo \u201cSOS C\u00e3es de Recreio\u201d, vai castrar gratuitamente cerca de 60 c\u00e3es neste s\u00e1bado (2) na Casa do Fazendeiro.<\/p>\n<p><!--more--><\/p>\n<p><a href=\"http:\/\/www.polisrecreio.com.br\/site\/wp-content\/uploads\/2019\/02\/cachorro-anestesia.jpg\"><img loading=\"lazy\" class=\"aligncenter size-full wp-image-12852\" src=\"http:\/\/www.polisrecreio.com.br\/site\/wp-content\/uploads\/2019\/02\/cachorro-anestesia.jpg\" alt=\"\" width=\"750\" height=\"500\" srcset=\"https:\/\/www.polisrecreio.com.br\/site\/wp-content\/uploads\/2019\/02\/cachorro-anestesia.jpg 750w, https:\/\/www.polisrecreio.com.br\/site\/wp-content\/uploads\/2019\/02\/cachorro-anestesia-300x200.jpg 300w\" sizes=\"(max-width: 750px) 100vw, 750px\" \/><\/a><\/p>\n<p style=\"text-align: justify;\">Segundo Lara Lacerda, m\u00e9dica veterin\u00e1ria da Casa do Fazendeiro, os animais que ser\u00e3o cadastrados foram selecionados por meio de indica\u00e7\u00e3o do grupo. Os procedimentos cir\u00fargicos est\u00e3o marcados para iniciar \u00e0s 8h.<\/p>\n<p style=\"text-align: justify;\">Al\u00e9m da veterin\u00e1ria Lara, participar\u00e3o desta primeira atividade do projeto os m\u00e9dicos veterin\u00e1rios, J\u00e2nio Gomes de Barros e Laura Elisa Teixeira Andrade.<\/p>\n<p style=\"text-align: justify;\">O projeto \u201cCastra\u00e7\u00e3o de Animais de Rua ou Adotados\u201d conta com apoio da Casa do Fazendeiro, Prefeitura Municipal de Recreio, doa\u00e7\u00f5es da popula\u00e7\u00e3o e de com\u00e9rcios da cidade.<\/p>\n","protected":false},"excerpt":{"rendered":"<p>O projeto \u201cCastra\u00e7\u00e3o de Animais de Rua ou Adotados\u201d, criado pelo grupo \u201cSOS C\u00e3es de Recreio\u201d, vai castrar gratuitamente cerca de 60 c\u00e3es neste s\u00e1bado (2) na Casa do Fazendeiro.<\/p>\n","protected":false},"author":3,"featured_media":12852,"comment_status":"open","ping_status":"open","sticky":false,"template":"","format":"standard","meta":[],"categories":[6],"tags":[],"yoast_head":"<!-- This site is optimized with the Yoast SEO plugin v15.6.2 - https:\/\/yoast.com\/wordpress\/plugins\/seo\/ -->\n<meta name=\"robots\" content=\"index, follow, max-snippet:-1, max-image-preview:large, max-video-preview:-1\" \/>\n<link rel=\"canonical\" href=\"http:\/\/www.polisrecreio.com.br\/site\/2019\/02\/01\/projeto-criado-por-grupo-de-recreio-vai-castrar-cerca-de-60-caes-neste-sabado-2\/\" \/>\n<meta property=\"og:locale\" content=\"pt_BR\" \/>\n<meta property=\"og:type\" content=\"article\" \/>\n<meta property=\"og:title\" content=\"Projeto criado por grupo de Recreio vai castrar cerca de 60 c\u00e3es neste s\u00e1bado (2) - P\u00f3lis Recreio\" \/>\n<meta property=\"og:description\" content=\"O projeto \u201cCastra\u00e7\u00e3o de Animais de Rua ou Adotados\u201d, criado pelo grupo \u201cSOS C\u00e3es de Recreio\u201d, vai castrar gratuitamente cerca de 60 c\u00e3es neste s\u00e1bado (2) na Casa do Fazendeiro.\" \/>\n<meta property=\"og:url\" content=\"http:\/\/www.polisrecreio.com.br\/site\/2019\/02\/01\/projeto-criado-por-grupo-de-recreio-vai-castrar-cerca-de-60-caes-neste-sabado-2\/\" \/>\n<meta property=\"og:site_name\" content=\"P\u00f3lis Recreio\" \/>\n<meta property=\"article:publisher\" content=\"https:\/\/www.facebook.com\/Site-P%c3%b3lis-Recreio-MG-181941708571019\/\" \/>\n<meta property=\"article:published_time\" content=\"2019-02-01T20:35:55+00:00\" \/>\n<meta property=\"article:modified_time\" content=\"2019-02-01T20:43:34+00:00\" \/>\n<meta property=\"og:image\" content=\"https:\/\/www.polisrecreio.com.br\/site\/wp-content\/uploads\/2019\/02\/cachorro-anestesia.jpg\" \/>\n\t<meta property=\"og:image:width\" content=\"750\" \/>\n\t<meta property=\"og:image:height\" content=\"500\" \/>\n<meta name=\"twitter:card\" content=\"summary_large_image\" \/>\n<meta name=\"twitter:creator\" content=\"@PolisRecreio\" \/>\n<meta name=\"twitter:site\" content=\"@PolisRecreio\" \/>\n<meta name=\"twitter:label1\" content=\"Est. reading time\">\n\t<meta name=\"twitter:data1\" content=\"1 minuto\">\n<script type=\"application\/ld+json\" class=\"yoast-schema-graph\">{\"@context\":\"https:\/\/schema.org\",\"@graph\":[{\"@type\":\"WebSite\",\"@id\":\"https:\/\/www.polisrecreio.com.br\/site\/#website\",\"url\":\"https:\/\/www.polisrecreio.com.br\/site\/\",\"name\":\"P\\u00f3lis Recreio\",\"description\":\"\",\"potentialAction\":[{\"@type\":\"SearchAction\",\"target\":\"https:\/\/www.polisrecreio.com.br\/site\/?s={search_term_string}\",\"query-input\":\"required name=search_term_string\"}],\"inLanguage\":\"pt-BR\"},{\"@type\":\"ImageObject\",\"@id\":\"http:\/\/www.polisrecreio.com.br\/site\/2019\/02\/01\/projeto-criado-por-grupo-de-recreio-vai-castrar-cerca-de-60-caes-neste-sabado-2\/#primaryimage\",\"inLanguage\":\"pt-BR\",\"url\":\"https:\/\/www.polisrecreio.com.br\/site\/wp-content\/uploads\/2019\/02\/cachorro-anestesia.jpg\",\"width\":750,\"height\":500},{\"@type\":\"WebPage\",\"@id\":\"http:\/\/www.polisrecreio.com.br\/site\/2019\/02\/01\/projeto-criado-por-grupo-de-recreio-vai-castrar-cerca-de-60-caes-neste-sabado-2\/#webpage\",\"url\":\"http:\/\/www.polisrecreio.com.br\/site\/2019\/02\/01\/projeto-criado-por-grupo-de-recreio-vai-castrar-cerca-de-60-caes-neste-sabado-2\/\",\"name\":\"Projeto criado por grupo de Recreio vai castrar cerca de 60 c\\u00e3es neste s\\u00e1bado (2) - P\\u00f3lis Recreio\",\"isPartOf\":{\"@id\":\"https:\/\/www.polisrecreio.com.br\/site\/#website\"},\"primaryImageOfPage\":{\"@id\":\"http:\/\/www.polisrecreio.com.br\/site\/2019\/02\/01\/projeto-criado-por-grupo-de-recreio-vai-castrar-cerca-de-60-caes-neste-sabado-2\/#primaryimage\"},\"datePublished\":\"2019-02-01T20:35:55+00:00\",\"dateModified\":\"2019-02-01T20:43:34+00:00\",\"author\":{\"@id\":\"https:\/\/www.polisrecreio.com.br\/site\/#\/schema\/person\/3363c1c78e1e28e1329d97adb387638e\"},\"inLanguage\":\"pt-BR\",\"potentialAction\":[{\"@type\":\"ReadAction\",\"target\":[\"http:\/\/www.polisrecreio.com.br\/site\/2019\/02\/01\/projeto-criado-por-grupo-de-recreio-vai-castrar-cerca-de-60-caes-neste-sabado-2\/\"]}]},{\"@type\":\"Person\",\"@id\":\"https:\/\/www.polisrecreio.com.br\/site\/#\/schema\/person\/3363c1c78e1e28e1329d97adb387638e\",\"name\":\"Leonardo Ribeiro\",\"image\":{\"@type\":\"ImageObject\",\"@id\":\"https:\/\/www.polisrecreio.com.br\/site\/#personlogo\",\"inLanguage\":\"pt-BR\",\"url\":\"https:\/\/secure.gravatar.com\/avatar\/6ba92a37d621e1a83e23710251178a12?s=96&d=mm&r=g\",\"caption\":\"Leonardo Ribeiro\"},\"sameAs\":[\"http:\/\/www.polisrecreio.com.br\"]}]}<\/script>\n<!-- \/ Yoast SEO plugin. -->","_links":{"self":[{"href":"https:\/\/www.polisrecreio.com.br\/site\/wp-json\/wp\/v2\/posts\/12851"}],"collection":[{"href":"https:\/\/www.polisrecreio.com.br\/site\/wp-json\/wp\/v2\/posts"}],"about":[{"href":"https:\/\/www.polisrecreio.com.br\/site\/wp-json\/wp\/v2\/types\/post"}],"author":[{"embeddable":true,"href":"https:\/\/www.polisrecreio.com.br\/site\/wp-json\/wp\/v2\/users\/3"}],"replies":[{"embeddable":true,"href":"https:\/\/www.polisrecreio.com.br\/site\/wp-json\/wp\/v2\/comments?post=12851"}],"version-history":[{"count":6,"href":"https:\/\/www.polisrecreio.com.br\/site\/wp-json\/wp\/v2\/posts\/12851\/revisions"}],"predecessor-version":[{"id":12858,"href":"https:\/\/www.polisrecreio.com.br\/site\/wp-json\/wp\/v2\/posts\/12851\/revisions\/12858"}],"wp:featuredmedia":[{"embeddable":true,"href":"https:\/\/www.polisrecreio.com.br\/site\/wp-json\/wp\/v2\/media\/12852"}],"wp:attachment":[{"href":"https:\/\/www.polisrecreio.com.br\/site\/wp-json\/wp\/v2\/media?parent=12851"}],"wp:term":[{"taxonomy":"category","embeddable":true,"href":"https:\/\/www.polisrecreio.com.br\/site\/wp-json\/wp\/v2\/categories?post=12851"},{"taxonomy":"post_tag","embeddable":true,"href":"https:\/\/www.polisrecreio.com.br\/site\/wp-json\/wp\/v2\/tags?post=12851"}],"curies":[{"name":"wp","href":"https:\/\/api.w.org\/{rel}","templated":true}]}}