{"id":12859,"date":"2019-02-01T19:44:34","date_gmt":"2019-02-01T22:44:34","guid":{"rendered":"http:\/\/www.polisrecreio.com.br\/site\/?p=12859"},"modified":"2019-02-01T19:50:56","modified_gmt":"2019-02-01T22:50:56","slug":"depois-de-mais-de-10-anos-microrregiao-de-cataguases-volta-ter-deputado-estadual","status":"publish","type":"post","link":"https:\/\/www.polisrecreio.com.br\/site\/2019\/02\/01\/depois-de-mais-de-10-anos-microrregiao-de-cataguases-volta-ter-deputado-estadual\/","title":{"rendered":"Depois de mais de 10 anos microrregi\u00e3o de Cataguases volta ter deputado Estadual"},"content":{"rendered":"<p style=\"text-align: justify;\">Depois de mais de 10 anos a microrregi\u00e3o de Cataguases, a qual Recreio est\u00e1 inserido, voltou a ter um deputado Estadual: Fernando Pacheco, natural de Palma, com carreira profissional e pol\u00edtica em Cataguases.<\/p>\n<p><!--more--><\/p>\n<figure id=\"attachment_12860\" aria-describedby=\"caption-attachment-12860\" style=\"width: 750px\" class=\"wp-caption aligncenter\"><a href=\"http:\/\/www.polisrecreio.com.br\/site\/wp-content\/uploads\/2019\/02\/20180703165204_506.jpg\"><img loading=\"lazy\" class=\"size-full wp-image-12860\" src=\"http:\/\/www.polisrecreio.com.br\/site\/wp-content\/uploads\/2019\/02\/20180703165204_506.jpg\" alt=\"\" width=\"750\" height=\"500\" srcset=\"https:\/\/www.polisrecreio.com.br\/site\/wp-content\/uploads\/2019\/02\/20180703165204_506.jpg 750w, https:\/\/www.polisrecreio.com.br\/site\/wp-content\/uploads\/2019\/02\/20180703165204_506-300x200.jpg 300w\" sizes=\"(max-width: 750px) 100vw, 750px\" \/><\/a><figcaption id=\"caption-attachment-12860\" class=\"wp-caption-text\">Dep. Fernando Pacheco. Foto: Site Marcelo Lopes.<\/figcaption><\/figure>\n<p style=\"text-align: justify;\">Fernando foi eleito nas Elei\u00e7\u00f5es 2018 com 25.091 votos pelo PHS, partido que vai se fundir com o Podemos. O deputado ainda n\u00e3o definiu em qual sigla vai se filiar. Na cidade de Recreio Pacheco obteve 26 votos.<\/p>\n<p style=\"text-align: justify;\">A posse do deputado representante da microrregi\u00e3o e dos outros 76 de v\u00e1rias regi\u00f5es aconteceu neste dia 1\u00ba de fevereiro na Assembleia Legislativa de Minas Gerais \u201cALMG\u201d.<\/p>\n<p style=\"text-align: justify;\">Fernando Pacheco, de 52 anos de idade, \u00e9 servidor p\u00fablico da Prefeitura de Cataguases.<\/p>\n<p style=\"text-align: justify;\">A \u00faltima representa\u00e7\u00e3o da microrregi\u00e3o de Cataguases na ALMG foi Maria L\u00facia Mendon\u00e7a, tamb\u00e9m de Cataguases.<\/p>\n<p><strong>Cidades da microrregi\u00e3o de Cataguases<\/strong><\/p>\n<p style=\"text-align: justify;\">Cataguases, Al\u00e9m Para\u00edba, Argirita, Dona Euz\u00e9bia, Estrela Dalva, Itamarati de Minas, Laranjal, Leopoldina, Palma, Pirapetinga, Recreio, Santa de Cataguases, Santo Ant\u00f4nio do Aventureiro e Volta Grande.<\/p>\n","protected":false},"excerpt":{"rendered":"<p>Depois de mais de 10 anos a microrregi\u00e3o de Cataguases, a qual Recreio est\u00e1 inserido, voltou a ter um deputado Estadual: Fernando Pacheco, natural de Palma, com carreira profissional e pol\u00edtica em Cataguases.<\/p>\n","protected":false},"author":3,"featured_media":12860,"comment_status":"open","ping_status":"open","sticky":false,"template":"","format":"standard","meta":[],"categories":[8],"tags":[],"yoast_head":"<!-- This site is optimized with the Yoast SEO plugin v15.6.2 - https:\/\/yoast.com\/wordpress\/plugins\/seo\/ -->\n<meta name=\"robots\" content=\"index, follow, max-snippet:-1, max-image-preview:large, max-video-preview:-1\" \/>\n<link rel=\"canonical\" href=\"http:\/\/www.polisrecreio.com.br\/site\/2019\/02\/01\/depois-de-mais-de-10-anos-microrregiao-de-cataguases-volta-ter-deputado-estadual\/\" \/>\n<meta property=\"og:locale\" content=\"pt_BR\" \/>\n<meta property=\"og:type\" content=\"article\" \/>\n<meta property=\"og:title\" content=\"Depois de mais de 10 anos microrregi\u00e3o de Cataguases volta ter deputado Estadual - P\u00f3lis Recreio\" \/>\n<meta property=\"og:description\" content=\"Depois de mais de 10 anos a microrregi\u00e3o de Cataguases, a qual Recreio est\u00e1 inserido, voltou a ter um deputado Estadual: Fernando Pacheco, natural de Palma, com carreira profissional e pol\u00edtica em Cataguases.\" \/>\n<meta property=\"og:url\" content=\"http:\/\/www.polisrecreio.com.br\/site\/2019\/02\/01\/depois-de-mais-de-10-anos-microrregiao-de-cataguases-volta-ter-deputado-estadual\/\" \/>\n<meta property=\"og:site_name\" content=\"P\u00f3lis Recreio\" \/>\n<meta property=\"article:publisher\" content=\"https:\/\/www.facebook.com\/Site-P%c3%b3lis-Recreio-MG-181941708571019\/\" \/>\n<meta property=\"article:published_time\" content=\"2019-02-01T22:44:34+00:00\" \/>\n<meta property=\"article:modified_time\" content=\"2019-02-01T22:50:56+00:00\" \/>\n<meta property=\"og:image\" content=\"https:\/\/www.polisrecreio.com.br\/site\/wp-content\/uploads\/2019\/02\/20180703165204_506.jpg\" \/>\n\t<meta property=\"og:image:width\" content=\"750\" \/>\n\t<meta property=\"og:image:height\" content=\"500\" \/>\n<meta name=\"twitter:card\" content=\"summary_large_image\" \/>\n<meta name=\"twitter:creator\" content=\"@PolisRecreio\" \/>\n<meta name=\"twitter:site\" content=\"@PolisRecreio\" \/>\n<meta name=\"twitter:label1\" content=\"Est. reading time\">\n\t<meta name=\"twitter:data1\" content=\"1 minuto\">\n<script type=\"application\/ld+json\" class=\"yoast-schema-graph\">{\"@context\":\"https:\/\/schema.org\",\"@graph\":[{\"@type\":\"WebSite\",\"@id\":\"https:\/\/www.polisrecreio.com.br\/site\/#website\",\"url\":\"https:\/\/www.polisrecreio.com.br\/site\/\",\"name\":\"P\\u00f3lis Recreio\",\"description\":\"\",\"potentialAction\":[{\"@type\":\"SearchAction\",\"target\":\"https:\/\/www.polisrecreio.com.br\/site\/?s={search_term_string}\",\"query-input\":\"required name=search_term_string\"}],\"inLanguage\":\"pt-BR\"},{\"@type\":\"ImageObject\",\"@id\":\"http:\/\/www.polisrecreio.com.br\/site\/2019\/02\/01\/depois-de-mais-de-10-anos-microrregiao-de-cataguases-volta-ter-deputado-estadual\/#primaryimage\",\"inLanguage\":\"pt-BR\",\"url\":\"https:\/\/www.polisrecreio.com.br\/site\/wp-content\/uploads\/2019\/02\/20180703165204_506.jpg\",\"width\":750,\"height\":500,\"caption\":\"Dep. Fernando Pacheco. Foto: Site Marcelo Lopes.\"},{\"@type\":\"WebPage\",\"@id\":\"http:\/\/www.polisrecreio.com.br\/site\/2019\/02\/01\/depois-de-mais-de-10-anos-microrregiao-de-cataguases-volta-ter-deputado-estadual\/#webpage\",\"url\":\"http:\/\/www.polisrecreio.com.br\/site\/2019\/02\/01\/depois-de-mais-de-10-anos-microrregiao-de-cataguases-volta-ter-deputado-estadual\/\",\"name\":\"Depois de mais de 10 anos microrregi\\u00e3o de Cataguases volta ter deputado Estadual - P\\u00f3lis Recreio\",\"isPartOf\":{\"@id\":\"https:\/\/www.polisrecreio.com.br\/site\/#website\"},\"primaryImageOfPage\":{\"@id\":\"http:\/\/www.polisrecreio.com.br\/site\/2019\/02\/01\/depois-de-mais-de-10-anos-microrregiao-de-cataguases-volta-ter-deputado-estadual\/#primaryimage\"},\"datePublished\":\"2019-02-01T22:44:34+00:00\",\"dateModified\":\"2019-02-01T22:50:56+00:00\",\"author\":{\"@id\":\"https:\/\/www.polisrecreio.com.br\/site\/#\/schema\/person\/3363c1c78e1e28e1329d97adb387638e\"},\"inLanguage\":\"pt-BR\",\"potentialAction\":[{\"@type\":\"ReadAction\",\"target\":[\"http:\/\/www.polisrecreio.com.br\/site\/2019\/02\/01\/depois-de-mais-de-10-anos-microrregiao-de-cataguases-volta-ter-deputado-estadual\/\"]}]},{\"@type\":\"Person\",\"@id\":\"https:\/\/www.polisrecreio.com.br\/site\/#\/schema\/person\/3363c1c78e1e28e1329d97adb387638e\",\"name\":\"Leonardo Ribeiro\",\"image\":{\"@type\":\"ImageObject\",\"@id\":\"https:\/\/www.polisrecreio.com.br\/site\/#personlogo\",\"inLanguage\":\"pt-BR\",\"url\":\"https:\/\/secure.gravatar.com\/avatar\/6ba92a37d621e1a83e23710251178a12?s=96&d=mm&r=g\",\"caption\":\"Leonardo Ribeiro\"},\"sameAs\":[\"http:\/\/www.polisrecreio.com.br\"]}]}<\/script>\n<!-- \/ Yoast SEO plugin. -->","_links":{"self":[{"href":"https:\/\/www.polisrecreio.com.br\/site\/wp-json\/wp\/v2\/posts\/12859"}],"collection":[{"href":"https:\/\/www.polisrecreio.com.br\/site\/wp-json\/wp\/v2\/posts"}],"about":[{"href":"https:\/\/www.polisrecreio.com.br\/site\/wp-json\/wp\/v2\/types\/post"}],"author":[{"embeddable":true,"href":"https:\/\/www.polisrecreio.com.br\/site\/wp-json\/wp\/v2\/users\/3"}],"replies":[{"embeddable":true,"href":"https:\/\/www.polisrecreio.com.br\/site\/wp-json\/wp\/v2\/comments?post=12859"}],"version-history":[{"count":5,"href":"https:\/\/www.polisrecreio.com.br\/site\/wp-json\/wp\/v2\/posts\/12859\/revisions"}],"predecessor-version":[{"id":12865,"href":"https:\/\/www.polisrecreio.com.br\/site\/wp-json\/wp\/v2\/posts\/12859\/revisions\/12865"}],"wp:featuredmedia":[{"embeddable":true,"href":"https:\/\/www.polisrecreio.com.br\/site\/wp-json\/wp\/v2\/media\/12860"}],"wp:attachment":[{"href":"https:\/\/www.polisrecreio.com.br\/site\/wp-json\/wp\/v2\/media?parent=12859"}],"wp:term":[{"taxonomy":"category","embeddable":true,"href":"https:\/\/www.polisrecreio.com.br\/site\/wp-json\/wp\/v2\/categories?post=12859"},{"taxonomy":"post_tag","embeddable":true,"href":"https:\/\/www.polisrecreio.com.br\/site\/wp-json\/wp\/v2\/tags?post=12859"}],"curies":[{"name":"wp","href":"https:\/\/api.w.org\/{rel}","templated":true}]}}