{"id":12883,"date":"2019-02-03T12:30:23","date_gmt":"2019-02-03T15:30:23","guid":{"rendered":"http:\/\/www.polisrecreio.com.br\/site\/?p=12883"},"modified":"2019-02-03T19:23:27","modified_gmt":"2019-02-03T22:23:27","slug":"a-menos-de-30-dias-do-carnaval-blocos-e-escola-de-samba-estao-confirmados-em-recreio","status":"publish","type":"post","link":"https:\/\/www.polisrecreio.com.br\/site\/2019\/02\/03\/a-menos-de-30-dias-do-carnaval-blocos-e-escola-de-samba-estao-confirmados-em-recreio\/","title":{"rendered":"A menos de 30 dias do Carnaval, blocos e escola de samba est\u00e3o confirmados em Recreio"},"content":{"rendered":"<p style=\"text-align: justify;\">A menos de 30 dias do Carnaval de 2019, v\u00e1rios blocos e a escola de samba, ERUS, est\u00e3o confirmados na festa popular que acontece de 2 a 5 de mar\u00e7o.<\/p>\n<p><!--more--><\/p>\n<p><a href=\"http:\/\/www.polisrecreio.com.br\/site\/wp-content\/uploads\/2019\/01\/z6.jpg\"><img loading=\"lazy\" class=\"aligncenter size-full wp-image-12728\" src=\"http:\/\/www.polisrecreio.com.br\/site\/wp-content\/uploads\/2019\/01\/z6.jpg\" alt=\"\" width=\"750\" height=\"500\" srcset=\"https:\/\/www.polisrecreio.com.br\/site\/wp-content\/uploads\/2019\/01\/z6.jpg 750w, https:\/\/www.polisrecreio.com.br\/site\/wp-content\/uploads\/2019\/01\/z6-300x200.jpg 300w\" sizes=\"(max-width: 750px) 100vw, 750px\" \/><\/a><\/p>\n<p style=\"text-align: justify;\">Confira os blocos confirmados: Bloco do Chiclete (pr\u00e9-carnaval), Bloco X\u00f4 Mosquito (pr\u00e9-carnaval), Bloco Tega na Mantega (s\u00e1bado), Bloco do IEY (s\u00e1bado), Bloco Do Bem (domingo), Bloco do Mandioca (domingo), Bloco Preocupados de Souza \u201cPapel Higi\u00eanico\u201d (domingo) e Bloco das Piranhas (segunda-feira). A escola de samba, ERUS, tamb\u00e9m anunciou, atrav\u00e9s da integrante da diretoria, Elza Helena, que desfilar\u00e1 no Carnaval. Tradicionalmente, a apresenta\u00e7\u00e3o acontece no domingo (3) e na ter\u00e7a-feira (5). Ainda faltam confirmar o Bloco do Ratos da Pra\u00e7a, a Caminha Alcool\u00f3gica, a \u00c1guia de Ouro e apresenta\u00e7\u00e3o do Mineiro-Pau.<\/p>\n<p style=\"text-align: justify;\">Sobre a festa na Pra\u00e7a dos Ferrovi\u00e1rios com som, shows e etc., conforme j\u00e1 divulgado pelo Site P\u00f3lis, n\u00e3o ter\u00e1 gasto p\u00fablico devido \u00e0 crise financeira que passa o Munic\u00edpio. No dia 4 de dezembro foi decretada situa\u00e7\u00e3o de emerg\u00eancia financeira, por causa da d\u00edvida do Governo Estadual com a Prefeitura, que j\u00e1 passou de R$ 3 milh\u00f5es. O documento tem prazo de 120 dias, podendo ser prorrogado ou revogado conforme as circunst\u00e2ncias.<\/p>\n<p style=\"text-align: justify;\">Na pr\u00f3xima semana uma reuni\u00e3o com os representantes de blocos ser\u00e1 marcada pelo destacamento de Recreio da Pol\u00edcia Militar a fim de repassar informa\u00e7\u00f5es sobre seguran\u00e7a conforme orienta\u00e7\u00f5es do Corpo de Bombeiros.<\/p>\n","protected":false},"excerpt":{"rendered":"<p>A menos de 30 dias do Carnaval de 2019, v\u00e1rios blocos e a escola de samba, ERUS, est\u00e3o confirmados na festa popular que acontece de 2 a 5 de mar\u00e7o.<\/p>\n","protected":false},"author":3,"featured_media":12728,"comment_status":"open","ping_status":"open","sticky":false,"template":"","format":"standard","meta":[],"categories":[6],"tags":[],"yoast_head":"<!-- This site is optimized with the Yoast SEO plugin v15.6.2 - https:\/\/yoast.com\/wordpress\/plugins\/seo\/ -->\n<meta name=\"robots\" content=\"index, follow, max-snippet:-1, max-image-preview:large, max-video-preview:-1\" \/>\n<link rel=\"canonical\" href=\"https:\/\/www.polisrecreio.com.br\/site\/2019\/02\/03\/a-menos-de-30-dias-do-carnaval-blocos-e-escola-de-samba-estao-confirmados-em-recreio\/\" \/>\n<meta property=\"og:locale\" content=\"pt_BR\" \/>\n<meta property=\"og:type\" content=\"article\" \/>\n<meta property=\"og:title\" content=\"A menos de 30 dias do Carnaval, blocos e escola de samba est\u00e3o confirmados em Recreio - P\u00f3lis Recreio\" \/>\n<meta property=\"og:description\" content=\"A menos de 30 dias do Carnaval de 2019, v\u00e1rios blocos e a escola de samba, ERUS, est\u00e3o confirmados na festa popular que acontece de 2 a 5 de mar\u00e7o.\" \/>\n<meta property=\"og:url\" content=\"https:\/\/www.polisrecreio.com.br\/site\/2019\/02\/03\/a-menos-de-30-dias-do-carnaval-blocos-e-escola-de-samba-estao-confirmados-em-recreio\/\" \/>\n<meta property=\"og:site_name\" content=\"P\u00f3lis Recreio\" \/>\n<meta property=\"article:publisher\" content=\"https:\/\/www.facebook.com\/Site-P%c3%b3lis-Recreio-MG-181941708571019\/\" \/>\n<meta property=\"article:published_time\" content=\"2019-02-03T15:30:23+00:00\" \/>\n<meta property=\"article:modified_time\" content=\"2019-02-03T22:23:27+00:00\" \/>\n<meta property=\"og:image\" content=\"https:\/\/www.polisrecreio.com.br\/site\/wp-content\/uploads\/2019\/01\/z6.jpg\" \/>\n\t<meta property=\"og:image:width\" content=\"750\" \/>\n\t<meta property=\"og:image:height\" content=\"500\" \/>\n<meta name=\"twitter:card\" content=\"summary_large_image\" \/>\n<meta name=\"twitter:creator\" content=\"@PolisRecreio\" \/>\n<meta name=\"twitter:site\" content=\"@PolisRecreio\" \/>\n<meta name=\"twitter:label1\" content=\"Est. reading time\">\n\t<meta name=\"twitter:data1\" content=\"1 minuto\">\n<script type=\"application\/ld+json\" class=\"yoast-schema-graph\">{\"@context\":\"https:\/\/schema.org\",\"@graph\":[{\"@type\":\"WebSite\",\"@id\":\"https:\/\/www.polisrecreio.com.br\/site\/#website\",\"url\":\"https:\/\/www.polisrecreio.com.br\/site\/\",\"name\":\"P\\u00f3lis Recreio\",\"description\":\"\",\"potentialAction\":[{\"@type\":\"SearchAction\",\"target\":\"https:\/\/www.polisrecreio.com.br\/site\/?s={search_term_string}\",\"query-input\":\"required name=search_term_string\"}],\"inLanguage\":\"pt-BR\"},{\"@type\":\"ImageObject\",\"@id\":\"https:\/\/www.polisrecreio.com.br\/site\/2019\/02\/03\/a-menos-de-30-dias-do-carnaval-blocos-e-escola-de-samba-estao-confirmados-em-recreio\/#primaryimage\",\"inLanguage\":\"pt-BR\",\"url\":\"https:\/\/www.polisrecreio.com.br\/site\/wp-content\/uploads\/2019\/01\/z6.jpg\",\"width\":750,\"height\":500},{\"@type\":\"WebPage\",\"@id\":\"https:\/\/www.polisrecreio.com.br\/site\/2019\/02\/03\/a-menos-de-30-dias-do-carnaval-blocos-e-escola-de-samba-estao-confirmados-em-recreio\/#webpage\",\"url\":\"https:\/\/www.polisrecreio.com.br\/site\/2019\/02\/03\/a-menos-de-30-dias-do-carnaval-blocos-e-escola-de-samba-estao-confirmados-em-recreio\/\",\"name\":\"A menos de 30 dias do Carnaval, blocos e escola de samba est\\u00e3o confirmados em Recreio - P\\u00f3lis Recreio\",\"isPartOf\":{\"@id\":\"https:\/\/www.polisrecreio.com.br\/site\/#website\"},\"primaryImageOfPage\":{\"@id\":\"https:\/\/www.polisrecreio.com.br\/site\/2019\/02\/03\/a-menos-de-30-dias-do-carnaval-blocos-e-escola-de-samba-estao-confirmados-em-recreio\/#primaryimage\"},\"datePublished\":\"2019-02-03T15:30:23+00:00\",\"dateModified\":\"2019-02-03T22:23:27+00:00\",\"author\":{\"@id\":\"https:\/\/www.polisrecreio.com.br\/site\/#\/schema\/person\/3363c1c78e1e28e1329d97adb387638e\"},\"inLanguage\":\"pt-BR\",\"potentialAction\":[{\"@type\":\"ReadAction\",\"target\":[\"https:\/\/www.polisrecreio.com.br\/site\/2019\/02\/03\/a-menos-de-30-dias-do-carnaval-blocos-e-escola-de-samba-estao-confirmados-em-recreio\/\"]}]},{\"@type\":\"Person\",\"@id\":\"https:\/\/www.polisrecreio.com.br\/site\/#\/schema\/person\/3363c1c78e1e28e1329d97adb387638e\",\"name\":\"Leonardo Ribeiro\",\"image\":{\"@type\":\"ImageObject\",\"@id\":\"https:\/\/www.polisrecreio.com.br\/site\/#personlogo\",\"inLanguage\":\"pt-BR\",\"url\":\"https:\/\/secure.gravatar.com\/avatar\/6ba92a37d621e1a83e23710251178a12?s=96&d=mm&r=g\",\"caption\":\"Leonardo Ribeiro\"},\"sameAs\":[\"http:\/\/www.polisrecreio.com.br\"]}]}<\/script>\n<!-- \/ Yoast SEO plugin. -->","_links":{"self":[{"href":"https:\/\/www.polisrecreio.com.br\/site\/wp-json\/wp\/v2\/posts\/12883"}],"collection":[{"href":"https:\/\/www.polisrecreio.com.br\/site\/wp-json\/wp\/v2\/posts"}],"about":[{"href":"https:\/\/www.polisrecreio.com.br\/site\/wp-json\/wp\/v2\/types\/post"}],"author":[{"embeddable":true,"href":"https:\/\/www.polisrecreio.com.br\/site\/wp-json\/wp\/v2\/users\/3"}],"replies":[{"embeddable":true,"href":"https:\/\/www.polisrecreio.com.br\/site\/wp-json\/wp\/v2\/comments?post=12883"}],"version-history":[{"count":6,"href":"https:\/\/www.polisrecreio.com.br\/site\/wp-json\/wp\/v2\/posts\/12883\/revisions"}],"predecessor-version":[{"id":12889,"href":"https:\/\/www.polisrecreio.com.br\/site\/wp-json\/wp\/v2\/posts\/12883\/revisions\/12889"}],"wp:featuredmedia":[{"embeddable":true,"href":"https:\/\/www.polisrecreio.com.br\/site\/wp-json\/wp\/v2\/media\/12728"}],"wp:attachment":[{"href":"https:\/\/www.polisrecreio.com.br\/site\/wp-json\/wp\/v2\/media?parent=12883"}],"wp:term":[{"taxonomy":"category","embeddable":true,"href":"https:\/\/www.polisrecreio.com.br\/site\/wp-json\/wp\/v2\/categories?post=12883"},{"taxonomy":"post_tag","embeddable":true,"href":"https:\/\/www.polisrecreio.com.br\/site\/wp-json\/wp\/v2\/tags?post=12883"}],"curies":[{"name":"wp","href":"https:\/\/api.w.org\/{rel}","templated":true}]}}