{"id":12890,"date":"2019-02-04T08:03:50","date_gmt":"2019-02-04T11:03:50","guid":{"rendered":"http:\/\/www.polisrecreio.com.br\/site\/?p=12890"},"modified":"2019-02-04T08:04:47","modified_gmt":"2019-02-04T11:04:47","slug":"cadastro-para-estagio-remunerado-de-professores-em-recreio-vai-ate-sexta-feira-8","status":"publish","type":"post","link":"https:\/\/www.polisrecreio.com.br\/site\/2019\/02\/04\/cadastro-para-estagio-remunerado-de-professores-em-recreio-vai-ate-sexta-feira-8\/","title":{"rendered":"Cadastro para est\u00e1gio remunerado de professores em Recreio vai at\u00e9 sexta-feira (8)"},"content":{"rendered":"<p style=\"text-align: justify;\">O cadastro 2019 para o programa de est\u00e1gio remunerado de professores em Recreio vai at\u00e9 sexta-feira (8). As inscri\u00e7\u00f5es s\u00e3o realizadas na Secretaria Municipal de Educa\u00e7\u00e3o e Cultura, de 8h \u00e0s 12h.<\/p>\n<p><!--more--><\/p>\n<p><a href=\"http:\/\/www.polisrecreio.com.br\/site\/wp-content\/uploads\/2019\/02\/Aline-Tayn_.jpg\"><img loading=\"lazy\" class=\"aligncenter size-full wp-image-12891\" src=\"http:\/\/www.polisrecreio.com.br\/site\/wp-content\/uploads\/2019\/02\/Aline-Tayn_.jpg\" alt=\"\" width=\"750\" height=\"456\" srcset=\"https:\/\/www.polisrecreio.com.br\/site\/wp-content\/uploads\/2019\/02\/Aline-Tayn_.jpg 750w, https:\/\/www.polisrecreio.com.br\/site\/wp-content\/uploads\/2019\/02\/Aline-Tayn_-300x182.jpg 300w\" sizes=\"(max-width: 750px) 100vw, 750px\" \/><\/a><\/p>\n<p style=\"text-align: justify;\">Para fazer o cadastro o interessado dever\u00e1 levar c\u00f3pias dos seguintes documentos:<\/p>\n<ul>\n<li>Certid\u00e3o;<\/li>\n<li>RG (identidade);<\/li>\n<li>CPF;<\/li>\n<li>Comprovante de resid\u00eancia;<\/li>\n<li>Declara\u00e7\u00e3o de curso.<\/li>\n<\/ul>\n<p style=\"text-align: justify;\">O programa de est\u00e1gio remunerado foi criado pela\u00a0<a href=\"http:\/\/recreio.mg.gov.br\/images\/Leis\/2018\/lei1652.pdf\">Lei 1652\/2018<\/a>. Segundo a legisla\u00e7\u00e3o, o estagi\u00e1rio ter\u00e1 direito a uma bolsa de incentivo no valor de \u00bd sal\u00e1rio m\u00ednimo vigente, ou seja, R$ 499. O crit\u00e9rio de sele\u00e7\u00e3o ocorrer\u00e1 em conformidade com o edital que ser\u00e1 publicado nos pr\u00f3ximos dias.<\/p>\n","protected":false},"excerpt":{"rendered":"<p>O cadastro 2019 para o programa de est\u00e1gio remunerado de professores em Recreio vai at\u00e9 sexta-feira (8). As inscri\u00e7\u00f5es s\u00e3o realizadas na Secretaria Municipal de Educa\u00e7\u00e3o e Cultura, de 8h \u00e0s 12h.<\/p>\n","protected":false},"author":3,"featured_media":12891,"comment_status":"open","ping_status":"open","sticky":false,"template":"","format":"standard","meta":[],"categories":[9],"tags":[],"yoast_head":"<!-- This site is optimized with the Yoast SEO plugin v15.6.2 - https:\/\/yoast.com\/wordpress\/plugins\/seo\/ -->\n<meta name=\"robots\" content=\"index, follow, max-snippet:-1, max-image-preview:large, max-video-preview:-1\" \/>\n<link rel=\"canonical\" href=\"http:\/\/www.polisrecreio.com.br\/site\/2019\/02\/04\/cadastro-para-estagio-remunerado-de-professores-em-recreio-vai-ate-sexta-feira-8\/\" \/>\n<meta property=\"og:locale\" content=\"pt_BR\" \/>\n<meta property=\"og:type\" content=\"article\" \/>\n<meta property=\"og:title\" content=\"Cadastro para est\u00e1gio remunerado de professores em Recreio vai at\u00e9 sexta-feira (8) - P\u00f3lis Recreio\" \/>\n<meta property=\"og:description\" content=\"O cadastro 2019 para o programa de est\u00e1gio remunerado de professores em Recreio vai at\u00e9 sexta-feira (8). As inscri\u00e7\u00f5es s\u00e3o realizadas na Secretaria Municipal de Educa\u00e7\u00e3o e Cultura, de 8h \u00e0s 12h.\" \/>\n<meta property=\"og:url\" content=\"http:\/\/www.polisrecreio.com.br\/site\/2019\/02\/04\/cadastro-para-estagio-remunerado-de-professores-em-recreio-vai-ate-sexta-feira-8\/\" \/>\n<meta property=\"og:site_name\" content=\"P\u00f3lis Recreio\" \/>\n<meta property=\"article:publisher\" content=\"https:\/\/www.facebook.com\/Site-P%c3%b3lis-Recreio-MG-181941708571019\/\" \/>\n<meta property=\"article:published_time\" content=\"2019-02-04T11:03:50+00:00\" \/>\n<meta property=\"article:modified_time\" content=\"2019-02-04T11:04:47+00:00\" \/>\n<meta property=\"og:image\" content=\"https:\/\/www.polisrecreio.com.br\/site\/wp-content\/uploads\/2019\/02\/Aline-Tayn_.jpg\" \/>\n\t<meta property=\"og:image:width\" content=\"750\" \/>\n\t<meta property=\"og:image:height\" content=\"456\" \/>\n<meta name=\"twitter:card\" content=\"summary_large_image\" \/>\n<meta name=\"twitter:creator\" content=\"@PolisRecreio\" \/>\n<meta name=\"twitter:site\" content=\"@PolisRecreio\" \/>\n<meta name=\"twitter:label1\" content=\"Est. reading time\">\n\t<meta name=\"twitter:data1\" content=\"1 minuto\">\n<script type=\"application\/ld+json\" class=\"yoast-schema-graph\">{\"@context\":\"https:\/\/schema.org\",\"@graph\":[{\"@type\":\"WebSite\",\"@id\":\"https:\/\/www.polisrecreio.com.br\/site\/#website\",\"url\":\"https:\/\/www.polisrecreio.com.br\/site\/\",\"name\":\"P\\u00f3lis Recreio\",\"description\":\"\",\"potentialAction\":[{\"@type\":\"SearchAction\",\"target\":\"https:\/\/www.polisrecreio.com.br\/site\/?s={search_term_string}\",\"query-input\":\"required name=search_term_string\"}],\"inLanguage\":\"pt-BR\"},{\"@type\":\"ImageObject\",\"@id\":\"http:\/\/www.polisrecreio.com.br\/site\/2019\/02\/04\/cadastro-para-estagio-remunerado-de-professores-em-recreio-vai-ate-sexta-feira-8\/#primaryimage\",\"inLanguage\":\"pt-BR\",\"url\":\"https:\/\/www.polisrecreio.com.br\/site\/wp-content\/uploads\/2019\/02\/Aline-Tayn_.jpg\",\"width\":750,\"height\":456},{\"@type\":\"WebPage\",\"@id\":\"http:\/\/www.polisrecreio.com.br\/site\/2019\/02\/04\/cadastro-para-estagio-remunerado-de-professores-em-recreio-vai-ate-sexta-feira-8\/#webpage\",\"url\":\"http:\/\/www.polisrecreio.com.br\/site\/2019\/02\/04\/cadastro-para-estagio-remunerado-de-professores-em-recreio-vai-ate-sexta-feira-8\/\",\"name\":\"Cadastro para est\\u00e1gio remunerado de professores em Recreio vai at\\u00e9 sexta-feira (8) - P\\u00f3lis Recreio\",\"isPartOf\":{\"@id\":\"https:\/\/www.polisrecreio.com.br\/site\/#website\"},\"primaryImageOfPage\":{\"@id\":\"http:\/\/www.polisrecreio.com.br\/site\/2019\/02\/04\/cadastro-para-estagio-remunerado-de-professores-em-recreio-vai-ate-sexta-feira-8\/#primaryimage\"},\"datePublished\":\"2019-02-04T11:03:50+00:00\",\"dateModified\":\"2019-02-04T11:04:47+00:00\",\"author\":{\"@id\":\"https:\/\/www.polisrecreio.com.br\/site\/#\/schema\/person\/3363c1c78e1e28e1329d97adb387638e\"},\"inLanguage\":\"pt-BR\",\"potentialAction\":[{\"@type\":\"ReadAction\",\"target\":[\"http:\/\/www.polisrecreio.com.br\/site\/2019\/02\/04\/cadastro-para-estagio-remunerado-de-professores-em-recreio-vai-ate-sexta-feira-8\/\"]}]},{\"@type\":\"Person\",\"@id\":\"https:\/\/www.polisrecreio.com.br\/site\/#\/schema\/person\/3363c1c78e1e28e1329d97adb387638e\",\"name\":\"Leonardo Ribeiro\",\"image\":{\"@type\":\"ImageObject\",\"@id\":\"https:\/\/www.polisrecreio.com.br\/site\/#personlogo\",\"inLanguage\":\"pt-BR\",\"url\":\"https:\/\/secure.gravatar.com\/avatar\/6ba92a37d621e1a83e23710251178a12?s=96&d=mm&r=g\",\"caption\":\"Leonardo Ribeiro\"},\"sameAs\":[\"http:\/\/www.polisrecreio.com.br\"]}]}<\/script>\n<!-- \/ Yoast SEO plugin. -->","_links":{"self":[{"href":"https:\/\/www.polisrecreio.com.br\/site\/wp-json\/wp\/v2\/posts\/12890"}],"collection":[{"href":"https:\/\/www.polisrecreio.com.br\/site\/wp-json\/wp\/v2\/posts"}],"about":[{"href":"https:\/\/www.polisrecreio.com.br\/site\/wp-json\/wp\/v2\/types\/post"}],"author":[{"embeddable":true,"href":"https:\/\/www.polisrecreio.com.br\/site\/wp-json\/wp\/v2\/users\/3"}],"replies":[{"embeddable":true,"href":"https:\/\/www.polisrecreio.com.br\/site\/wp-json\/wp\/v2\/comments?post=12890"}],"version-history":[{"count":2,"href":"https:\/\/www.polisrecreio.com.br\/site\/wp-json\/wp\/v2\/posts\/12890\/revisions"}],"predecessor-version":[{"id":12893,"href":"https:\/\/www.polisrecreio.com.br\/site\/wp-json\/wp\/v2\/posts\/12890\/revisions\/12893"}],"wp:featuredmedia":[{"embeddable":true,"href":"https:\/\/www.polisrecreio.com.br\/site\/wp-json\/wp\/v2\/media\/12891"}],"wp:attachment":[{"href":"https:\/\/www.polisrecreio.com.br\/site\/wp-json\/wp\/v2\/media?parent=12890"}],"wp:term":[{"taxonomy":"category","embeddable":true,"href":"https:\/\/www.polisrecreio.com.br\/site\/wp-json\/wp\/v2\/categories?post=12890"},{"taxonomy":"post_tag","embeddable":true,"href":"https:\/\/www.polisrecreio.com.br\/site\/wp-json\/wp\/v2\/tags?post=12890"}],"curies":[{"name":"wp","href":"https:\/\/api.w.org\/{rel}","templated":true}]}}