{"id":12899,"date":"2019-02-04T20:35:38","date_gmt":"2019-02-04T23:35:38","guid":{"rendered":"http:\/\/www.polisrecreio.com.br\/site\/?p=12899"},"modified":"2019-02-04T20:35:38","modified_gmt":"2019-02-04T23:35:38","slug":"grupo-de-veterinarios-castra-mais-de-60-caes-em-recreio","status":"publish","type":"post","link":"https:\/\/www.polisrecreio.com.br\/site\/2019\/02\/04\/grupo-de-veterinarios-castra-mais-de-60-caes-em-recreio\/","title":{"rendered":"Grupo de veterin\u00e1rios castra mais de 60 c\u00e3es em Recreio"},"content":{"rendered":"<p style=\"text-align: justify;\">Um grupo de veterin\u00e1rios castrou gratuitamente mais de 60 c\u00e3es em Recreio no \u00faltimo s\u00e1bado (2) atrav\u00e9s do projeto \u201cCastra\u00e7\u00e3o de Animais de Rua ou Adotados\u201d, criado pelo grupo \u201cSOS C\u00e3es de Recreio\u201d.<\/p>\n<p><!--more--><\/p>\n<figure id=\"attachment_12900\" aria-describedby=\"caption-attachment-12900\" style=\"width: 718px\" class=\"wp-caption aligncenter\"><a href=\"http:\/\/www.polisrecreio.com.br\/site\/wp-content\/uploads\/2019\/02\/50ac9cb7-c308-402e-88cd-39848389a4a4.jpg\"><img loading=\"lazy\" class=\"wp-image-12900 size-full\" src=\"http:\/\/www.polisrecreio.com.br\/site\/wp-content\/uploads\/2019\/02\/50ac9cb7-c308-402e-88cd-39848389a4a4.jpg\" alt=\"\" width=\"718\" height=\"457\" srcset=\"https:\/\/www.polisrecreio.com.br\/site\/wp-content\/uploads\/2019\/02\/50ac9cb7-c308-402e-88cd-39848389a4a4.jpg 718w, https:\/\/www.polisrecreio.com.br\/site\/wp-content\/uploads\/2019\/02\/50ac9cb7-c308-402e-88cd-39848389a4a4-300x191.jpg 300w\" sizes=\"(max-width: 718px) 100vw, 718px\" \/><\/a><figcaption id=\"caption-attachment-12900\" class=\"wp-caption-text\">Veterin\u00e1rios e assistente.<\/figcaption><\/figure>\n<p style=\"text-align: justify;\">As castra\u00e7\u00f5es come\u00e7aram logo pela manh\u00e3 e foram at\u00e9 o final da tarde. O projeto recebeu apoio da Casa do Fazendeiro, da Prefeitura Municipal de Recreio, de doa\u00e7\u00f5es da popula\u00e7\u00e3o e de com\u00e9rcios da cidade.<\/p>\n<p style=\"text-align: justify;\">Os procedimentos realizados na Casa do Fazendeiro foram conduzidos pelos m\u00e9dicos veterin\u00e1rios: J\u00e2nio Gomes de Barros, Laura Elisa Teixeira Andrade, Sara Andrade e Lara Lacerda, com assist\u00eancia de Neise Barros.<\/p>\n<p>Os animais castrados foram selecionados pelo grupo\u00a0\u201cSOS C\u00e3es de Recreio\u201d.<\/p>\n","protected":false},"excerpt":{"rendered":"<p>Um grupo de veterin\u00e1rios castrou gratuitamente mais de 60 c\u00e3es em Recreio no \u00faltimo s\u00e1bado (2) atrav\u00e9s do projeto \u201cCastra\u00e7\u00e3o de Animais de Rua ou Adotados\u201d, criado pelo grupo \u201cSOS C\u00e3es de Recreio\u201d.<\/p>\n","protected":false},"author":3,"featured_media":12900,"comment_status":"open","ping_status":"open","sticky":false,"template":"","format":"standard","meta":[],"categories":[6],"tags":[],"yoast_head":"<!-- This site is optimized with the Yoast SEO plugin v15.6.2 - https:\/\/yoast.com\/wordpress\/plugins\/seo\/ -->\n<meta name=\"robots\" content=\"index, follow, max-snippet:-1, max-image-preview:large, max-video-preview:-1\" \/>\n<link rel=\"canonical\" href=\"https:\/\/www.polisrecreio.com.br\/site\/2019\/02\/04\/grupo-de-veterinarios-castra-mais-de-60-caes-em-recreio\/\" \/>\n<meta property=\"og:locale\" content=\"pt_BR\" \/>\n<meta property=\"og:type\" content=\"article\" \/>\n<meta property=\"og:title\" content=\"Grupo de veterin\u00e1rios castra mais de 60 c\u00e3es em Recreio - P\u00f3lis Recreio\" \/>\n<meta property=\"og:description\" content=\"Um grupo de veterin\u00e1rios castrou gratuitamente mais de 60 c\u00e3es em Recreio no \u00faltimo s\u00e1bado (2) atrav\u00e9s do projeto \u201cCastra\u00e7\u00e3o de Animais de Rua ou Adotados\u201d, criado pelo grupo \u201cSOS C\u00e3es de Recreio\u201d.\" \/>\n<meta property=\"og:url\" content=\"https:\/\/www.polisrecreio.com.br\/site\/2019\/02\/04\/grupo-de-veterinarios-castra-mais-de-60-caes-em-recreio\/\" \/>\n<meta property=\"og:site_name\" content=\"P\u00f3lis Recreio\" \/>\n<meta property=\"article:publisher\" content=\"https:\/\/www.facebook.com\/Site-P%c3%b3lis-Recreio-MG-181941708571019\/\" \/>\n<meta property=\"article:published_time\" content=\"2019-02-04T23:35:38+00:00\" \/>\n<meta property=\"og:image\" content=\"https:\/\/www.polisrecreio.com.br\/site\/wp-content\/uploads\/2019\/02\/50ac9cb7-c308-402e-88cd-39848389a4a4.jpg\" \/>\n\t<meta property=\"og:image:width\" content=\"718\" \/>\n\t<meta property=\"og:image:height\" content=\"457\" \/>\n<meta name=\"twitter:card\" content=\"summary_large_image\" \/>\n<meta name=\"twitter:creator\" content=\"@PolisRecreio\" \/>\n<meta name=\"twitter:site\" content=\"@PolisRecreio\" \/>\n<meta name=\"twitter:label1\" content=\"Est. reading time\">\n\t<meta name=\"twitter:data1\" content=\"1 minuto\">\n<script type=\"application\/ld+json\" class=\"yoast-schema-graph\">{\"@context\":\"https:\/\/schema.org\",\"@graph\":[{\"@type\":\"WebSite\",\"@id\":\"https:\/\/www.polisrecreio.com.br\/site\/#website\",\"url\":\"https:\/\/www.polisrecreio.com.br\/site\/\",\"name\":\"P\\u00f3lis Recreio\",\"description\":\"\",\"potentialAction\":[{\"@type\":\"SearchAction\",\"target\":\"https:\/\/www.polisrecreio.com.br\/site\/?s={search_term_string}\",\"query-input\":\"required name=search_term_string\"}],\"inLanguage\":\"pt-BR\"},{\"@type\":\"ImageObject\",\"@id\":\"https:\/\/www.polisrecreio.com.br\/site\/2019\/02\/04\/grupo-de-veterinarios-castra-mais-de-60-caes-em-recreio\/#primaryimage\",\"inLanguage\":\"pt-BR\",\"url\":\"https:\/\/www.polisrecreio.com.br\/site\/wp-content\/uploads\/2019\/02\/50ac9cb7-c308-402e-88cd-39848389a4a4.jpg\",\"width\":718,\"height\":457},{\"@type\":\"WebPage\",\"@id\":\"https:\/\/www.polisrecreio.com.br\/site\/2019\/02\/04\/grupo-de-veterinarios-castra-mais-de-60-caes-em-recreio\/#webpage\",\"url\":\"https:\/\/www.polisrecreio.com.br\/site\/2019\/02\/04\/grupo-de-veterinarios-castra-mais-de-60-caes-em-recreio\/\",\"name\":\"Grupo de veterin\\u00e1rios castra mais de 60 c\\u00e3es em Recreio - P\\u00f3lis Recreio\",\"isPartOf\":{\"@id\":\"https:\/\/www.polisrecreio.com.br\/site\/#website\"},\"primaryImageOfPage\":{\"@id\":\"https:\/\/www.polisrecreio.com.br\/site\/2019\/02\/04\/grupo-de-veterinarios-castra-mais-de-60-caes-em-recreio\/#primaryimage\"},\"datePublished\":\"2019-02-04T23:35:38+00:00\",\"dateModified\":\"2019-02-04T23:35:38+00:00\",\"author\":{\"@id\":\"https:\/\/www.polisrecreio.com.br\/site\/#\/schema\/person\/3363c1c78e1e28e1329d97adb387638e\"},\"inLanguage\":\"pt-BR\",\"potentialAction\":[{\"@type\":\"ReadAction\",\"target\":[\"https:\/\/www.polisrecreio.com.br\/site\/2019\/02\/04\/grupo-de-veterinarios-castra-mais-de-60-caes-em-recreio\/\"]}]},{\"@type\":\"Person\",\"@id\":\"https:\/\/www.polisrecreio.com.br\/site\/#\/schema\/person\/3363c1c78e1e28e1329d97adb387638e\",\"name\":\"Leonardo Ribeiro\",\"image\":{\"@type\":\"ImageObject\",\"@id\":\"https:\/\/www.polisrecreio.com.br\/site\/#personlogo\",\"inLanguage\":\"pt-BR\",\"url\":\"https:\/\/secure.gravatar.com\/avatar\/6ba92a37d621e1a83e23710251178a12?s=96&d=mm&r=g\",\"caption\":\"Leonardo Ribeiro\"},\"sameAs\":[\"http:\/\/www.polisrecreio.com.br\"]}]}<\/script>\n<!-- \/ Yoast SEO plugin. -->","_links":{"self":[{"href":"https:\/\/www.polisrecreio.com.br\/site\/wp-json\/wp\/v2\/posts\/12899"}],"collection":[{"href":"https:\/\/www.polisrecreio.com.br\/site\/wp-json\/wp\/v2\/posts"}],"about":[{"href":"https:\/\/www.polisrecreio.com.br\/site\/wp-json\/wp\/v2\/types\/post"}],"author":[{"embeddable":true,"href":"https:\/\/www.polisrecreio.com.br\/site\/wp-json\/wp\/v2\/users\/3"}],"replies":[{"embeddable":true,"href":"https:\/\/www.polisrecreio.com.br\/site\/wp-json\/wp\/v2\/comments?post=12899"}],"version-history":[{"count":1,"href":"https:\/\/www.polisrecreio.com.br\/site\/wp-json\/wp\/v2\/posts\/12899\/revisions"}],"predecessor-version":[{"id":12901,"href":"https:\/\/www.polisrecreio.com.br\/site\/wp-json\/wp\/v2\/posts\/12899\/revisions\/12901"}],"wp:featuredmedia":[{"embeddable":true,"href":"https:\/\/www.polisrecreio.com.br\/site\/wp-json\/wp\/v2\/media\/12900"}],"wp:attachment":[{"href":"https:\/\/www.polisrecreio.com.br\/site\/wp-json\/wp\/v2\/media?parent=12899"}],"wp:term":[{"taxonomy":"category","embeddable":true,"href":"https:\/\/www.polisrecreio.com.br\/site\/wp-json\/wp\/v2\/categories?post=12899"},{"taxonomy":"post_tag","embeddable":true,"href":"https:\/\/www.polisrecreio.com.br\/site\/wp-json\/wp\/v2\/tags?post=12899"}],"curies":[{"name":"wp","href":"https:\/\/api.w.org\/{rel}","templated":true}]}}