{"id":12902,"date":"2019-02-05T19:07:23","date_gmt":"2019-02-05T22:07:23","guid":{"rendered":"http:\/\/www.polisrecreio.com.br\/site\/?p=12902"},"modified":"2019-02-05T19:07:23","modified_gmt":"2019-02-05T22:07:23","slug":"moradores-da-cohab-dr-iraja-estao-preocupados-com-enxame-de-abelhas","status":"publish","type":"post","link":"https:\/\/www.polisrecreio.com.br\/site\/2019\/02\/05\/moradores-da-cohab-dr-iraja-estao-preocupados-com-enxame-de-abelhas\/","title":{"rendered":"Moradores da Cohab Dr. Iraj\u00e1 est\u00e3o preocupados com enxame de abelhas"},"content":{"rendered":"<p style=\"text-align: justify;\">Moradores da Cohab Dr. Iraj\u00e1 Jos\u00e9 Fernandes, no bairro Jos\u00e9 Taranto Luz, est\u00e3o preocupados com um enxame de abelhas que est\u00e1 em uma das vias do bairro, na Rua Jos\u00e9 Amaury Teixeira de Barros (Rua K). Segundo eles, o maior temor \u00e9 que as crian\u00e7as sejam picadas.<\/p>\n<p><!--more--><\/p>\n<p><a href=\"http:\/\/www.polisrecreio.com.br\/site\/wp-content\/uploads\/2019\/02\/41401193_2202020250087763_7573187623968047104_n.jpg\"><img loading=\"lazy\" class=\"aligncenter size-full wp-image-12910\" src=\"http:\/\/www.polisrecreio.com.br\/site\/wp-content\/uploads\/2019\/02\/41401193_2202020250087763_7573187623968047104_n.jpg\" alt=\"\" width=\"750\" height=\"520\" srcset=\"https:\/\/www.polisrecreio.com.br\/site\/wp-content\/uploads\/2019\/02\/41401193_2202020250087763_7573187623968047104_n.jpg 750w, https:\/\/www.polisrecreio.com.br\/site\/wp-content\/uploads\/2019\/02\/41401193_2202020250087763_7573187623968047104_n-300x208.jpg 300w\" sizes=\"(max-width: 750px) 100vw, 750px\" \/><\/a><\/p>\n<p style=\"text-align: justify;\">O Site P\u00f3lis entrou em contato com Igor Miranda, da Defesa Civil Municipal. De acordo com ele por indica\u00e7\u00e3o do Corpo de Bombeiros \u00e9 necess\u00e1rio aguardar aproximadamente tr\u00eas dias, pois, como as abelhas n\u00e3o constru\u00edram colmeias \u00e9 poss\u00edvel que elas voem para outro local. \u201cCaso haja sinais da constru\u00e7\u00e3o destas colmeias ou da perman\u00eancia das abelhas nos pr\u00f3ximos dias os moradores devem acionar imediatamente a Defesa Civil Municipal ou o Corpo de Bombeiros diretamente pelo telefone 193\u201d, informou Igor Miranda. Entretanto, ele lembra que a retirada deste inseto \u00e9 complexa.<\/p>\n<p style=\"text-align: justify;\">Em mar\u00e7o do \u00faltimo ano, um enxame de abelhas no Canto da F\u00e1brica foi retirado pelo Corpo de Bombeiros de Leopoldina, ap\u00f3s a Defesa Civil Municipal realizar o contato com a corpora\u00e7\u00e3o.<\/p>\n","protected":false},"excerpt":{"rendered":"<p>Moradores da Cohab Dr. Iraj\u00e1 Jos\u00e9 Fernandes, no bairro Jos\u00e9 Taranto Luz, est\u00e3o preocupados com um enxame de abelhas que est\u00e1 em uma das vias do bairro, na Rua Jos\u00e9 Amaury Teixeira de Barros (Rua K). Segundo eles, o maior temor \u00e9 que as crian\u00e7as sejam picadas.<\/p>\n","protected":false},"author":3,"featured_media":12910,"comment_status":"open","ping_status":"open","sticky":false,"template":"","format":"standard","meta":[],"categories":[6],"tags":[],"yoast_head":"<!-- This site is optimized with the Yoast SEO plugin v15.6.2 - https:\/\/yoast.com\/wordpress\/plugins\/seo\/ -->\n<meta name=\"robots\" content=\"index, follow, max-snippet:-1, max-image-preview:large, max-video-preview:-1\" \/>\n<link rel=\"canonical\" href=\"https:\/\/www.polisrecreio.com.br\/site\/2019\/02\/05\/moradores-da-cohab-dr-iraja-estao-preocupados-com-enxame-de-abelhas\/\" \/>\n<meta property=\"og:locale\" content=\"pt_BR\" \/>\n<meta property=\"og:type\" content=\"article\" \/>\n<meta property=\"og:title\" content=\"Moradores da Cohab Dr. Iraj\u00e1 est\u00e3o preocupados com enxame de abelhas - P\u00f3lis Recreio\" \/>\n<meta property=\"og:description\" content=\"Moradores da Cohab Dr. Iraj\u00e1 Jos\u00e9 Fernandes, no bairro Jos\u00e9 Taranto Luz, est\u00e3o preocupados com um enxame de abelhas que est\u00e1 em uma das vias do bairro, na Rua Jos\u00e9 Amaury Teixeira de Barros (Rua K). Segundo eles, o maior temor \u00e9 que as crian\u00e7as sejam picadas.\" \/>\n<meta property=\"og:url\" content=\"https:\/\/www.polisrecreio.com.br\/site\/2019\/02\/05\/moradores-da-cohab-dr-iraja-estao-preocupados-com-enxame-de-abelhas\/\" \/>\n<meta property=\"og:site_name\" content=\"P\u00f3lis Recreio\" \/>\n<meta property=\"article:publisher\" content=\"https:\/\/www.facebook.com\/Site-P%c3%b3lis-Recreio-MG-181941708571019\/\" \/>\n<meta property=\"article:published_time\" content=\"2019-02-05T22:07:23+00:00\" \/>\n<meta property=\"og:image\" content=\"https:\/\/www.polisrecreio.com.br\/site\/wp-content\/uploads\/2019\/02\/41401193_2202020250087763_7573187623968047104_n.jpg\" \/>\n\t<meta property=\"og:image:width\" content=\"750\" \/>\n\t<meta property=\"og:image:height\" content=\"520\" \/>\n<meta name=\"twitter:card\" content=\"summary_large_image\" \/>\n<meta name=\"twitter:creator\" content=\"@PolisRecreio\" \/>\n<meta name=\"twitter:site\" content=\"@PolisRecreio\" \/>\n<meta name=\"twitter:label1\" content=\"Est. reading time\">\n\t<meta name=\"twitter:data1\" content=\"1 minuto\">\n<script type=\"application\/ld+json\" class=\"yoast-schema-graph\">{\"@context\":\"https:\/\/schema.org\",\"@graph\":[{\"@type\":\"WebSite\",\"@id\":\"https:\/\/www.polisrecreio.com.br\/site\/#website\",\"url\":\"https:\/\/www.polisrecreio.com.br\/site\/\",\"name\":\"P\\u00f3lis Recreio\",\"description\":\"\",\"potentialAction\":[{\"@type\":\"SearchAction\",\"target\":\"https:\/\/www.polisrecreio.com.br\/site\/?s={search_term_string}\",\"query-input\":\"required name=search_term_string\"}],\"inLanguage\":\"pt-BR\"},{\"@type\":\"ImageObject\",\"@id\":\"https:\/\/www.polisrecreio.com.br\/site\/2019\/02\/05\/moradores-da-cohab-dr-iraja-estao-preocupados-com-enxame-de-abelhas\/#primaryimage\",\"inLanguage\":\"pt-BR\",\"url\":\"https:\/\/www.polisrecreio.com.br\/site\/wp-content\/uploads\/2019\/02\/41401193_2202020250087763_7573187623968047104_n.jpg\",\"width\":750,\"height\":520},{\"@type\":\"WebPage\",\"@id\":\"https:\/\/www.polisrecreio.com.br\/site\/2019\/02\/05\/moradores-da-cohab-dr-iraja-estao-preocupados-com-enxame-de-abelhas\/#webpage\",\"url\":\"https:\/\/www.polisrecreio.com.br\/site\/2019\/02\/05\/moradores-da-cohab-dr-iraja-estao-preocupados-com-enxame-de-abelhas\/\",\"name\":\"Moradores da Cohab Dr. Iraj\\u00e1 est\\u00e3o preocupados com enxame de abelhas - P\\u00f3lis Recreio\",\"isPartOf\":{\"@id\":\"https:\/\/www.polisrecreio.com.br\/site\/#website\"},\"primaryImageOfPage\":{\"@id\":\"https:\/\/www.polisrecreio.com.br\/site\/2019\/02\/05\/moradores-da-cohab-dr-iraja-estao-preocupados-com-enxame-de-abelhas\/#primaryimage\"},\"datePublished\":\"2019-02-05T22:07:23+00:00\",\"dateModified\":\"2019-02-05T22:07:23+00:00\",\"author\":{\"@id\":\"https:\/\/www.polisrecreio.com.br\/site\/#\/schema\/person\/3363c1c78e1e28e1329d97adb387638e\"},\"inLanguage\":\"pt-BR\",\"potentialAction\":[{\"@type\":\"ReadAction\",\"target\":[\"https:\/\/www.polisrecreio.com.br\/site\/2019\/02\/05\/moradores-da-cohab-dr-iraja-estao-preocupados-com-enxame-de-abelhas\/\"]}]},{\"@type\":\"Person\",\"@id\":\"https:\/\/www.polisrecreio.com.br\/site\/#\/schema\/person\/3363c1c78e1e28e1329d97adb387638e\",\"name\":\"Leonardo Ribeiro\",\"image\":{\"@type\":\"ImageObject\",\"@id\":\"https:\/\/www.polisrecreio.com.br\/site\/#personlogo\",\"inLanguage\":\"pt-BR\",\"url\":\"https:\/\/secure.gravatar.com\/avatar\/6ba92a37d621e1a83e23710251178a12?s=96&d=mm&r=g\",\"caption\":\"Leonardo Ribeiro\"},\"sameAs\":[\"http:\/\/www.polisrecreio.com.br\"]}]}<\/script>\n<!-- \/ Yoast SEO plugin. -->","_links":{"self":[{"href":"https:\/\/www.polisrecreio.com.br\/site\/wp-json\/wp\/v2\/posts\/12902"}],"collection":[{"href":"https:\/\/www.polisrecreio.com.br\/site\/wp-json\/wp\/v2\/posts"}],"about":[{"href":"https:\/\/www.polisrecreio.com.br\/site\/wp-json\/wp\/v2\/types\/post"}],"author":[{"embeddable":true,"href":"https:\/\/www.polisrecreio.com.br\/site\/wp-json\/wp\/v2\/users\/3"}],"replies":[{"embeddable":true,"href":"https:\/\/www.polisrecreio.com.br\/site\/wp-json\/wp\/v2\/comments?post=12902"}],"version-history":[{"count":1,"href":"https:\/\/www.polisrecreio.com.br\/site\/wp-json\/wp\/v2\/posts\/12902\/revisions"}],"predecessor-version":[{"id":12911,"href":"https:\/\/www.polisrecreio.com.br\/site\/wp-json\/wp\/v2\/posts\/12902\/revisions\/12911"}],"wp:featuredmedia":[{"embeddable":true,"href":"https:\/\/www.polisrecreio.com.br\/site\/wp-json\/wp\/v2\/media\/12910"}],"wp:attachment":[{"href":"https:\/\/www.polisrecreio.com.br\/site\/wp-json\/wp\/v2\/media?parent=12902"}],"wp:term":[{"taxonomy":"category","embeddable":true,"href":"https:\/\/www.polisrecreio.com.br\/site\/wp-json\/wp\/v2\/categories?post=12902"},{"taxonomy":"post_tag","embeddable":true,"href":"https:\/\/www.polisrecreio.com.br\/site\/wp-json\/wp\/v2\/tags?post=12902"}],"curies":[{"name":"wp","href":"https:\/\/api.w.org\/{rel}","templated":true}]}}