{"id":12903,"date":"2019-02-05T13:41:27","date_gmt":"2019-02-05T16:41:27","guid":{"rendered":"http:\/\/www.polisrecreio.com.br\/site\/?p=12903"},"modified":"2019-02-05T13:51:29","modified_gmt":"2019-02-05T16:51:29","slug":"quinta-feira-7-tem-reuniao-para-representantes-de-blocos-de-carnaval-no-centro-cultural","status":"publish","type":"post","link":"https:\/\/www.polisrecreio.com.br\/site\/2019\/02\/05\/quinta-feira-7-tem-reuniao-para-representantes-de-blocos-de-carnaval-no-centro-cultural\/","title":{"rendered":"Quinta-feira (7) tem reuni\u00e3o para representantes de blocos de Carnaval no Centro Cultural"},"content":{"rendered":"<p style=\"text-align: justify;\">Na pr\u00f3xima quinta-feira (7), \u00e0s 19h, tem reuni\u00e3o para os representantes de blocos de Carnaval e da escola de samba, ERUS, no Centro Cultural Aristides Dorigo, em Recreio. Na pauta estar\u00e3o assuntos relacionados a organiza\u00e7\u00e3o do evento e medidas de seguran\u00e7a conforme orienta\u00e7\u00f5es que ser\u00e3o repassadas pela Pol\u00edcia Militar.<\/p>\n<p><!--more--><\/p>\n<figure id=\"attachment_12904\" aria-describedby=\"caption-attachment-12904\" style=\"width: 750px\" class=\"wp-caption aligncenter\"><a href=\"http:\/\/www.polisrecreio.com.br\/site\/wp-content\/uploads\/2019\/02\/DSC_0326.jpg\"><img loading=\"lazy\" class=\"size-full wp-image-12904\" src=\"http:\/\/www.polisrecreio.com.br\/site\/wp-content\/uploads\/2019\/02\/DSC_0326.jpg\" alt=\"\" width=\"750\" height=\"500\" srcset=\"https:\/\/www.polisrecreio.com.br\/site\/wp-content\/uploads\/2019\/02\/DSC_0326.jpg 750w, https:\/\/www.polisrecreio.com.br\/site\/wp-content\/uploads\/2019\/02\/DSC_0326-300x200.jpg 300w\" sizes=\"(max-width: 750px) 100vw, 750px\" \/><\/a><figcaption id=\"caption-attachment-12904\" class=\"wp-caption-text\">Reuni\u00e3o no Centro Cultural, em 2017. Foto: Arquivo.<\/figcaption><\/figure>\n<p style=\"text-align: justify;\">Em Recreio, este ano, devido \u00e0 crise financeira influenciada pela d\u00edvida do Governo do Estado com a Prefeitura, calculada pela Associa\u00e7\u00e3o Mineira de Munic\u00edpios em mais de R$ 3 milh\u00f5es, o Carnaval n\u00e3o ser\u00e1 organizado com recursos financeiros da administra\u00e7\u00e3o p\u00fablica. O decreto <a href=\"http:\/\/recreio.mg.gov.br\/images\/Decretos\/2018\/decreto177.pdf\" target=\"_blank\" rel=\"noopener\">177\/2018<\/a> assinado pelo prefeito Jos\u00e9 Maria Barros em 4 de dezembro decretou situa\u00e7\u00e3o de emerg\u00eancia financeira no Munic\u00edpio. A vig\u00eancia do documento \u00e9 de 120 dias, podendo ser prorrogado ou revogado conforme as circunst\u00e2ncias.<\/p>\n<p style=\"text-align: justify;\">O Centro Cultural Aristides Dorigo fica na antiga esta\u00e7\u00e3o ferrovi\u00e1ria de Recreio, no Centro.<\/p>\n","protected":false},"excerpt":{"rendered":"<p>Na pr\u00f3xima quinta-feira (7), \u00e0s 19h, tem reuni\u00e3o para os representantes de blocos de Carnaval e da escola de samba, ERUS, no Centro Cultural Aristides Dorigo, em Recreio. Na pauta estar\u00e3o assuntos relacionados a organiza\u00e7\u00e3o do evento e medidas de seguran\u00e7a conforme orienta\u00e7\u00f5es que ser\u00e3o repassadas pela Pol\u00edcia Militar.<\/p>\n","protected":false},"author":3,"featured_media":12904,"comment_status":"open","ping_status":"open","sticky":false,"template":"","format":"standard","meta":[],"categories":[2],"tags":[],"yoast_head":"<!-- This site is optimized with the Yoast SEO plugin v15.6.2 - https:\/\/yoast.com\/wordpress\/plugins\/seo\/ -->\n<meta name=\"robots\" content=\"index, follow, max-snippet:-1, max-image-preview:large, max-video-preview:-1\" \/>\n<link rel=\"canonical\" href=\"https:\/\/www.polisrecreio.com.br\/site\/2019\/02\/05\/quinta-feira-7-tem-reuniao-para-representantes-de-blocos-de-carnaval-no-centro-cultural\/\" \/>\n<meta property=\"og:locale\" content=\"pt_BR\" \/>\n<meta property=\"og:type\" content=\"article\" \/>\n<meta property=\"og:title\" content=\"Quinta-feira (7) tem reuni\u00e3o para representantes de blocos de Carnaval no Centro Cultural - P\u00f3lis Recreio\" \/>\n<meta property=\"og:description\" content=\"Na pr\u00f3xima quinta-feira (7), \u00e0s 19h, tem reuni\u00e3o para os representantes de blocos de Carnaval e da escola de samba, ERUS, no Centro Cultural Aristides Dorigo, em Recreio. Na pauta estar\u00e3o assuntos relacionados a organiza\u00e7\u00e3o do evento e medidas de seguran\u00e7a conforme orienta\u00e7\u00f5es que ser\u00e3o repassadas pela Pol\u00edcia Militar.\" \/>\n<meta property=\"og:url\" content=\"https:\/\/www.polisrecreio.com.br\/site\/2019\/02\/05\/quinta-feira-7-tem-reuniao-para-representantes-de-blocos-de-carnaval-no-centro-cultural\/\" \/>\n<meta property=\"og:site_name\" content=\"P\u00f3lis Recreio\" \/>\n<meta property=\"article:publisher\" content=\"https:\/\/www.facebook.com\/Site-P%c3%b3lis-Recreio-MG-181941708571019\/\" \/>\n<meta property=\"article:published_time\" content=\"2019-02-05T16:41:27+00:00\" \/>\n<meta property=\"article:modified_time\" content=\"2019-02-05T16:51:29+00:00\" \/>\n<meta property=\"og:image\" content=\"https:\/\/www.polisrecreio.com.br\/site\/wp-content\/uploads\/2019\/02\/DSC_0326.jpg\" \/>\n\t<meta property=\"og:image:width\" content=\"750\" \/>\n\t<meta property=\"og:image:height\" content=\"500\" \/>\n<meta name=\"twitter:card\" content=\"summary_large_image\" \/>\n<meta name=\"twitter:creator\" content=\"@PolisRecreio\" \/>\n<meta name=\"twitter:site\" content=\"@PolisRecreio\" \/>\n<meta name=\"twitter:label1\" content=\"Est. reading time\">\n\t<meta name=\"twitter:data1\" content=\"1 minuto\">\n<script type=\"application\/ld+json\" class=\"yoast-schema-graph\">{\"@context\":\"https:\/\/schema.org\",\"@graph\":[{\"@type\":\"WebSite\",\"@id\":\"https:\/\/www.polisrecreio.com.br\/site\/#website\",\"url\":\"https:\/\/www.polisrecreio.com.br\/site\/\",\"name\":\"P\\u00f3lis Recreio\",\"description\":\"\",\"potentialAction\":[{\"@type\":\"SearchAction\",\"target\":\"https:\/\/www.polisrecreio.com.br\/site\/?s={search_term_string}\",\"query-input\":\"required name=search_term_string\"}],\"inLanguage\":\"pt-BR\"},{\"@type\":\"ImageObject\",\"@id\":\"https:\/\/www.polisrecreio.com.br\/site\/2019\/02\/05\/quinta-feira-7-tem-reuniao-para-representantes-de-blocos-de-carnaval-no-centro-cultural\/#primaryimage\",\"inLanguage\":\"pt-BR\",\"url\":\"https:\/\/www.polisrecreio.com.br\/site\/wp-content\/uploads\/2019\/02\/DSC_0326.jpg\",\"width\":750,\"height\":500,\"caption\":\"Reuni\\u00e3o no Centro Cultural, em 2017. Foto: Arquivo.\"},{\"@type\":\"WebPage\",\"@id\":\"https:\/\/www.polisrecreio.com.br\/site\/2019\/02\/05\/quinta-feira-7-tem-reuniao-para-representantes-de-blocos-de-carnaval-no-centro-cultural\/#webpage\",\"url\":\"https:\/\/www.polisrecreio.com.br\/site\/2019\/02\/05\/quinta-feira-7-tem-reuniao-para-representantes-de-blocos-de-carnaval-no-centro-cultural\/\",\"name\":\"Quinta-feira (7) tem reuni\\u00e3o para representantes de blocos de Carnaval no Centro Cultural - P\\u00f3lis Recreio\",\"isPartOf\":{\"@id\":\"https:\/\/www.polisrecreio.com.br\/site\/#website\"},\"primaryImageOfPage\":{\"@id\":\"https:\/\/www.polisrecreio.com.br\/site\/2019\/02\/05\/quinta-feira-7-tem-reuniao-para-representantes-de-blocos-de-carnaval-no-centro-cultural\/#primaryimage\"},\"datePublished\":\"2019-02-05T16:41:27+00:00\",\"dateModified\":\"2019-02-05T16:51:29+00:00\",\"author\":{\"@id\":\"https:\/\/www.polisrecreio.com.br\/site\/#\/schema\/person\/3363c1c78e1e28e1329d97adb387638e\"},\"inLanguage\":\"pt-BR\",\"potentialAction\":[{\"@type\":\"ReadAction\",\"target\":[\"https:\/\/www.polisrecreio.com.br\/site\/2019\/02\/05\/quinta-feira-7-tem-reuniao-para-representantes-de-blocos-de-carnaval-no-centro-cultural\/\"]}]},{\"@type\":\"Person\",\"@id\":\"https:\/\/www.polisrecreio.com.br\/site\/#\/schema\/person\/3363c1c78e1e28e1329d97adb387638e\",\"name\":\"Leonardo Ribeiro\",\"image\":{\"@type\":\"ImageObject\",\"@id\":\"https:\/\/www.polisrecreio.com.br\/site\/#personlogo\",\"inLanguage\":\"pt-BR\",\"url\":\"https:\/\/secure.gravatar.com\/avatar\/6ba92a37d621e1a83e23710251178a12?s=96&d=mm&r=g\",\"caption\":\"Leonardo Ribeiro\"},\"sameAs\":[\"http:\/\/www.polisrecreio.com.br\"]}]}<\/script>\n<!-- \/ Yoast SEO plugin. -->","_links":{"self":[{"href":"https:\/\/www.polisrecreio.com.br\/site\/wp-json\/wp\/v2\/posts\/12903"}],"collection":[{"href":"https:\/\/www.polisrecreio.com.br\/site\/wp-json\/wp\/v2\/posts"}],"about":[{"href":"https:\/\/www.polisrecreio.com.br\/site\/wp-json\/wp\/v2\/types\/post"}],"author":[{"embeddable":true,"href":"https:\/\/www.polisrecreio.com.br\/site\/wp-json\/wp\/v2\/users\/3"}],"replies":[{"embeddable":true,"href":"https:\/\/www.polisrecreio.com.br\/site\/wp-json\/wp\/v2\/comments?post=12903"}],"version-history":[{"count":5,"href":"https:\/\/www.polisrecreio.com.br\/site\/wp-json\/wp\/v2\/posts\/12903\/revisions"}],"predecessor-version":[{"id":12909,"href":"https:\/\/www.polisrecreio.com.br\/site\/wp-json\/wp\/v2\/posts\/12903\/revisions\/12909"}],"wp:featuredmedia":[{"embeddable":true,"href":"https:\/\/www.polisrecreio.com.br\/site\/wp-json\/wp\/v2\/media\/12904"}],"wp:attachment":[{"href":"https:\/\/www.polisrecreio.com.br\/site\/wp-json\/wp\/v2\/media?parent=12903"}],"wp:term":[{"taxonomy":"category","embeddable":true,"href":"https:\/\/www.polisrecreio.com.br\/site\/wp-json\/wp\/v2\/categories?post=12903"},{"taxonomy":"post_tag","embeddable":true,"href":"https:\/\/www.polisrecreio.com.br\/site\/wp-json\/wp\/v2\/tags?post=12903"}],"curies":[{"name":"wp","href":"https:\/\/api.w.org\/{rel}","templated":true}]}}