{"id":12917,"date":"2019-02-06T12:57:22","date_gmt":"2019-02-06T15:57:22","guid":{"rendered":"http:\/\/www.polisrecreio.com.br\/site\/?p=12917"},"modified":"2019-02-06T12:59:07","modified_gmt":"2019-02-06T15:59:07","slug":"governo-de-minas-divulga-escala-de-pagamento-de-fevereiro-e-marco","status":"publish","type":"post","link":"https:\/\/www.polisrecreio.com.br\/site\/2019\/02\/06\/governo-de-minas-divulga-escala-de-pagamento-de-fevereiro-e-marco\/","title":{"rendered":"Governo de Minas divulga escala de pagamento de fevereiro e mar\u00e7o"},"content":{"rendered":"<p style=\"text-align: justify;\">O Governo de Minas divulgou por meio do secret\u00e1rio da Fazenda, Gustavo Barbosa, a escala de pagamento de fevereiro e mar\u00e7o. As primeiras parcelas ser\u00e3o pagas no dia 13 de cada m\u00eas.<\/p>\n<p><!--more--><\/p>\n<p><a href=\"http:\/\/www.polisrecreio.com.br\/site\/wp-content\/uploads\/2018\/11\/big-camg1.jpg\"><img loading=\"lazy\" class=\"aligncenter size-full wp-image-11754\" src=\"http:\/\/www.polisrecreio.com.br\/site\/wp-content\/uploads\/2018\/11\/big-camg1.jpg\" alt=\"\" width=\"800\" height=\"533\" srcset=\"https:\/\/www.polisrecreio.com.br\/site\/wp-content\/uploads\/2018\/11\/big-camg1.jpg 800w, https:\/\/www.polisrecreio.com.br\/site\/wp-content\/uploads\/2018\/11\/big-camg1-300x200.jpg 300w, https:\/\/www.polisrecreio.com.br\/site\/wp-content\/uploads\/2018\/11\/big-camg1-768x512.jpg 768w\" sizes=\"(max-width: 800px) 100vw, 800px\" \/><\/a><\/p>\n<p style=\"text-align: justify;\">Veja:<\/p>\n<p style=\"text-align: justify;\">Fevereiro<\/p>\n<ul>\n<li style=\"text-align: justify;\">1\u00aa parcela (13\/02) \u2013 at\u00e9 R$ 2 mil para todas as categorias e at\u00e9 R$ 3 mil para os servidores da sa\u00fade e seguran\u00e7a p\u00fablica;<\/li>\n<li style=\"text-align: justify;\">2\u00aa parcela (25\/02) \u2013 quita o restante dos sal\u00e1rios de todos os servidores.<\/li>\n<\/ul>\n<p>Mar\u00e7o<\/p>\n<ul>\n<li style=\"text-align: justify;\">1\u00aa parcela (13\/03) \u2013 at\u00e9 R$ 2 mil para todas as categorias e at\u00e9 R$ 3 mil para os servidores da sa\u00fade e seguran\u00e7a p\u00fablica;<\/li>\n<li style=\"text-align: justify;\">2\u00aa parcela (26\/03) \u2013 quita o restante dos sal\u00e1rios de todos os servidores.<\/li>\n<\/ul>\n<p><strong>13\u00ba sal\u00e1rio<\/strong><\/p>\n<p style=\"text-align: justify;\">O 13\u00ba sal\u00e1rio de 2018, que deveria ter sido pago ao final de dezembro pelo ex-governador Fernando Pimentel (PT), come\u00e7a a ser pago neste m\u00eas pelo governador Romeu Zema (NOVO). A primeira, das 11 parcelas, est\u00e1 prevista para o dia 21 de fevereiro.<\/p>\n","protected":false},"excerpt":{"rendered":"<p>O Governo de Minas divulgou por meio do secret\u00e1rio da Fazenda, Gustavo Barbosa, a escala de pagamento de fevereiro e mar\u00e7o. As primeiras parcelas ser\u00e3o pagas no dia 13 de cada m\u00eas.<\/p>\n","protected":false},"author":3,"featured_media":12594,"comment_status":"open","ping_status":"open","sticky":false,"template":"","format":"standard","meta":[],"categories":[5],"tags":[],"yoast_head":"<!-- This site is optimized with the Yoast SEO plugin v15.6.2 - https:\/\/yoast.com\/wordpress\/plugins\/seo\/ -->\n<meta name=\"robots\" content=\"index, follow, max-snippet:-1, max-image-preview:large, max-video-preview:-1\" \/>\n<link rel=\"canonical\" href=\"https:\/\/www.polisrecreio.com.br\/site\/2019\/02\/06\/governo-de-minas-divulga-escala-de-pagamento-de-fevereiro-e-marco\/\" \/>\n<meta property=\"og:locale\" content=\"pt_BR\" \/>\n<meta property=\"og:type\" content=\"article\" \/>\n<meta property=\"og:title\" content=\"Governo de Minas divulga escala de pagamento de fevereiro e mar\u00e7o - P\u00f3lis Recreio\" \/>\n<meta property=\"og:description\" content=\"O Governo de Minas divulgou por meio do secret\u00e1rio da Fazenda, Gustavo Barbosa, a escala de pagamento de fevereiro e mar\u00e7o. As primeiras parcelas ser\u00e3o pagas no dia 13 de cada m\u00eas.\" \/>\n<meta property=\"og:url\" content=\"https:\/\/www.polisrecreio.com.br\/site\/2019\/02\/06\/governo-de-minas-divulga-escala-de-pagamento-de-fevereiro-e-marco\/\" \/>\n<meta property=\"og:site_name\" content=\"P\u00f3lis Recreio\" \/>\n<meta property=\"article:publisher\" content=\"https:\/\/www.facebook.com\/Site-P%c3%b3lis-Recreio-MG-181941708571019\/\" \/>\n<meta property=\"article:published_time\" content=\"2019-02-06T15:57:22+00:00\" \/>\n<meta property=\"article:modified_time\" content=\"2019-02-06T15:59:07+00:00\" \/>\n<meta property=\"og:image\" content=\"https:\/\/www.polisrecreio.com.br\/site\/wp-content\/uploads\/2019\/01\/Cidade-Administrativa-Wikipedia.jpg\" \/>\n\t<meta property=\"og:image:width\" content=\"750\" \/>\n\t<meta property=\"og:image:height\" content=\"500\" \/>\n<meta name=\"twitter:card\" content=\"summary_large_image\" \/>\n<meta name=\"twitter:creator\" content=\"@PolisRecreio\" \/>\n<meta name=\"twitter:site\" content=\"@PolisRecreio\" \/>\n<meta name=\"twitter:label1\" content=\"Est. reading time\">\n\t<meta name=\"twitter:data1\" content=\"1 minuto\">\n<script type=\"application\/ld+json\" class=\"yoast-schema-graph\">{\"@context\":\"https:\/\/schema.org\",\"@graph\":[{\"@type\":\"WebSite\",\"@id\":\"https:\/\/www.polisrecreio.com.br\/site\/#website\",\"url\":\"https:\/\/www.polisrecreio.com.br\/site\/\",\"name\":\"P\\u00f3lis Recreio\",\"description\":\"\",\"potentialAction\":[{\"@type\":\"SearchAction\",\"target\":\"https:\/\/www.polisrecreio.com.br\/site\/?s={search_term_string}\",\"query-input\":\"required name=search_term_string\"}],\"inLanguage\":\"pt-BR\"},{\"@type\":\"ImageObject\",\"@id\":\"https:\/\/www.polisrecreio.com.br\/site\/2019\/02\/06\/governo-de-minas-divulga-escala-de-pagamento-de-fevereiro-e-marco\/#primaryimage\",\"inLanguage\":\"pt-BR\",\"url\":\"https:\/\/www.polisrecreio.com.br\/site\/wp-content\/uploads\/2019\/01\/Cidade-Administrativa-Wikipedia.jpg\",\"width\":750,\"height\":500,\"caption\":\"Cidade Administrativa MG. Foto: Leo Drumond.\"},{\"@type\":\"WebPage\",\"@id\":\"https:\/\/www.polisrecreio.com.br\/site\/2019\/02\/06\/governo-de-minas-divulga-escala-de-pagamento-de-fevereiro-e-marco\/#webpage\",\"url\":\"https:\/\/www.polisrecreio.com.br\/site\/2019\/02\/06\/governo-de-minas-divulga-escala-de-pagamento-de-fevereiro-e-marco\/\",\"name\":\"Governo de Minas divulga escala de pagamento de fevereiro e mar\\u00e7o - P\\u00f3lis Recreio\",\"isPartOf\":{\"@id\":\"https:\/\/www.polisrecreio.com.br\/site\/#website\"},\"primaryImageOfPage\":{\"@id\":\"https:\/\/www.polisrecreio.com.br\/site\/2019\/02\/06\/governo-de-minas-divulga-escala-de-pagamento-de-fevereiro-e-marco\/#primaryimage\"},\"datePublished\":\"2019-02-06T15:57:22+00:00\",\"dateModified\":\"2019-02-06T15:59:07+00:00\",\"author\":{\"@id\":\"https:\/\/www.polisrecreio.com.br\/site\/#\/schema\/person\/3363c1c78e1e28e1329d97adb387638e\"},\"inLanguage\":\"pt-BR\",\"potentialAction\":[{\"@type\":\"ReadAction\",\"target\":[\"https:\/\/www.polisrecreio.com.br\/site\/2019\/02\/06\/governo-de-minas-divulga-escala-de-pagamento-de-fevereiro-e-marco\/\"]}]},{\"@type\":\"Person\",\"@id\":\"https:\/\/www.polisrecreio.com.br\/site\/#\/schema\/person\/3363c1c78e1e28e1329d97adb387638e\",\"name\":\"Leonardo Ribeiro\",\"image\":{\"@type\":\"ImageObject\",\"@id\":\"https:\/\/www.polisrecreio.com.br\/site\/#personlogo\",\"inLanguage\":\"pt-BR\",\"url\":\"https:\/\/secure.gravatar.com\/avatar\/6ba92a37d621e1a83e23710251178a12?s=96&d=mm&r=g\",\"caption\":\"Leonardo Ribeiro\"},\"sameAs\":[\"http:\/\/www.polisrecreio.com.br\"]}]}<\/script>\n<!-- \/ Yoast SEO plugin. -->","_links":{"self":[{"href":"https:\/\/www.polisrecreio.com.br\/site\/wp-json\/wp\/v2\/posts\/12917"}],"collection":[{"href":"https:\/\/www.polisrecreio.com.br\/site\/wp-json\/wp\/v2\/posts"}],"about":[{"href":"https:\/\/www.polisrecreio.com.br\/site\/wp-json\/wp\/v2\/types\/post"}],"author":[{"embeddable":true,"href":"https:\/\/www.polisrecreio.com.br\/site\/wp-json\/wp\/v2\/users\/3"}],"replies":[{"embeddable":true,"href":"https:\/\/www.polisrecreio.com.br\/site\/wp-json\/wp\/v2\/comments?post=12917"}],"version-history":[{"count":3,"href":"https:\/\/www.polisrecreio.com.br\/site\/wp-json\/wp\/v2\/posts\/12917\/revisions"}],"predecessor-version":[{"id":12920,"href":"https:\/\/www.polisrecreio.com.br\/site\/wp-json\/wp\/v2\/posts\/12917\/revisions\/12920"}],"wp:featuredmedia":[{"embeddable":true,"href":"https:\/\/www.polisrecreio.com.br\/site\/wp-json\/wp\/v2\/media\/12594"}],"wp:attachment":[{"href":"https:\/\/www.polisrecreio.com.br\/site\/wp-json\/wp\/v2\/media?parent=12917"}],"wp:term":[{"taxonomy":"category","embeddable":true,"href":"https:\/\/www.polisrecreio.com.br\/site\/wp-json\/wp\/v2\/categories?post=12917"},{"taxonomy":"post_tag","embeddable":true,"href":"https:\/\/www.polisrecreio.com.br\/site\/wp-json\/wp\/v2\/tags?post=12917"}],"curies":[{"name":"wp","href":"https:\/\/api.w.org\/{rel}","templated":true}]}}