{"id":12921,"date":"2019-02-06T15:24:58","date_gmt":"2019-02-06T18:24:58","guid":{"rendered":"http:\/\/www.polisrecreio.com.br\/site\/?p=12921"},"modified":"2019-02-06T15:27:57","modified_gmt":"2019-02-06T18:27:57","slug":"aulas-nas-escolas-estaduais-olavo-bilac-e-presidente-carlos-luz-retornam-nesta-quinta-feira-7","status":"publish","type":"post","link":"https:\/\/www.polisrecreio.com.br\/site\/2019\/02\/06\/aulas-nas-escolas-estaduais-olavo-bilac-e-presidente-carlos-luz-retornam-nesta-quinta-feira-7\/","title":{"rendered":"Aulas nas escolas estaduais \u2013 Olavo Bilac e Presidente Carlos Luz \u2013 retornam nesta quinta-feira (7)"},"content":{"rendered":"<p style=\"text-align: justify;\">As aulas nas escolas estaduais \u2013 E.E Olavo Bilac (Recreio) e E.E Presidente Carlos Luz \u2013 (Concei\u00e7\u00e3o da Boa Vista) retornam nesta quinta-feira (7), assim como nas demais unidades educacionais sob responsabilidade do Estado. Na rede municipal a volta ser\u00e1 dia 18.<\/p>\n<p><!--more--><\/p>\n<p><a href=\"http:\/\/www.polisrecreio.com.br\/site\/wp-content\/uploads\/2019\/01\/escolas.jpg\"><img loading=\"lazy\" class=\"aligncenter size-full wp-image-12741\" src=\"http:\/\/www.polisrecreio.com.br\/site\/wp-content\/uploads\/2019\/01\/escolas.jpg\" alt=\"\" width=\"750\" height=\"500\" srcset=\"https:\/\/www.polisrecreio.com.br\/site\/wp-content\/uploads\/2019\/01\/escolas.jpg 750w, https:\/\/www.polisrecreio.com.br\/site\/wp-content\/uploads\/2019\/01\/escolas-300x200.jpg 300w\" sizes=\"(max-width: 750px) 100vw, 750px\" \/><\/a><\/p>\n<p style=\"text-align: justify;\">Conforme j\u00e1 estava programado pela Secretaria de Estado da Educa\u00e7\u00e3o de Minas Gerais o ano letivo de 2019 come\u00e7a neste dia 7. Nos tr\u00eas primeiros dias desta semana, os professores da rede estadual estiveram reunidos para programar o ano de 2019. Ao todo h\u00e1 no Estado 3.625 escolas.<\/p>\n<p style=\"text-align: justify;\">Na rede municipal de Recreio a Secretaria Municipal de Educa\u00e7\u00e3o divulgou nesta quarta-feira (6) que a volta \u00e0s aulas ser\u00e1 no dia 18 de fevereiro. Segundo informa\u00e7\u00f5es, o retorno nesta data \u00e9 influenciado pelos problemas financeiros na Administra\u00e7\u00e3o, ocasionado pela d\u00edvida do Governo do Estado com a Prefeitura, que de acordo com dados apresentados, somente na \u00e1rea de educa\u00e7\u00e3o ultrapassa R$ 1 milh\u00e3o (FUNDEB, ICMS e IPVA para Educa\u00e7\u00e3o e Transporte Escolar).<\/p>\n","protected":false},"excerpt":{"rendered":"<p>As aulas nas escolas estaduais \u2013 E.E Olavo Bilac (Recreio) e E.E Presidente Carlos Luz \u2013 (Concei\u00e7\u00e3o da Boa Vista) retornam nesta quinta-feira (7), assim como nas demais unidades educacionais sob responsabilidade do Estado. Na rede municipal a volta ser\u00e1 dia 18.<\/p>\n","protected":false},"author":3,"featured_media":12741,"comment_status":"open","ping_status":"open","sticky":false,"template":"","format":"standard","meta":[],"categories":[9],"tags":[],"yoast_head":"<!-- This site is optimized with the Yoast SEO plugin v15.6.2 - https:\/\/yoast.com\/wordpress\/plugins\/seo\/ -->\n<meta name=\"robots\" content=\"index, follow, max-snippet:-1, max-image-preview:large, max-video-preview:-1\" \/>\n<link rel=\"canonical\" href=\"https:\/\/www.polisrecreio.com.br\/site\/2019\/02\/06\/aulas-nas-escolas-estaduais-olavo-bilac-e-presidente-carlos-luz-retornam-nesta-quinta-feira-7\/\" \/>\n<meta property=\"og:locale\" content=\"pt_BR\" \/>\n<meta property=\"og:type\" content=\"article\" \/>\n<meta property=\"og:title\" content=\"Aulas nas escolas estaduais \u2013 Olavo Bilac e Presidente Carlos Luz \u2013 retornam nesta quinta-feira (7) - P\u00f3lis Recreio\" \/>\n<meta property=\"og:description\" content=\"As aulas nas escolas estaduais \u2013 E.E Olavo Bilac (Recreio) e E.E Presidente Carlos Luz \u2013 (Concei\u00e7\u00e3o da Boa Vista) retornam nesta quinta-feira (7), assim como nas demais unidades educacionais sob responsabilidade do Estado. Na rede municipal a volta ser\u00e1 dia 18.\" \/>\n<meta property=\"og:url\" content=\"https:\/\/www.polisrecreio.com.br\/site\/2019\/02\/06\/aulas-nas-escolas-estaduais-olavo-bilac-e-presidente-carlos-luz-retornam-nesta-quinta-feira-7\/\" \/>\n<meta property=\"og:site_name\" content=\"P\u00f3lis Recreio\" \/>\n<meta property=\"article:publisher\" content=\"https:\/\/www.facebook.com\/Site-P%c3%b3lis-Recreio-MG-181941708571019\/\" \/>\n<meta property=\"article:published_time\" content=\"2019-02-06T18:24:58+00:00\" \/>\n<meta property=\"article:modified_time\" content=\"2019-02-06T18:27:57+00:00\" \/>\n<meta property=\"og:image\" content=\"https:\/\/www.polisrecreio.com.br\/site\/wp-content\/uploads\/2019\/01\/escolas.jpg\" \/>\n\t<meta property=\"og:image:width\" content=\"750\" \/>\n\t<meta property=\"og:image:height\" content=\"500\" \/>\n<meta name=\"twitter:card\" content=\"summary_large_image\" \/>\n<meta name=\"twitter:creator\" content=\"@PolisRecreio\" \/>\n<meta name=\"twitter:site\" content=\"@PolisRecreio\" \/>\n<meta name=\"twitter:label1\" content=\"Est. reading time\">\n\t<meta name=\"twitter:data1\" content=\"1 minuto\">\n<script type=\"application\/ld+json\" class=\"yoast-schema-graph\">{\"@context\":\"https:\/\/schema.org\",\"@graph\":[{\"@type\":\"WebSite\",\"@id\":\"https:\/\/www.polisrecreio.com.br\/site\/#website\",\"url\":\"https:\/\/www.polisrecreio.com.br\/site\/\",\"name\":\"P\\u00f3lis Recreio\",\"description\":\"\",\"potentialAction\":[{\"@type\":\"SearchAction\",\"target\":\"https:\/\/www.polisrecreio.com.br\/site\/?s={search_term_string}\",\"query-input\":\"required name=search_term_string\"}],\"inLanguage\":\"pt-BR\"},{\"@type\":\"ImageObject\",\"@id\":\"https:\/\/www.polisrecreio.com.br\/site\/2019\/02\/06\/aulas-nas-escolas-estaduais-olavo-bilac-e-presidente-carlos-luz-retornam-nesta-quinta-feira-7\/#primaryimage\",\"inLanguage\":\"pt-BR\",\"url\":\"https:\/\/www.polisrecreio.com.br\/site\/wp-content\/uploads\/2019\/01\/escolas.jpg\",\"width\":750,\"height\":500,\"caption\":\"E.E Olavo Bilac e E.E Pres. Carlos Luz.\"},{\"@type\":\"WebPage\",\"@id\":\"https:\/\/www.polisrecreio.com.br\/site\/2019\/02\/06\/aulas-nas-escolas-estaduais-olavo-bilac-e-presidente-carlos-luz-retornam-nesta-quinta-feira-7\/#webpage\",\"url\":\"https:\/\/www.polisrecreio.com.br\/site\/2019\/02\/06\/aulas-nas-escolas-estaduais-olavo-bilac-e-presidente-carlos-luz-retornam-nesta-quinta-feira-7\/\",\"name\":\"Aulas nas escolas estaduais \\u2013 Olavo Bilac e Presidente Carlos Luz \\u2013 retornam nesta quinta-feira (7) - P\\u00f3lis Recreio\",\"isPartOf\":{\"@id\":\"https:\/\/www.polisrecreio.com.br\/site\/#website\"},\"primaryImageOfPage\":{\"@id\":\"https:\/\/www.polisrecreio.com.br\/site\/2019\/02\/06\/aulas-nas-escolas-estaduais-olavo-bilac-e-presidente-carlos-luz-retornam-nesta-quinta-feira-7\/#primaryimage\"},\"datePublished\":\"2019-02-06T18:24:58+00:00\",\"dateModified\":\"2019-02-06T18:27:57+00:00\",\"author\":{\"@id\":\"https:\/\/www.polisrecreio.com.br\/site\/#\/schema\/person\/3363c1c78e1e28e1329d97adb387638e\"},\"inLanguage\":\"pt-BR\",\"potentialAction\":[{\"@type\":\"ReadAction\",\"target\":[\"https:\/\/www.polisrecreio.com.br\/site\/2019\/02\/06\/aulas-nas-escolas-estaduais-olavo-bilac-e-presidente-carlos-luz-retornam-nesta-quinta-feira-7\/\"]}]},{\"@type\":\"Person\",\"@id\":\"https:\/\/www.polisrecreio.com.br\/site\/#\/schema\/person\/3363c1c78e1e28e1329d97adb387638e\",\"name\":\"Leonardo Ribeiro\",\"image\":{\"@type\":\"ImageObject\",\"@id\":\"https:\/\/www.polisrecreio.com.br\/site\/#personlogo\",\"inLanguage\":\"pt-BR\",\"url\":\"https:\/\/secure.gravatar.com\/avatar\/6ba92a37d621e1a83e23710251178a12?s=96&d=mm&r=g\",\"caption\":\"Leonardo Ribeiro\"},\"sameAs\":[\"http:\/\/www.polisrecreio.com.br\"]}]}<\/script>\n<!-- \/ Yoast SEO plugin. -->","_links":{"self":[{"href":"https:\/\/www.polisrecreio.com.br\/site\/wp-json\/wp\/v2\/posts\/12921"}],"collection":[{"href":"https:\/\/www.polisrecreio.com.br\/site\/wp-json\/wp\/v2\/posts"}],"about":[{"href":"https:\/\/www.polisrecreio.com.br\/site\/wp-json\/wp\/v2\/types\/post"}],"author":[{"embeddable":true,"href":"https:\/\/www.polisrecreio.com.br\/site\/wp-json\/wp\/v2\/users\/3"}],"replies":[{"embeddable":true,"href":"https:\/\/www.polisrecreio.com.br\/site\/wp-json\/wp\/v2\/comments?post=12921"}],"version-history":[{"count":2,"href":"https:\/\/www.polisrecreio.com.br\/site\/wp-json\/wp\/v2\/posts\/12921\/revisions"}],"predecessor-version":[{"id":12923,"href":"https:\/\/www.polisrecreio.com.br\/site\/wp-json\/wp\/v2\/posts\/12921\/revisions\/12923"}],"wp:featuredmedia":[{"embeddable":true,"href":"https:\/\/www.polisrecreio.com.br\/site\/wp-json\/wp\/v2\/media\/12741"}],"wp:attachment":[{"href":"https:\/\/www.polisrecreio.com.br\/site\/wp-json\/wp\/v2\/media?parent=12921"}],"wp:term":[{"taxonomy":"category","embeddable":true,"href":"https:\/\/www.polisrecreio.com.br\/site\/wp-json\/wp\/v2\/categories?post=12921"},{"taxonomy":"post_tag","embeddable":true,"href":"https:\/\/www.polisrecreio.com.br\/site\/wp-json\/wp\/v2\/tags?post=12921"}],"curies":[{"name":"wp","href":"https:\/\/api.w.org\/{rel}","templated":true}]}}