{"id":12924,"date":"2019-02-06T18:45:33","date_gmt":"2019-02-06T21:45:33","guid":{"rendered":"http:\/\/www.polisrecreio.com.br\/site\/?p=12924"},"modified":"2019-02-06T18:48:26","modified_gmt":"2019-02-06T21:48:26","slug":"prefeito-de-recreio-sanciona-lei-do-piso-dos-agentes-de-saude-endemias-e-pagamento-desta-quarta-feira-6-ja-foi-com-reajuste","status":"publish","type":"post","link":"https:\/\/www.polisrecreio.com.br\/site\/2019\/02\/06\/prefeito-de-recreio-sanciona-lei-do-piso-dos-agentes-de-saude-endemias-e-pagamento-desta-quarta-feira-6-ja-foi-com-reajuste\/","title":{"rendered":"Prefeito de Recreio sanciona lei do piso dos agentes de sa\u00fade\/endemias e pagamento desta quarta-feira (6) j\u00e1 foi com reajuste"},"content":{"rendered":"<p style=\"text-align: justify;\">O prefeito de Recreio, Jos\u00e9 Maria Barros, sancionou no dia 4 de fevereiro a <a href=\"http:\/\/recreio.mg.gov.br\/images\/Leis\/2019\/Lei1681.pdf\" target=\"_blank\" rel=\"noopener\">Lei 1681\/2019<\/a> que fixou o piso dos agentes de sa\u00fade e de controle de endemias em R$ 1.250, conforme legisla\u00e7\u00f5es federais. O pagamento referente a janeiro aconteceu nesta quarta-feira (6) e os sal\u00e1rios j\u00e1 foram pagos com o reajuste aos servidores efetivos e contratados em processo seletivo espec\u00edfico para a \u00e1rea.<\/p>\n<p><!--more--><\/p>\n<figure id=\"attachment_12925\" aria-describedby=\"caption-attachment-12925\" style=\"width: 750px\" class=\"wp-caption aligncenter\"><a href=\"http:\/\/www.polisrecreio.com.br\/site\/wp-content\/uploads\/2019\/02\/DSCF6624.jpg\"><img loading=\"lazy\" class=\"size-full wp-image-12925\" src=\"http:\/\/www.polisrecreio.com.br\/site\/wp-content\/uploads\/2019\/02\/DSCF6624.jpg\" alt=\"\" width=\"750\" height=\"499\" srcset=\"https:\/\/www.polisrecreio.com.br\/site\/wp-content\/uploads\/2019\/02\/DSCF6624.jpg 750w, https:\/\/www.polisrecreio.com.br\/site\/wp-content\/uploads\/2019\/02\/DSCF6624-300x200.jpg 300w\" sizes=\"(max-width: 750px) 100vw, 750px\" \/><\/a><figcaption id=\"caption-attachment-12925\" class=\"wp-caption-text\">Prefeito de Recreio, Jos\u00e9 Maria Barros.<\/figcaption><\/figure>\n<p style=\"text-align: justify;\">O piso de 2019 concedeu aos servidores desta \u00e1rea um reajuste de 23,27% em seus sal\u00e1rios. Desde 2014, ano do \u00faltimo reajuste, os agentes recebiam o valor de R$ 1.014.<\/p>\n<p style=\"text-align: justify;\">A Lei Municipal que fixou o piso foi formulada conforme o disposto na Lei Federal n\u00ba 11.350, de 05 de outubro de 2.006, com as altera\u00e7\u00f5es introduzidas pelas Leis n\u00ba 12.994, de 17 de junho de 2.014; n\u00ba 13.595, de 05 de janeiro de 2.018; e n\u00ba 13.708, de 14 de agosto de 2.018.<\/p>\n","protected":false},"excerpt":{"rendered":"<p>O prefeito de Recreio, Jos\u00e9 Maria Barros, sancionou no dia 4 de fevereiro a Lei 1681\/2019 que fixou o piso dos agentes de sa\u00fade e de controle de endemias em R$ 1.250, conforme legisla\u00e7\u00f5es federais. O pagamento referente a janeiro aconteceu nesta quarta-feira (6) e os sal\u00e1rios j\u00e1 foram pagos com o reajuste aos servidores [&hellip;]<\/p>\n","protected":false},"author":3,"featured_media":12925,"comment_status":"open","ping_status":"open","sticky":false,"template":"","format":"standard","meta":[],"categories":[7],"tags":[],"yoast_head":"<!-- This site is optimized with the Yoast SEO plugin v15.6.2 - https:\/\/yoast.com\/wordpress\/plugins\/seo\/ -->\n<meta name=\"robots\" content=\"index, follow, max-snippet:-1, max-image-preview:large, max-video-preview:-1\" \/>\n<link rel=\"canonical\" href=\"https:\/\/www.polisrecreio.com.br\/site\/2019\/02\/06\/prefeito-de-recreio-sanciona-lei-do-piso-dos-agentes-de-saude-endemias-e-pagamento-desta-quarta-feira-6-ja-foi-com-reajuste\/\" \/>\n<meta property=\"og:locale\" content=\"pt_BR\" \/>\n<meta property=\"og:type\" content=\"article\" \/>\n<meta property=\"og:title\" content=\"Prefeito de Recreio sanciona lei do piso dos agentes de sa\u00fade\/endemias e pagamento desta quarta-feira (6) j\u00e1 foi com reajuste - P\u00f3lis Recreio\" \/>\n<meta property=\"og:description\" content=\"O prefeito de Recreio, Jos\u00e9 Maria Barros, sancionou no dia 4 de fevereiro a Lei 1681\/2019 que fixou o piso dos agentes de sa\u00fade e de controle de endemias em R$ 1.250, conforme legisla\u00e7\u00f5es federais. O pagamento referente a janeiro aconteceu nesta quarta-feira (6) e os sal\u00e1rios j\u00e1 foram pagos com o reajuste aos servidores [&hellip;]\" \/>\n<meta property=\"og:url\" content=\"https:\/\/www.polisrecreio.com.br\/site\/2019\/02\/06\/prefeito-de-recreio-sanciona-lei-do-piso-dos-agentes-de-saude-endemias-e-pagamento-desta-quarta-feira-6-ja-foi-com-reajuste\/\" \/>\n<meta property=\"og:site_name\" content=\"P\u00f3lis Recreio\" \/>\n<meta property=\"article:publisher\" content=\"https:\/\/www.facebook.com\/Site-P%c3%b3lis-Recreio-MG-181941708571019\/\" \/>\n<meta property=\"article:published_time\" content=\"2019-02-06T21:45:33+00:00\" \/>\n<meta property=\"article:modified_time\" content=\"2019-02-06T21:48:26+00:00\" \/>\n<meta property=\"og:image\" content=\"https:\/\/www.polisrecreio.com.br\/site\/wp-content\/uploads\/2019\/02\/DSCF6624.jpg\" \/>\n\t<meta property=\"og:image:width\" content=\"750\" \/>\n\t<meta property=\"og:image:height\" content=\"499\" \/>\n<meta name=\"twitter:card\" content=\"summary_large_image\" \/>\n<meta name=\"twitter:creator\" content=\"@PolisRecreio\" \/>\n<meta name=\"twitter:site\" content=\"@PolisRecreio\" \/>\n<meta name=\"twitter:label1\" content=\"Est. reading time\">\n\t<meta name=\"twitter:data1\" content=\"1 minuto\">\n<script type=\"application\/ld+json\" class=\"yoast-schema-graph\">{\"@context\":\"https:\/\/schema.org\",\"@graph\":[{\"@type\":\"WebSite\",\"@id\":\"https:\/\/www.polisrecreio.com.br\/site\/#website\",\"url\":\"https:\/\/www.polisrecreio.com.br\/site\/\",\"name\":\"P\\u00f3lis Recreio\",\"description\":\"\",\"potentialAction\":[{\"@type\":\"SearchAction\",\"target\":\"https:\/\/www.polisrecreio.com.br\/site\/?s={search_term_string}\",\"query-input\":\"required name=search_term_string\"}],\"inLanguage\":\"pt-BR\"},{\"@type\":\"ImageObject\",\"@id\":\"https:\/\/www.polisrecreio.com.br\/site\/2019\/02\/06\/prefeito-de-recreio-sanciona-lei-do-piso-dos-agentes-de-saude-endemias-e-pagamento-desta-quarta-feira-6-ja-foi-com-reajuste\/#primaryimage\",\"inLanguage\":\"pt-BR\",\"url\":\"https:\/\/www.polisrecreio.com.br\/site\/wp-content\/uploads\/2019\/02\/DSCF6624.jpg\",\"width\":750,\"height\":499,\"caption\":\"Prefeito de Recreio, Jos\\u00e9 Maria Barros.\"},{\"@type\":\"WebPage\",\"@id\":\"https:\/\/www.polisrecreio.com.br\/site\/2019\/02\/06\/prefeito-de-recreio-sanciona-lei-do-piso-dos-agentes-de-saude-endemias-e-pagamento-desta-quarta-feira-6-ja-foi-com-reajuste\/#webpage\",\"url\":\"https:\/\/www.polisrecreio.com.br\/site\/2019\/02\/06\/prefeito-de-recreio-sanciona-lei-do-piso-dos-agentes-de-saude-endemias-e-pagamento-desta-quarta-feira-6-ja-foi-com-reajuste\/\",\"name\":\"Prefeito de Recreio sanciona lei do piso dos agentes de sa\\u00fade\/endemias e pagamento desta quarta-feira (6) j\\u00e1 foi com reajuste - P\\u00f3lis Recreio\",\"isPartOf\":{\"@id\":\"https:\/\/www.polisrecreio.com.br\/site\/#website\"},\"primaryImageOfPage\":{\"@id\":\"https:\/\/www.polisrecreio.com.br\/site\/2019\/02\/06\/prefeito-de-recreio-sanciona-lei-do-piso-dos-agentes-de-saude-endemias-e-pagamento-desta-quarta-feira-6-ja-foi-com-reajuste\/#primaryimage\"},\"datePublished\":\"2019-02-06T21:45:33+00:00\",\"dateModified\":\"2019-02-06T21:48:26+00:00\",\"author\":{\"@id\":\"https:\/\/www.polisrecreio.com.br\/site\/#\/schema\/person\/3363c1c78e1e28e1329d97adb387638e\"},\"inLanguage\":\"pt-BR\",\"potentialAction\":[{\"@type\":\"ReadAction\",\"target\":[\"https:\/\/www.polisrecreio.com.br\/site\/2019\/02\/06\/prefeito-de-recreio-sanciona-lei-do-piso-dos-agentes-de-saude-endemias-e-pagamento-desta-quarta-feira-6-ja-foi-com-reajuste\/\"]}]},{\"@type\":\"Person\",\"@id\":\"https:\/\/www.polisrecreio.com.br\/site\/#\/schema\/person\/3363c1c78e1e28e1329d97adb387638e\",\"name\":\"Leonardo Ribeiro\",\"image\":{\"@type\":\"ImageObject\",\"@id\":\"https:\/\/www.polisrecreio.com.br\/site\/#personlogo\",\"inLanguage\":\"pt-BR\",\"url\":\"https:\/\/secure.gravatar.com\/avatar\/6ba92a37d621e1a83e23710251178a12?s=96&d=mm&r=g\",\"caption\":\"Leonardo Ribeiro\"},\"sameAs\":[\"http:\/\/www.polisrecreio.com.br\"]}]}<\/script>\n<!-- \/ Yoast SEO plugin. -->","_links":{"self":[{"href":"https:\/\/www.polisrecreio.com.br\/site\/wp-json\/wp\/v2\/posts\/12924"}],"collection":[{"href":"https:\/\/www.polisrecreio.com.br\/site\/wp-json\/wp\/v2\/posts"}],"about":[{"href":"https:\/\/www.polisrecreio.com.br\/site\/wp-json\/wp\/v2\/types\/post"}],"author":[{"embeddable":true,"href":"https:\/\/www.polisrecreio.com.br\/site\/wp-json\/wp\/v2\/users\/3"}],"replies":[{"embeddable":true,"href":"https:\/\/www.polisrecreio.com.br\/site\/wp-json\/wp\/v2\/comments?post=12924"}],"version-history":[{"count":4,"href":"https:\/\/www.polisrecreio.com.br\/site\/wp-json\/wp\/v2\/posts\/12924\/revisions"}],"predecessor-version":[{"id":12929,"href":"https:\/\/www.polisrecreio.com.br\/site\/wp-json\/wp\/v2\/posts\/12924\/revisions\/12929"}],"wp:featuredmedia":[{"embeddable":true,"href":"https:\/\/www.polisrecreio.com.br\/site\/wp-json\/wp\/v2\/media\/12925"}],"wp:attachment":[{"href":"https:\/\/www.polisrecreio.com.br\/site\/wp-json\/wp\/v2\/media?parent=12924"}],"wp:term":[{"taxonomy":"category","embeddable":true,"href":"https:\/\/www.polisrecreio.com.br\/site\/wp-json\/wp\/v2\/categories?post=12924"},{"taxonomy":"post_tag","embeddable":true,"href":"https:\/\/www.polisrecreio.com.br\/site\/wp-json\/wp\/v2\/tags?post=12924"}],"curies":[{"name":"wp","href":"https:\/\/api.w.org\/{rel}","templated":true}]}}