{"id":12930,"date":"2019-02-07T17:21:18","date_gmt":"2019-02-07T20:21:18","guid":{"rendered":"http:\/\/www.polisrecreio.com.br\/site\/?p=12930"},"modified":"2019-02-07T17:21:18","modified_gmt":"2019-02-07T20:21:18","slug":"cadastro-para-estagio-remunerado-de-professores-termina-amanha-8-na-smec","status":"publish","type":"post","link":"https:\/\/www.polisrecreio.com.br\/site\/2019\/02\/07\/cadastro-para-estagio-remunerado-de-professores-termina-amanha-8-na-smec\/","title":{"rendered":"Cadastro para est\u00e1gio remunerado de professores termina amanh\u00e3 (8) na SMEC"},"content":{"rendered":"<p style=\"text-align: justify;\">O cadastro 2019 para o programa de est\u00e1gio remunerado de professores (sem especifica\u00e7\u00e3o do curso) em Recreio termina amanh\u00e3 (8), \u00e0s 12h, na Secretaria Municipal de Educa\u00e7\u00e3o e Cultura. Os estagi\u00e1rios recebem uma bolsa incentivo de \u00bd sal\u00e1rio m\u00ednimo vigente, ou seja, R$ 499.<\/p>\n<p><!--more--><\/p>\n<p><a href=\"http:\/\/www.polisrecreio.com.br\/site\/wp-content\/uploads\/2019\/02\/1educao.jpg\"><img loading=\"lazy\" class=\"aligncenter size-full wp-image-12931\" src=\"http:\/\/www.polisrecreio.com.br\/site\/wp-content\/uploads\/2019\/02\/1educao.jpg\" alt=\"\" width=\"750\" height=\"471\" srcset=\"https:\/\/www.polisrecreio.com.br\/site\/wp-content\/uploads\/2019\/02\/1educao.jpg 750w, https:\/\/www.polisrecreio.com.br\/site\/wp-content\/uploads\/2019\/02\/1educao-300x188.jpg 300w\" sizes=\"(max-width: 750px) 100vw, 750px\" \/><\/a><\/p>\n<p style=\"text-align: justify;\">A sele\u00e7\u00e3o seguir\u00e1 as normas de um edital que ser\u00e1 publicado pela Secretaria. O programa de est\u00e1gio remunerado foi criado em mar\u00e7o de 2018 atrav\u00e9s da legisla\u00e7\u00e3o municipal n\u00ba 1652. O cadastro pode ser feito por qualquer pessoa que esteja se graduando em um curso de licenciatura.<\/p>\n<p style=\"text-align: justify;\">No ato do cadastro o interessado deve estar acompanhado de c\u00f3pias dos documentos pessoais (Certid\u00e3o, CPF e RG), comprovante de resid\u00eancia e declara\u00e7\u00e3o da institui\u00e7\u00e3o que est\u00e1 cursando.<\/p>\n","protected":false},"excerpt":{"rendered":"<p>O cadastro 2019 para o programa de est\u00e1gio remunerado de professores (sem especifica\u00e7\u00e3o do curso) em Recreio termina amanh\u00e3 (8), \u00e0s 12h, na Secretaria Municipal de Educa\u00e7\u00e3o e Cultura. Os estagi\u00e1rios recebem uma bolsa incentivo de \u00bd sal\u00e1rio m\u00ednimo vigente, ou seja, R$ 499.<\/p>\n","protected":false},"author":3,"featured_media":12931,"comment_status":"open","ping_status":"open","sticky":false,"template":"","format":"standard","meta":[],"categories":[9],"tags":[],"yoast_head":"<!-- This site is optimized with the Yoast SEO plugin v15.6.2 - https:\/\/yoast.com\/wordpress\/plugins\/seo\/ -->\n<meta name=\"robots\" content=\"index, follow, max-snippet:-1, max-image-preview:large, max-video-preview:-1\" \/>\n<link rel=\"canonical\" href=\"https:\/\/www.polisrecreio.com.br\/site\/2019\/02\/07\/cadastro-para-estagio-remunerado-de-professores-termina-amanha-8-na-smec\/\" \/>\n<meta property=\"og:locale\" content=\"pt_BR\" \/>\n<meta property=\"og:type\" content=\"article\" \/>\n<meta property=\"og:title\" content=\"Cadastro para est\u00e1gio remunerado de professores termina amanh\u00e3 (8) na SMEC - P\u00f3lis Recreio\" \/>\n<meta property=\"og:description\" content=\"O cadastro 2019 para o programa de est\u00e1gio remunerado de professores (sem especifica\u00e7\u00e3o do curso) em Recreio termina amanh\u00e3 (8), \u00e0s 12h, na Secretaria Municipal de Educa\u00e7\u00e3o e Cultura. Os estagi\u00e1rios recebem uma bolsa incentivo de \u00bd sal\u00e1rio m\u00ednimo vigente, ou seja, R$ 499.\" \/>\n<meta property=\"og:url\" content=\"https:\/\/www.polisrecreio.com.br\/site\/2019\/02\/07\/cadastro-para-estagio-remunerado-de-professores-termina-amanha-8-na-smec\/\" \/>\n<meta property=\"og:site_name\" content=\"P\u00f3lis Recreio\" \/>\n<meta property=\"article:publisher\" content=\"https:\/\/www.facebook.com\/Site-P%c3%b3lis-Recreio-MG-181941708571019\/\" \/>\n<meta property=\"article:published_time\" content=\"2019-02-07T20:21:18+00:00\" \/>\n<meta property=\"og:image\" content=\"https:\/\/www.polisrecreio.com.br\/site\/wp-content\/uploads\/2019\/02\/1educao.jpg\" \/>\n\t<meta property=\"og:image:width\" content=\"750\" \/>\n\t<meta property=\"og:image:height\" content=\"471\" \/>\n<meta name=\"twitter:card\" content=\"summary_large_image\" \/>\n<meta name=\"twitter:creator\" content=\"@PolisRecreio\" \/>\n<meta name=\"twitter:site\" content=\"@PolisRecreio\" \/>\n<meta name=\"twitter:label1\" content=\"Est. reading time\">\n\t<meta name=\"twitter:data1\" content=\"1 minuto\">\n<script type=\"application\/ld+json\" class=\"yoast-schema-graph\">{\"@context\":\"https:\/\/schema.org\",\"@graph\":[{\"@type\":\"WebSite\",\"@id\":\"https:\/\/www.polisrecreio.com.br\/site\/#website\",\"url\":\"https:\/\/www.polisrecreio.com.br\/site\/\",\"name\":\"P\\u00f3lis Recreio\",\"description\":\"\",\"potentialAction\":[{\"@type\":\"SearchAction\",\"target\":\"https:\/\/www.polisrecreio.com.br\/site\/?s={search_term_string}\",\"query-input\":\"required name=search_term_string\"}],\"inLanguage\":\"pt-BR\"},{\"@type\":\"ImageObject\",\"@id\":\"https:\/\/www.polisrecreio.com.br\/site\/2019\/02\/07\/cadastro-para-estagio-remunerado-de-professores-termina-amanha-8-na-smec\/#primaryimage\",\"inLanguage\":\"pt-BR\",\"url\":\"https:\/\/www.polisrecreio.com.br\/site\/wp-content\/uploads\/2019\/02\/1educao.jpg\",\"width\":750,\"height\":471},{\"@type\":\"WebPage\",\"@id\":\"https:\/\/www.polisrecreio.com.br\/site\/2019\/02\/07\/cadastro-para-estagio-remunerado-de-professores-termina-amanha-8-na-smec\/#webpage\",\"url\":\"https:\/\/www.polisrecreio.com.br\/site\/2019\/02\/07\/cadastro-para-estagio-remunerado-de-professores-termina-amanha-8-na-smec\/\",\"name\":\"Cadastro para est\\u00e1gio remunerado de professores termina amanh\\u00e3 (8) na SMEC - P\\u00f3lis Recreio\",\"isPartOf\":{\"@id\":\"https:\/\/www.polisrecreio.com.br\/site\/#website\"},\"primaryImageOfPage\":{\"@id\":\"https:\/\/www.polisrecreio.com.br\/site\/2019\/02\/07\/cadastro-para-estagio-remunerado-de-professores-termina-amanha-8-na-smec\/#primaryimage\"},\"datePublished\":\"2019-02-07T20:21:18+00:00\",\"dateModified\":\"2019-02-07T20:21:18+00:00\",\"author\":{\"@id\":\"https:\/\/www.polisrecreio.com.br\/site\/#\/schema\/person\/3363c1c78e1e28e1329d97adb387638e\"},\"inLanguage\":\"pt-BR\",\"potentialAction\":[{\"@type\":\"ReadAction\",\"target\":[\"https:\/\/www.polisrecreio.com.br\/site\/2019\/02\/07\/cadastro-para-estagio-remunerado-de-professores-termina-amanha-8-na-smec\/\"]}]},{\"@type\":\"Person\",\"@id\":\"https:\/\/www.polisrecreio.com.br\/site\/#\/schema\/person\/3363c1c78e1e28e1329d97adb387638e\",\"name\":\"Leonardo Ribeiro\",\"image\":{\"@type\":\"ImageObject\",\"@id\":\"https:\/\/www.polisrecreio.com.br\/site\/#personlogo\",\"inLanguage\":\"pt-BR\",\"url\":\"https:\/\/secure.gravatar.com\/avatar\/6ba92a37d621e1a83e23710251178a12?s=96&d=mm&r=g\",\"caption\":\"Leonardo Ribeiro\"},\"sameAs\":[\"http:\/\/www.polisrecreio.com.br\"]}]}<\/script>\n<!-- \/ Yoast SEO plugin. -->","_links":{"self":[{"href":"https:\/\/www.polisrecreio.com.br\/site\/wp-json\/wp\/v2\/posts\/12930"}],"collection":[{"href":"https:\/\/www.polisrecreio.com.br\/site\/wp-json\/wp\/v2\/posts"}],"about":[{"href":"https:\/\/www.polisrecreio.com.br\/site\/wp-json\/wp\/v2\/types\/post"}],"author":[{"embeddable":true,"href":"https:\/\/www.polisrecreio.com.br\/site\/wp-json\/wp\/v2\/users\/3"}],"replies":[{"embeddable":true,"href":"https:\/\/www.polisrecreio.com.br\/site\/wp-json\/wp\/v2\/comments?post=12930"}],"version-history":[{"count":1,"href":"https:\/\/www.polisrecreio.com.br\/site\/wp-json\/wp\/v2\/posts\/12930\/revisions"}],"predecessor-version":[{"id":12932,"href":"https:\/\/www.polisrecreio.com.br\/site\/wp-json\/wp\/v2\/posts\/12930\/revisions\/12932"}],"wp:featuredmedia":[{"embeddable":true,"href":"https:\/\/www.polisrecreio.com.br\/site\/wp-json\/wp\/v2\/media\/12931"}],"wp:attachment":[{"href":"https:\/\/www.polisrecreio.com.br\/site\/wp-json\/wp\/v2\/media?parent=12930"}],"wp:term":[{"taxonomy":"category","embeddable":true,"href":"https:\/\/www.polisrecreio.com.br\/site\/wp-json\/wp\/v2\/categories?post=12930"},{"taxonomy":"post_tag","embeddable":true,"href":"https:\/\/www.polisrecreio.com.br\/site\/wp-json\/wp\/v2\/tags?post=12930"}],"curies":[{"name":"wp","href":"https:\/\/api.w.org\/{rel}","templated":true}]}}