{"id":12933,"date":"2019-02-07T20:55:23","date_gmt":"2019-02-07T23:55:23","guid":{"rendered":"http:\/\/www.polisrecreio.com.br\/site\/?p=12933"},"modified":"2019-02-07T20:56:25","modified_gmt":"2019-02-07T23:56:25","slug":"medidas-de-seguranca-e-modo-de-organizacao-do-carnaval-de-recreio-sao-apresentados","status":"publish","type":"post","link":"https:\/\/www.polisrecreio.com.br\/site\/2019\/02\/07\/medidas-de-seguranca-e-modo-de-organizacao-do-carnaval-de-recreio-sao-apresentados\/","title":{"rendered":"Medidas de seguran\u00e7a e modo de organiza\u00e7\u00e3o do Carnaval de Recreio s\u00e3o apresentados"},"content":{"rendered":"<p style=\"text-align: justify;\">As medidas de seguran\u00e7a e o modo de organiza\u00e7\u00e3o do Carnaval de Recreio de 2019 foram apresentados em reuni\u00e3o nesta quinta-feira (7) com participa\u00e7\u00e3o dos militares, sargento Vin\u00edcius e soldado Gandra; do gestor do Centro Cultural Aristides Dorigo, Pierre de Souza; de representantes de blocos carnavalescos, do Mineiro-Pau e da escola de samba ERUS.<\/p>\n<p><!--more--><\/p>\n<p><a href=\"http:\/\/www.polisrecreio.com.br\/site\/wp-content\/uploads\/2019\/02\/DSC_0031.jpg\"><img loading=\"lazy\" class=\"aligncenter size-full wp-image-12937\" src=\"http:\/\/www.polisrecreio.com.br\/site\/wp-content\/uploads\/2019\/02\/DSC_0031.jpg\" alt=\"\" width=\"750\" height=\"500\" srcset=\"https:\/\/www.polisrecreio.com.br\/site\/wp-content\/uploads\/2019\/02\/DSC_0031.jpg 750w, https:\/\/www.polisrecreio.com.br\/site\/wp-content\/uploads\/2019\/02\/DSC_0031-300x200.jpg 300w\" sizes=\"(max-width: 750px) 100vw, 750px\" \/><\/a><\/p>\n<p style=\"text-align: justify;\">De acordo com os policiais, o produtor\/respons\u00e1vel por cada grupo dever\u00e1 fazer um cadastro online atrav\u00e9s do site do <a href=\"https:\/\/www.prevencaobombeiros.mg.gov.br\/a1ip\/f\/t\/cadastrareventodeclaratorioman\" target=\"_blank\" rel=\"noopener\">Corpo de Bombeiros de Minas Gerais<\/a>. Esta \u00e9 uma medida de seguran\u00e7a obrigat\u00f3ria. Em seguida cada um deve solicitar na Prefeitura Municipal o alvar\u00e1 e por \u00faltimo uma c\u00f3pia dos documentos dever\u00e1 ser encaminhada ao destacamento de Recreio da Pol\u00edcia Militar.<\/p>\n<p><a href=\"http:\/\/www.polisrecreio.com.br\/site\/wp-content\/uploads\/2019\/02\/DSC_0032.jpg\"><img loading=\"lazy\" class=\"aligncenter size-full wp-image-12938\" src=\"http:\/\/www.polisrecreio.com.br\/site\/wp-content\/uploads\/2019\/02\/DSC_0032.jpg\" alt=\"\" width=\"750\" height=\"500\" srcset=\"https:\/\/www.polisrecreio.com.br\/site\/wp-content\/uploads\/2019\/02\/DSC_0032.jpg 750w, https:\/\/www.polisrecreio.com.br\/site\/wp-content\/uploads\/2019\/02\/DSC_0032-300x200.jpg 300w\" sizes=\"(max-width: 750px) 100vw, 750px\" \/><\/a><\/p>\n<p style=\"text-align: justify;\">Sobre o modo de organiza\u00e7\u00e3o do evento, Pierre de Souza explicou a todos que neste ano devido aos problemas financeiros, ocasionada pela d\u00edvida do Governo do Estado com o Munic\u00edpio, a Prefeitura n\u00e3o ter\u00e1 condi\u00e7\u00f5es de gastar dinheiro p\u00fablico com a festa. Segundo ele, o Carnaval ser\u00e1 custeado com recursos da iniciativa privada angariado por uma comiss\u00e3o. \u201cA Prefeitura ceder\u00e1 o palco, que fica instalado na Pra\u00e7a dos Ferrovi\u00e1rios, e far\u00e1 a limpeza diariamente no espa\u00e7o\u201d, disse. Um dos participantes perguntou sobre o som na Pra\u00e7a dos Ferrovi\u00e1rios e o carro de som que acompanha os blocos. Pierre ent\u00e3o respondeu que at\u00e9 o final de semana este assunto ser\u00e1 definido.<\/p>\n<p style=\"text-align: justify;\">O Carnaval de 2019 acontece de 2 a 5 de mar\u00e7o, mas em Recreio, a festa tem bloco confirmado uma semana antes, no dia 23 de fevereiro, e tamb\u00e9m na sexta-feira, dia 1\u00ba de mar\u00e7o.<\/p>\n<p><a href=\"http:\/\/www.polisrecreio.com.br\/site\/wp-content\/uploads\/2019\/02\/DSC_0027.jpg\"><img loading=\"lazy\" class=\"aligncenter size-full wp-image-12935\" src=\"http:\/\/www.polisrecreio.com.br\/site\/wp-content\/uploads\/2019\/02\/DSC_0027.jpg\" alt=\"\" width=\"750\" height=\"500\" srcset=\"https:\/\/www.polisrecreio.com.br\/site\/wp-content\/uploads\/2019\/02\/DSC_0027.jpg 750w, https:\/\/www.polisrecreio.com.br\/site\/wp-content\/uploads\/2019\/02\/DSC_0027-300x200.jpg 300w\" sizes=\"(max-width: 750px) 100vw, 750px\" \/><\/a><\/p>\n<p><a href=\"http:\/\/www.polisrecreio.com.br\/site\/wp-content\/uploads\/2019\/02\/DSC_0030.jpg\"><img loading=\"lazy\" class=\"aligncenter size-full wp-image-12936\" src=\"http:\/\/www.polisrecreio.com.br\/site\/wp-content\/uploads\/2019\/02\/DSC_0030.jpg\" alt=\"\" width=\"750\" height=\"500\" srcset=\"https:\/\/www.polisrecreio.com.br\/site\/wp-content\/uploads\/2019\/02\/DSC_0030.jpg 750w, https:\/\/www.polisrecreio.com.br\/site\/wp-content\/uploads\/2019\/02\/DSC_0030-300x200.jpg 300w\" sizes=\"(max-width: 750px) 100vw, 750px\" \/><\/a><\/p>\n<p><strong>Cronograma de apresenta\u00e7\u00e3o dos grupos definida na reuni\u00e3o<\/strong><\/p>\n<p><strong>Pr\u00e9-Carnaval<\/strong><\/p>\n<p>23\/02 \u2013 sexta-feira<\/p>\n<ul>\n<li>Bloco do Chiclete<\/li>\n<\/ul>\n<p>01\/03 \u2013 sexta-feira<\/p>\n<ul>\n<li>Bloco X\u00f4 Mosquito<\/li>\n<li>Bloco Era Sol Que Me Faltava<\/li>\n<\/ul>\n<p><strong>Carnaval<\/strong><\/p>\n<p>02\/03 \u2013 s\u00e1bado<\/p>\n<ul>\n<li>Bloco Tega na Mantega<\/li>\n<li>Bloco do Iey<\/li>\n<\/ul>\n<p>03\/03 \u2013 domingo<\/p>\n<ul>\n<li>Bloco Preocupados de Souza \u201cPapel Higi\u00eanico\u201d<\/li>\n<li>Bloco Do Bem<\/li>\n<li>Bloco do Mandioca<\/li>\n<li>Escola de Samba ERUS<\/li>\n<\/ul>\n<p>04\/03 \u2013 segunda-feira<\/p>\n<ul>\n<li>Mineiro-Pau<\/li>\n<li>Bloco das Piranhas<\/li>\n<\/ul>\n<p>05\/03 \u2013 ter\u00e7a-feira<\/p>\n<ul>\n<li>\u00c1guia de Ouro<\/li>\n<li>Escola de Samba ERUS<\/li>\n<\/ul>\n","protected":false},"excerpt":{"rendered":"<p>As medidas de seguran\u00e7a e o modo de organiza\u00e7\u00e3o do Carnaval de Recreio de 2019 foram apresentados em reuni\u00e3o nesta quinta-feira (7) com participa\u00e7\u00e3o dos militares, sargento Vin\u00edcius e soldado Gandra; do gestor do Centro Cultural Aristides Dorigo, Pierre de Souza; de representantes de blocos carnavalescos, do Mineiro-Pau e da escola de samba ERUS.<\/p>\n","protected":false},"author":3,"featured_media":12936,"comment_status":"open","ping_status":"open","sticky":false,"template":"","format":"standard","meta":[],"categories":[2],"tags":[],"yoast_head":"<!-- This site is optimized with the Yoast SEO plugin v15.6.2 - https:\/\/yoast.com\/wordpress\/plugins\/seo\/ -->\n<meta name=\"robots\" content=\"index, follow, max-snippet:-1, max-image-preview:large, max-video-preview:-1\" \/>\n<link rel=\"canonical\" href=\"https:\/\/www.polisrecreio.com.br\/site\/2019\/02\/07\/medidas-de-seguranca-e-modo-de-organizacao-do-carnaval-de-recreio-sao-apresentados\/\" \/>\n<meta property=\"og:locale\" content=\"pt_BR\" \/>\n<meta property=\"og:type\" content=\"article\" \/>\n<meta property=\"og:title\" content=\"Medidas de seguran\u00e7a e modo de organiza\u00e7\u00e3o do Carnaval de Recreio s\u00e3o apresentados - P\u00f3lis Recreio\" \/>\n<meta property=\"og:description\" content=\"As medidas de seguran\u00e7a e o modo de organiza\u00e7\u00e3o do Carnaval de Recreio de 2019 foram apresentados em reuni\u00e3o nesta quinta-feira (7) com participa\u00e7\u00e3o dos militares, sargento Vin\u00edcius e soldado Gandra; do gestor do Centro Cultural Aristides Dorigo, Pierre de Souza; de representantes de blocos carnavalescos, do Mineiro-Pau e da escola de samba ERUS.\" \/>\n<meta property=\"og:url\" content=\"https:\/\/www.polisrecreio.com.br\/site\/2019\/02\/07\/medidas-de-seguranca-e-modo-de-organizacao-do-carnaval-de-recreio-sao-apresentados\/\" \/>\n<meta property=\"og:site_name\" content=\"P\u00f3lis Recreio\" \/>\n<meta property=\"article:publisher\" content=\"https:\/\/www.facebook.com\/Site-P%c3%b3lis-Recreio-MG-181941708571019\/\" \/>\n<meta property=\"article:published_time\" content=\"2019-02-07T23:55:23+00:00\" \/>\n<meta property=\"article:modified_time\" content=\"2019-02-07T23:56:25+00:00\" \/>\n<meta property=\"og:image\" content=\"https:\/\/www.polisrecreio.com.br\/site\/wp-content\/uploads\/2019\/02\/DSC_0030.jpg\" \/>\n\t<meta property=\"og:image:width\" content=\"750\" \/>\n\t<meta property=\"og:image:height\" content=\"500\" \/>\n<meta name=\"twitter:card\" content=\"summary_large_image\" \/>\n<meta name=\"twitter:creator\" content=\"@PolisRecreio\" \/>\n<meta name=\"twitter:site\" content=\"@PolisRecreio\" \/>\n<meta name=\"twitter:label1\" content=\"Est. reading time\">\n\t<meta name=\"twitter:data1\" content=\"2 minutos\">\n<script type=\"application\/ld+json\" class=\"yoast-schema-graph\">{\"@context\":\"https:\/\/schema.org\",\"@graph\":[{\"@type\":\"WebSite\",\"@id\":\"https:\/\/www.polisrecreio.com.br\/site\/#website\",\"url\":\"https:\/\/www.polisrecreio.com.br\/site\/\",\"name\":\"P\\u00f3lis Recreio\",\"description\":\"\",\"potentialAction\":[{\"@type\":\"SearchAction\",\"target\":\"https:\/\/www.polisrecreio.com.br\/site\/?s={search_term_string}\",\"query-input\":\"required name=search_term_string\"}],\"inLanguage\":\"pt-BR\"},{\"@type\":\"ImageObject\",\"@id\":\"https:\/\/www.polisrecreio.com.br\/site\/2019\/02\/07\/medidas-de-seguranca-e-modo-de-organizacao-do-carnaval-de-recreio-sao-apresentados\/#primaryimage\",\"inLanguage\":\"pt-BR\",\"url\":\"https:\/\/www.polisrecreio.com.br\/site\/wp-content\/uploads\/2019\/02\/DSC_0030.jpg\",\"width\":750,\"height\":500},{\"@type\":\"WebPage\",\"@id\":\"https:\/\/www.polisrecreio.com.br\/site\/2019\/02\/07\/medidas-de-seguranca-e-modo-de-organizacao-do-carnaval-de-recreio-sao-apresentados\/#webpage\",\"url\":\"https:\/\/www.polisrecreio.com.br\/site\/2019\/02\/07\/medidas-de-seguranca-e-modo-de-organizacao-do-carnaval-de-recreio-sao-apresentados\/\",\"name\":\"Medidas de seguran\\u00e7a e modo de organiza\\u00e7\\u00e3o do Carnaval de Recreio s\\u00e3o apresentados - P\\u00f3lis Recreio\",\"isPartOf\":{\"@id\":\"https:\/\/www.polisrecreio.com.br\/site\/#website\"},\"primaryImageOfPage\":{\"@id\":\"https:\/\/www.polisrecreio.com.br\/site\/2019\/02\/07\/medidas-de-seguranca-e-modo-de-organizacao-do-carnaval-de-recreio-sao-apresentados\/#primaryimage\"},\"datePublished\":\"2019-02-07T23:55:23+00:00\",\"dateModified\":\"2019-02-07T23:56:25+00:00\",\"author\":{\"@id\":\"https:\/\/www.polisrecreio.com.br\/site\/#\/schema\/person\/3363c1c78e1e28e1329d97adb387638e\"},\"inLanguage\":\"pt-BR\",\"potentialAction\":[{\"@type\":\"ReadAction\",\"target\":[\"https:\/\/www.polisrecreio.com.br\/site\/2019\/02\/07\/medidas-de-seguranca-e-modo-de-organizacao-do-carnaval-de-recreio-sao-apresentados\/\"]}]},{\"@type\":\"Person\",\"@id\":\"https:\/\/www.polisrecreio.com.br\/site\/#\/schema\/person\/3363c1c78e1e28e1329d97adb387638e\",\"name\":\"Leonardo Ribeiro\",\"image\":{\"@type\":\"ImageObject\",\"@id\":\"https:\/\/www.polisrecreio.com.br\/site\/#personlogo\",\"inLanguage\":\"pt-BR\",\"url\":\"https:\/\/secure.gravatar.com\/avatar\/6ba92a37d621e1a83e23710251178a12?s=96&d=mm&r=g\",\"caption\":\"Leonardo Ribeiro\"},\"sameAs\":[\"http:\/\/www.polisrecreio.com.br\"]}]}<\/script>\n<!-- \/ Yoast SEO plugin. -->","_links":{"self":[{"href":"https:\/\/www.polisrecreio.com.br\/site\/wp-json\/wp\/v2\/posts\/12933"}],"collection":[{"href":"https:\/\/www.polisrecreio.com.br\/site\/wp-json\/wp\/v2\/posts"}],"about":[{"href":"https:\/\/www.polisrecreio.com.br\/site\/wp-json\/wp\/v2\/types\/post"}],"author":[{"embeddable":true,"href":"https:\/\/www.polisrecreio.com.br\/site\/wp-json\/wp\/v2\/users\/3"}],"replies":[{"embeddable":true,"href":"https:\/\/www.polisrecreio.com.br\/site\/wp-json\/wp\/v2\/comments?post=12933"}],"version-history":[{"count":3,"href":"https:\/\/www.polisrecreio.com.br\/site\/wp-json\/wp\/v2\/posts\/12933\/revisions"}],"predecessor-version":[{"id":12947,"href":"https:\/\/www.polisrecreio.com.br\/site\/wp-json\/wp\/v2\/posts\/12933\/revisions\/12947"}],"wp:featuredmedia":[{"embeddable":true,"href":"https:\/\/www.polisrecreio.com.br\/site\/wp-json\/wp\/v2\/media\/12936"}],"wp:attachment":[{"href":"https:\/\/www.polisrecreio.com.br\/site\/wp-json\/wp\/v2\/media?parent=12933"}],"wp:term":[{"taxonomy":"category","embeddable":true,"href":"https:\/\/www.polisrecreio.com.br\/site\/wp-json\/wp\/v2\/categories?post=12933"},{"taxonomy":"post_tag","embeddable":true,"href":"https:\/\/www.polisrecreio.com.br\/site\/wp-json\/wp\/v2\/tags?post=12933"}],"curies":[{"name":"wp","href":"https:\/\/api.w.org\/{rel}","templated":true}]}}