{"id":12941,"date":"2019-02-08T13:39:26","date_gmt":"2019-02-08T16:39:26","guid":{"rendered":"http:\/\/www.polisrecreio.com.br\/site\/?p=12941"},"modified":"2019-02-08T13:44:01","modified_gmt":"2019-02-08T16:44:01","slug":"e-e-olavo-bilac-divulga-selecao-do-magisterio-2019","status":"publish","type":"post","link":"https:\/\/www.polisrecreio.com.br\/site\/2019\/02\/08\/e-e-olavo-bilac-divulga-selecao-do-magisterio-2019\/","title":{"rendered":"E.E Olavo Bilac divulga sele\u00e7\u00e3o do Magist\u00e9rio 2019"},"content":{"rendered":"<p style=\"text-align: justify;\">A E.E Olavo Bilac divulgou a lista de sele\u00e7\u00e3o para o curso do Magist\u00e9rio 2019. As matr\u00edculas dever\u00e3o ser realizadas nos dias 11 e 12 de fevereiro, de 8h \u00e0s 17h. As aulas come\u00e7am dia 19.<\/p>\n<p><!--more--><\/p>\n<p><a href=\"http:\/\/www.polisrecreio.com.br\/site\/wp-content\/uploads\/2018\/08\/DSC_0151.jpg\"><img loading=\"lazy\" class=\"aligncenter size-full wp-image-10877\" src=\"http:\/\/www.polisrecreio.com.br\/site\/wp-content\/uploads\/2018\/08\/DSC_0151.jpg\" alt=\"\" width=\"750\" height=\"500\" srcset=\"https:\/\/www.polisrecreio.com.br\/site\/wp-content\/uploads\/2018\/08\/DSC_0151.jpg 750w, https:\/\/www.polisrecreio.com.br\/site\/wp-content\/uploads\/2018\/08\/DSC_0151-300x200.jpg 300w\" sizes=\"(max-width: 750px) 100vw, 750px\" \/><\/a><\/p>\n<p style=\"text-align: justify;\">Ao todo 40 estudantes foram sorteadas para o curso. O sorteio aconteceu na sede do col\u00e9gio, nesta sexta-feira (8), com presen\u00e7a do diretor Ruan Ferreira; da vice-diretora, Selma Giraldo; da ATB, Lucimara; e da professora, Claudinha.<\/p>\n<p style=\"text-align: justify;\">Para realizar a matr\u00edcula as estudantes dever\u00e3o levar c\u00f3pias dos documentos pessoais (Certid\u00e3o, RG e CPF), comprovante de resid\u00eancia e o hist\u00f3rico escolar. Quem n\u00e3o se matricular neste prazo a vaga ser\u00e1 concedida aos excedentes. A lista est\u00e1 dispon\u00edvel na E.E Olavo Bilac.<\/p>\n<p><strong>Confira a sele\u00e7\u00e3o<\/strong><\/p>\n<table width=\"0\">\n<tbody>\n<tr>\n<td width=\"47\">01<\/td>\n<td width=\"397\">Aline Aparecida Freitas S. Lacerda<\/td>\n<\/tr>\n<tr>\n<td width=\"47\">02<\/td>\n<td width=\"397\">Ana Paula M. Duarte<\/td>\n<\/tr>\n<tr>\n<td width=\"47\">03<\/td>\n<td width=\"397\">Antonia Cristina S. Ambr\u00f3sio<\/td>\n<\/tr>\n<tr>\n<td width=\"47\">04<\/td>\n<td width=\"397\">Beatriz B. Amorim<\/td>\n<\/tr>\n<tr>\n<td width=\"47\">05<\/td>\n<td width=\"397\">Carine da Silva M. Moreira<\/td>\n<\/tr>\n<tr>\n<td width=\"47\">06<\/td>\n<td width=\"397\">Carmem L\u00facia Ferreira da Silva<\/td>\n<\/tr>\n<tr>\n<td width=\"47\">07<\/td>\n<td width=\"397\">C\u00e1ssia Costa Pereira<\/td>\n<\/tr>\n<tr>\n<td width=\"47\">08<\/td>\n<td width=\"397\">Cleoneida Ferreira Monteiro<\/td>\n<\/tr>\n<tr>\n<td width=\"47\">09<\/td>\n<td width=\"397\">Cristiane B. da Silva<\/td>\n<\/tr>\n<tr>\n<td width=\"47\">10<\/td>\n<td width=\"397\">Cristina dos Santos Cassimiro<\/td>\n<\/tr>\n<tr>\n<td width=\"47\">11<\/td>\n<td width=\"397\">Gislaine Rampazi Proc\u00f3pio<\/td>\n<\/tr>\n<tr>\n<td width=\"47\">12<\/td>\n<td width=\"397\">Jaciara Rampazi Proc\u00f3pio<\/td>\n<\/tr>\n<tr>\n<td width=\"47\">13<\/td>\n<td width=\"397\">Jam\u00edria Marques de Souza<\/td>\n<\/tr>\n<tr>\n<td width=\"47\">14<\/td>\n<td width=\"397\">Jandaia da S. Domingues<\/td>\n<\/tr>\n<tr>\n<td width=\"47\">15<\/td>\n<td width=\"397\">Janete F. Rezende<\/td>\n<\/tr>\n<tr>\n<td width=\"47\">16<\/td>\n<td width=\"397\">J\u00e9ssica Rampazi Proc\u00f3pio<\/td>\n<\/tr>\n<tr>\n<td width=\"47\">17<\/td>\n<td width=\"397\">Jos\u00e9 Ant\u00f4nio da S. de Almeida<\/td>\n<\/tr>\n<tr>\n<td width=\"47\">18<\/td>\n<td width=\"397\">J\u00falia Ribeiro Ara\u00fajo<\/td>\n<\/tr>\n<tr>\n<td width=\"47\">19<\/td>\n<td width=\"397\">Karine Amorim Rampazi<\/td>\n<\/tr>\n<tr>\n<td width=\"47\">20<\/td>\n<td width=\"397\">Kethelen Cristina da S. Paula<\/td>\n<\/tr>\n<tr>\n<td width=\"47\">21<\/td>\n<td width=\"397\">Larissa Aparecida M. Fortunato<\/td>\n<\/tr>\n<tr>\n<td width=\"47\">22<\/td>\n<td width=\"397\">Larissa Trescates<\/td>\n<\/tr>\n<tr>\n<td width=\"47\">23<\/td>\n<td width=\"397\">Leandra Fonseca Marques<\/td>\n<\/tr>\n<tr>\n<td width=\"47\">24<\/td>\n<td width=\"397\">Liliane Aparecida de Jesus<\/td>\n<\/tr>\n<tr>\n<td width=\"47\">25<\/td>\n<td width=\"397\">Linirene Higino da Silva<\/td>\n<\/tr>\n<tr>\n<td width=\"47\">26<\/td>\n<td width=\"397\">Louise S. Reis<\/td>\n<\/tr>\n<tr>\n<td width=\"47\">27<\/td>\n<td width=\"397\">Luziana Mota Silva<\/td>\n<\/tr>\n<tr>\n<td width=\"47\">28<\/td>\n<td width=\"397\">Magda dos Santos Gama<\/td>\n<\/tr>\n<tr>\n<td width=\"47\">29<\/td>\n<td width=\"397\">Maria Aparecida S.B.Teixeira<\/td>\n<\/tr>\n<tr>\n<td width=\"47\">30<\/td>\n<td width=\"397\">Maria da Concei\u00e7\u00e3o G. Maciel<\/td>\n<\/tr>\n<tr>\n<td width=\"47\">31<\/td>\n<td width=\"397\">Mariana Vieira de Barros<\/td>\n<\/tr>\n<tr>\n<td width=\"47\">32<\/td>\n<td width=\"397\">Milena Aparecida Corr\u00eaa da Silva<\/td>\n<\/tr>\n<tr>\n<td width=\"47\">33<\/td>\n<td width=\"397\">Mirian S. Silva<\/td>\n<\/tr>\n<tr>\n<td width=\"47\">34<\/td>\n<td width=\"397\">M\u00f4nica Regina Neto<\/td>\n<\/tr>\n<tr>\n<td width=\"47\">35<\/td>\n<td width=\"397\">Rafaela Miranda da Silva<\/td>\n<\/tr>\n<tr>\n<td width=\"47\">36<\/td>\n<td width=\"397\">Raquel Elias Ferreira<\/td>\n<\/tr>\n<tr>\n<td width=\"47\">37<\/td>\n<td width=\"397\">Regiane Ivo<\/td>\n<\/tr>\n<tr>\n<td width=\"47\">38<\/td>\n<td width=\"397\">Renata Taveira da Silva<\/td>\n<\/tr>\n<tr>\n<td width=\"47\">39<\/td>\n<td width=\"397\">Sabrina da S. Rezende Fiorezi<\/td>\n<\/tr>\n<tr>\n<td width=\"47\">40<\/td>\n<td width=\"397\">Silvana Aquino Ivo<\/td>\n<\/tr>\n<\/tbody>\n<\/table>\n<p><a href=\"http:\/\/www.polisrecreio.com.br\/site\/wp-content\/uploads\/2019\/02\/Curso-MAGIST\u00c9RIO.pdf\">Sele\u00e7\u00e3o.<\/a><\/p>\n","protected":false},"excerpt":{"rendered":"<p>A E.E Olavo Bilac divulgou a lista de sele\u00e7\u00e3o para o curso do Magist\u00e9rio 2019. As matr\u00edculas dever\u00e3o ser realizadas nos dias 11 e 12 de fevereiro, de 8h \u00e0s 17h. As aulas come\u00e7am dia 19.<\/p>\n","protected":false},"author":3,"featured_media":12483,"comment_status":"open","ping_status":"open","sticky":false,"template":"","format":"standard","meta":[],"categories":[9],"tags":[],"yoast_head":"<!-- This site is optimized with the Yoast SEO plugin v15.6.2 - https:\/\/yoast.com\/wordpress\/plugins\/seo\/ -->\n<meta name=\"robots\" content=\"index, follow, max-snippet:-1, max-image-preview:large, max-video-preview:-1\" \/>\n<link rel=\"canonical\" href=\"http:\/\/www.polisrecreio.com.br\/site\/2019\/02\/08\/e-e-olavo-bilac-divulga-selecao-do-magisterio-2019\/\" \/>\n<meta property=\"og:locale\" content=\"pt_BR\" \/>\n<meta property=\"og:type\" content=\"article\" \/>\n<meta property=\"og:title\" content=\"E.E Olavo Bilac divulga sele\u00e7\u00e3o do Magist\u00e9rio 2019 - P\u00f3lis Recreio\" \/>\n<meta property=\"og:description\" content=\"A E.E Olavo Bilac divulgou a lista de sele\u00e7\u00e3o para o curso do Magist\u00e9rio 2019. As matr\u00edculas dever\u00e3o ser realizadas nos dias 11 e 12 de fevereiro, de 8h \u00e0s 17h. As aulas come\u00e7am dia 19.\" \/>\n<meta property=\"og:url\" content=\"http:\/\/www.polisrecreio.com.br\/site\/2019\/02\/08\/e-e-olavo-bilac-divulga-selecao-do-magisterio-2019\/\" \/>\n<meta property=\"og:site_name\" content=\"P\u00f3lis Recreio\" \/>\n<meta property=\"article:publisher\" content=\"https:\/\/www.facebook.com\/Site-P%c3%b3lis-Recreio-MG-181941708571019\/\" \/>\n<meta property=\"article:published_time\" content=\"2019-02-08T16:39:26+00:00\" \/>\n<meta property=\"article:modified_time\" content=\"2019-02-08T16:44:01+00:00\" \/>\n<meta property=\"og:image\" content=\"https:\/\/www.polisrecreio.com.br\/site\/wp-content\/uploads\/2019\/01\/IMG_20190102_122836463.jpg\" \/>\n\t<meta property=\"og:image:width\" content=\"750\" \/>\n\t<meta property=\"og:image:height\" content=\"495\" \/>\n<meta name=\"twitter:card\" content=\"summary_large_image\" \/>\n<meta name=\"twitter:creator\" content=\"@PolisRecreio\" \/>\n<meta name=\"twitter:site\" content=\"@PolisRecreio\" \/>\n<meta name=\"twitter:label1\" content=\"Est. reading time\">\n\t<meta name=\"twitter:data1\" content=\"1 minuto\">\n<script type=\"application\/ld+json\" class=\"yoast-schema-graph\">{\"@context\":\"https:\/\/schema.org\",\"@graph\":[{\"@type\":\"WebSite\",\"@id\":\"https:\/\/www.polisrecreio.com.br\/site\/#website\",\"url\":\"https:\/\/www.polisrecreio.com.br\/site\/\",\"name\":\"P\\u00f3lis Recreio\",\"description\":\"\",\"potentialAction\":[{\"@type\":\"SearchAction\",\"target\":\"https:\/\/www.polisrecreio.com.br\/site\/?s={search_term_string}\",\"query-input\":\"required name=search_term_string\"}],\"inLanguage\":\"pt-BR\"},{\"@type\":\"ImageObject\",\"@id\":\"http:\/\/www.polisrecreio.com.br\/site\/2019\/02\/08\/e-e-olavo-bilac-divulga-selecao-do-magisterio-2019\/#primaryimage\",\"inLanguage\":\"pt-BR\",\"url\":\"https:\/\/www.polisrecreio.com.br\/site\/wp-content\/uploads\/2019\/01\/IMG_20190102_122836463.jpg\",\"width\":750,\"height\":495},{\"@type\":\"WebPage\",\"@id\":\"http:\/\/www.polisrecreio.com.br\/site\/2019\/02\/08\/e-e-olavo-bilac-divulga-selecao-do-magisterio-2019\/#webpage\",\"url\":\"http:\/\/www.polisrecreio.com.br\/site\/2019\/02\/08\/e-e-olavo-bilac-divulga-selecao-do-magisterio-2019\/\",\"name\":\"E.E Olavo Bilac divulga sele\\u00e7\\u00e3o do Magist\\u00e9rio 2019 - P\\u00f3lis Recreio\",\"isPartOf\":{\"@id\":\"https:\/\/www.polisrecreio.com.br\/site\/#website\"},\"primaryImageOfPage\":{\"@id\":\"http:\/\/www.polisrecreio.com.br\/site\/2019\/02\/08\/e-e-olavo-bilac-divulga-selecao-do-magisterio-2019\/#primaryimage\"},\"datePublished\":\"2019-02-08T16:39:26+00:00\",\"dateModified\":\"2019-02-08T16:44:01+00:00\",\"author\":{\"@id\":\"https:\/\/www.polisrecreio.com.br\/site\/#\/schema\/person\/3363c1c78e1e28e1329d97adb387638e\"},\"inLanguage\":\"pt-BR\",\"potentialAction\":[{\"@type\":\"ReadAction\",\"target\":[\"http:\/\/www.polisrecreio.com.br\/site\/2019\/02\/08\/e-e-olavo-bilac-divulga-selecao-do-magisterio-2019\/\"]}]},{\"@type\":\"Person\",\"@id\":\"https:\/\/www.polisrecreio.com.br\/site\/#\/schema\/person\/3363c1c78e1e28e1329d97adb387638e\",\"name\":\"Leonardo Ribeiro\",\"image\":{\"@type\":\"ImageObject\",\"@id\":\"https:\/\/www.polisrecreio.com.br\/site\/#personlogo\",\"inLanguage\":\"pt-BR\",\"url\":\"https:\/\/secure.gravatar.com\/avatar\/6ba92a37d621e1a83e23710251178a12?s=96&d=mm&r=g\",\"caption\":\"Leonardo Ribeiro\"},\"sameAs\":[\"http:\/\/www.polisrecreio.com.br\"]}]}<\/script>\n<!-- \/ Yoast SEO plugin. -->","_links":{"self":[{"href":"https:\/\/www.polisrecreio.com.br\/site\/wp-json\/wp\/v2\/posts\/12941"}],"collection":[{"href":"https:\/\/www.polisrecreio.com.br\/site\/wp-json\/wp\/v2\/posts"}],"about":[{"href":"https:\/\/www.polisrecreio.com.br\/site\/wp-json\/wp\/v2\/types\/post"}],"author":[{"embeddable":true,"href":"https:\/\/www.polisrecreio.com.br\/site\/wp-json\/wp\/v2\/users\/3"}],"replies":[{"embeddable":true,"href":"https:\/\/www.polisrecreio.com.br\/site\/wp-json\/wp\/v2\/comments?post=12941"}],"version-history":[{"count":4,"href":"https:\/\/www.polisrecreio.com.br\/site\/wp-json\/wp\/v2\/posts\/12941\/revisions"}],"predecessor-version":[{"id":12946,"href":"https:\/\/www.polisrecreio.com.br\/site\/wp-json\/wp\/v2\/posts\/12941\/revisions\/12946"}],"wp:featuredmedia":[{"embeddable":true,"href":"https:\/\/www.polisrecreio.com.br\/site\/wp-json\/wp\/v2\/media\/12483"}],"wp:attachment":[{"href":"https:\/\/www.polisrecreio.com.br\/site\/wp-json\/wp\/v2\/media?parent=12941"}],"wp:term":[{"taxonomy":"category","embeddable":true,"href":"https:\/\/www.polisrecreio.com.br\/site\/wp-json\/wp\/v2\/categories?post=12941"},{"taxonomy":"post_tag","embeddable":true,"href":"https:\/\/www.polisrecreio.com.br\/site\/wp-json\/wp\/v2\/tags?post=12941"}],"curies":[{"name":"wp","href":"https:\/\/api.w.org\/{rel}","templated":true}]}}