{"id":12948,"date":"2019-02-08T18:03:46","date_gmt":"2019-02-08T21:03:46","guid":{"rendered":"http:\/\/www.polisrecreio.com.br\/site\/?p=12948"},"modified":"2019-02-08T18:04:57","modified_gmt":"2019-02-08T21:04:57","slug":"compositor-da-erus-desde-1981-lino-lelis-apresenta-samba-enredo-2019","status":"publish","type":"post","link":"https:\/\/www.polisrecreio.com.br\/site\/2019\/02\/08\/compositor-da-erus-desde-1981-lino-lelis-apresenta-samba-enredo-2019\/","title":{"rendered":"Compositor da ERUS desde 1981, Lino Lelis, apresenta samba-enredo 2019"},"content":{"rendered":"<p style=\"text-align: justify;\">O compositor da Escola de Ritmos Unidos do Samba \u2013 ERUS \u2013 de Recreio, Lino Lelis, apresentou o samba-enredo 2019: \u201cFoi Porque Menti\u201d. Segundo informa\u00e7\u00f5es da diretoria, nos pr\u00f3ximos dias os ensaios da bateria ter\u00e3o in\u00edcio na Pra\u00e7a dos Ferrovi\u00e1rios.<\/p>\n<p><!--more--><\/p>\n<p><a href=\"http:\/\/www.polisrecreio.com.br\/site\/wp-content\/uploads\/2019\/02\/P1120033.jpg\"><img loading=\"lazy\" class=\"aligncenter size-full wp-image-12950\" src=\"http:\/\/www.polisrecreio.com.br\/site\/wp-content\/uploads\/2019\/02\/P1120033.jpg\" alt=\"\" width=\"750\" height=\"511\" srcset=\"https:\/\/www.polisrecreio.com.br\/site\/wp-content\/uploads\/2019\/02\/P1120033.jpg 750w, https:\/\/www.polisrecreio.com.br\/site\/wp-content\/uploads\/2019\/02\/P1120033-300x204.jpg 300w\" sizes=\"(max-width: 750px) 100vw, 750px\" \/><\/a><\/p>\n<p style=\"text-align: justify;\">Este ano uma das mais antigas agremia\u00e7\u00f5es carnavalescas da regi\u00e3o completa 57 carnavais. A escola de samba desfila no domingo (03\/03) e na ter\u00e7a-feira (05\/03) do Carnaval de Recreio.<\/p>\n<p>Lino Lelis \u00e9 compositor da ERUS desde 1981.<\/p>\n<p style=\"text-align: justify;\">Confira a letra:<\/p>\n<p><strong>Foi Porque Menti<\/strong><\/p>\n<p><em>(Lino Lelis)<\/em><\/p>\n<p><em>Eu vou fazer de conta que sofri<\/em><\/p>\n<p><em>Pra voc\u00ea achar<\/em><\/p>\n<p><em>Quem sem teu amor eu morri<\/em><\/p>\n<p><em>Vou enganar a tristeza e me divertir<\/em><\/p>\n<p><em>Se me vires sorrindo<\/em><\/p>\n<p><em>Foi porque menti<\/em><\/p>\n<p>&nbsp;<\/p>\n<p><em>Se pensou<\/em><\/p>\n<p><em>Que eu ia s\u00f3 chorar,<\/em><\/p>\n<p><em>Se enganou.<\/em><\/p>\n<p><em>Pra curar dor de amor<\/em><\/p>\n<p><em>S\u00f3 outro amor<\/em><\/p>\n<p><em>N\u00e3o adianta dizer que se arrependeu<\/em><\/p>\n<p><em>Pois agora quem quer voc\u00ea sou eu.<\/em><\/p>\n<!--[if lt IE 9]><script>document.createElement('audio');<\/script><![endif]-->\n<audio class=\"wp-audio-shortcode\" id=\"audio-12948-1\" preload=\"none\" style=\"width: 100%;\" controls=\"controls\"><source type=\"audio\/mpeg\" src=\"http:\/\/www.polisrecreio.com.br\/site\/wp-content\/uploads\/2019\/02\/ERUS-2019.mp3?_=1\" \/><a href=\"http:\/\/www.polisrecreio.com.br\/site\/wp-content\/uploads\/2019\/02\/ERUS-2019.mp3\">http:\/\/www.polisrecreio.com.br\/site\/wp-content\/uploads\/2019\/02\/ERUS-2019.mp3<\/a><\/audio>\n","protected":false},"excerpt":{"rendered":"<p>O compositor da Escola de Ritmos Unidos do Samba \u2013 ERUS \u2013 de Recreio, Lino Lelis, apresentou o samba-enredo 2019: \u201cFoi Porque Menti\u201d. Segundo informa\u00e7\u00f5es da diretoria, nos pr\u00f3ximos dias os ensaios da bateria ter\u00e3o in\u00edcio na Pra\u00e7a dos Ferrovi\u00e1rios.<\/p>\n","protected":false},"author":3,"featured_media":12950,"comment_status":"open","ping_status":"open","sticky":false,"template":"","format":"standard","meta":[],"categories":[2],"tags":[],"yoast_head":"<!-- This site is optimized with the Yoast SEO plugin v15.6.2 - https:\/\/yoast.com\/wordpress\/plugins\/seo\/ -->\n<meta name=\"robots\" content=\"index, follow, max-snippet:-1, max-image-preview:large, max-video-preview:-1\" \/>\n<link rel=\"canonical\" href=\"https:\/\/www.polisrecreio.com.br\/site\/2019\/02\/08\/compositor-da-erus-desde-1981-lino-lelis-apresenta-samba-enredo-2019\/\" \/>\n<meta property=\"og:locale\" content=\"pt_BR\" \/>\n<meta property=\"og:type\" content=\"article\" \/>\n<meta property=\"og:title\" content=\"Compositor da ERUS desde 1981, Lino Lelis, apresenta samba-enredo 2019 - P\u00f3lis Recreio\" \/>\n<meta property=\"og:description\" content=\"O compositor da Escola de Ritmos Unidos do Samba \u2013 ERUS \u2013 de Recreio, Lino Lelis, apresentou o samba-enredo 2019: \u201cFoi Porque Menti\u201d. Segundo informa\u00e7\u00f5es da diretoria, nos pr\u00f3ximos dias os ensaios da bateria ter\u00e3o in\u00edcio na Pra\u00e7a dos Ferrovi\u00e1rios.\" \/>\n<meta property=\"og:url\" content=\"https:\/\/www.polisrecreio.com.br\/site\/2019\/02\/08\/compositor-da-erus-desde-1981-lino-lelis-apresenta-samba-enredo-2019\/\" \/>\n<meta property=\"og:site_name\" content=\"P\u00f3lis Recreio\" \/>\n<meta property=\"article:publisher\" content=\"https:\/\/www.facebook.com\/Site-P%c3%b3lis-Recreio-MG-181941708571019\/\" \/>\n<meta property=\"article:published_time\" content=\"2019-02-08T21:03:46+00:00\" \/>\n<meta property=\"article:modified_time\" content=\"2019-02-08T21:04:57+00:00\" \/>\n<meta property=\"og:image\" content=\"https:\/\/www.polisrecreio.com.br\/site\/wp-content\/uploads\/2019\/02\/P1120033.jpg\" \/>\n\t<meta property=\"og:image:width\" content=\"750\" \/>\n\t<meta property=\"og:image:height\" content=\"511\" \/>\n<meta name=\"twitter:card\" content=\"summary_large_image\" \/>\n<meta name=\"twitter:creator\" content=\"@PolisRecreio\" \/>\n<meta name=\"twitter:site\" content=\"@PolisRecreio\" \/>\n<meta name=\"twitter:label1\" content=\"Est. reading time\">\n\t<meta name=\"twitter:data1\" content=\"1 minuto\">\n<script type=\"application\/ld+json\" class=\"yoast-schema-graph\">{\"@context\":\"https:\/\/schema.org\",\"@graph\":[{\"@type\":\"WebSite\",\"@id\":\"https:\/\/www.polisrecreio.com.br\/site\/#website\",\"url\":\"https:\/\/www.polisrecreio.com.br\/site\/\",\"name\":\"P\\u00f3lis Recreio\",\"description\":\"\",\"potentialAction\":[{\"@type\":\"SearchAction\",\"target\":\"https:\/\/www.polisrecreio.com.br\/site\/?s={search_term_string}\",\"query-input\":\"required name=search_term_string\"}],\"inLanguage\":\"pt-BR\"},{\"@type\":\"ImageObject\",\"@id\":\"https:\/\/www.polisrecreio.com.br\/site\/2019\/02\/08\/compositor-da-erus-desde-1981-lino-lelis-apresenta-samba-enredo-2019\/#primaryimage\",\"inLanguage\":\"pt-BR\",\"url\":\"https:\/\/www.polisrecreio.com.br\/site\/wp-content\/uploads\/2019\/02\/P1120033.jpg\",\"width\":750,\"height\":511},{\"@type\":\"WebPage\",\"@id\":\"https:\/\/www.polisrecreio.com.br\/site\/2019\/02\/08\/compositor-da-erus-desde-1981-lino-lelis-apresenta-samba-enredo-2019\/#webpage\",\"url\":\"https:\/\/www.polisrecreio.com.br\/site\/2019\/02\/08\/compositor-da-erus-desde-1981-lino-lelis-apresenta-samba-enredo-2019\/\",\"name\":\"Compositor da ERUS desde 1981, Lino Lelis, apresenta samba-enredo 2019 - P\\u00f3lis Recreio\",\"isPartOf\":{\"@id\":\"https:\/\/www.polisrecreio.com.br\/site\/#website\"},\"primaryImageOfPage\":{\"@id\":\"https:\/\/www.polisrecreio.com.br\/site\/2019\/02\/08\/compositor-da-erus-desde-1981-lino-lelis-apresenta-samba-enredo-2019\/#primaryimage\"},\"datePublished\":\"2019-02-08T21:03:46+00:00\",\"dateModified\":\"2019-02-08T21:04:57+00:00\",\"author\":{\"@id\":\"https:\/\/www.polisrecreio.com.br\/site\/#\/schema\/person\/3363c1c78e1e28e1329d97adb387638e\"},\"inLanguage\":\"pt-BR\",\"potentialAction\":[{\"@type\":\"ReadAction\",\"target\":[\"https:\/\/www.polisrecreio.com.br\/site\/2019\/02\/08\/compositor-da-erus-desde-1981-lino-lelis-apresenta-samba-enredo-2019\/\"]}]},{\"@type\":\"Person\",\"@id\":\"https:\/\/www.polisrecreio.com.br\/site\/#\/schema\/person\/3363c1c78e1e28e1329d97adb387638e\",\"name\":\"Leonardo Ribeiro\",\"image\":{\"@type\":\"ImageObject\",\"@id\":\"https:\/\/www.polisrecreio.com.br\/site\/#personlogo\",\"inLanguage\":\"pt-BR\",\"url\":\"https:\/\/secure.gravatar.com\/avatar\/6ba92a37d621e1a83e23710251178a12?s=96&d=mm&r=g\",\"caption\":\"Leonardo Ribeiro\"},\"sameAs\":[\"http:\/\/www.polisrecreio.com.br\"]}]}<\/script>\n<!-- \/ Yoast SEO plugin. -->","_links":{"self":[{"href":"https:\/\/www.polisrecreio.com.br\/site\/wp-json\/wp\/v2\/posts\/12948"}],"collection":[{"href":"https:\/\/www.polisrecreio.com.br\/site\/wp-json\/wp\/v2\/posts"}],"about":[{"href":"https:\/\/www.polisrecreio.com.br\/site\/wp-json\/wp\/v2\/types\/post"}],"author":[{"embeddable":true,"href":"https:\/\/www.polisrecreio.com.br\/site\/wp-json\/wp\/v2\/users\/3"}],"replies":[{"embeddable":true,"href":"https:\/\/www.polisrecreio.com.br\/site\/wp-json\/wp\/v2\/comments?post=12948"}],"version-history":[{"count":2,"href":"https:\/\/www.polisrecreio.com.br\/site\/wp-json\/wp\/v2\/posts\/12948\/revisions"}],"predecessor-version":[{"id":12952,"href":"https:\/\/www.polisrecreio.com.br\/site\/wp-json\/wp\/v2\/posts\/12948\/revisions\/12952"}],"wp:featuredmedia":[{"embeddable":true,"href":"https:\/\/www.polisrecreio.com.br\/site\/wp-json\/wp\/v2\/media\/12950"}],"wp:attachment":[{"href":"https:\/\/www.polisrecreio.com.br\/site\/wp-json\/wp\/v2\/media?parent=12948"}],"wp:term":[{"taxonomy":"category","embeddable":true,"href":"https:\/\/www.polisrecreio.com.br\/site\/wp-json\/wp\/v2\/categories?post=12948"},{"taxonomy":"post_tag","embeddable":true,"href":"https:\/\/www.polisrecreio.com.br\/site\/wp-json\/wp\/v2\/tags?post=12948"}],"curies":[{"name":"wp","href":"https:\/\/api.w.org\/{rel}","templated":true}]}}