{"id":12953,"date":"2019-02-10T09:31:38","date_gmt":"2019-02-10T12:31:38","guid":{"rendered":"http:\/\/www.polisrecreio.com.br\/site\/?p=12953"},"modified":"2019-02-10T10:38:47","modified_gmt":"2019-02-10T13:38:47","slug":"situacao-ruim-da-estrada-recreio-angaturama-deve-comecar-a-ser-resolvida","status":"publish","type":"post","link":"https:\/\/www.polisrecreio.com.br\/site\/2019\/02\/10\/situacao-ruim-da-estrada-recreio-angaturama-deve-comecar-a-ser-resolvida\/","title":{"rendered":"Situa\u00e7\u00e3o ruim da estrada Recreio-Angaturama deve come\u00e7ar a ser resolvida"},"content":{"rendered":"<p style=\"text-align: justify;\">A situa\u00e7\u00e3o ruim da estrada Recreio-Angaturama, com muitos buracos e drenos entupidos, deve come\u00e7ar a ser resolvida a partir desta segunda-feira (11). A Prefeitura Municipal, atrav\u00e9s da Secretaria Rural, anunciou que est\u00e1 no planejamento da semana os reparos emergenciais na via principal entre a cidade e o distrito.<\/p>\n<p><!--more--><\/p>\n<figure id=\"attachment_12954\" aria-describedby=\"caption-attachment-12954\" style=\"width: 750px\" class=\"wp-caption aligncenter\"><a href=\"http:\/\/www.polisrecreio.com.br\/site\/wp-content\/uploads\/2019\/02\/DSC_0037.jpg\"><img loading=\"lazy\" class=\"size-full wp-image-12954\" src=\"http:\/\/www.polisrecreio.com.br\/site\/wp-content\/uploads\/2019\/02\/DSC_0037.jpg\" alt=\"\" width=\"750\" height=\"500\" srcset=\"https:\/\/www.polisrecreio.com.br\/site\/wp-content\/uploads\/2019\/02\/DSC_0037.jpg 750w, https:\/\/www.polisrecreio.com.br\/site\/wp-content\/uploads\/2019\/02\/DSC_0037-300x200.jpg 300w\" sizes=\"(max-width: 750px) 100vw, 750px\" \/><\/a><figcaption id=\"caption-attachment-12954\" class=\"wp-caption-text\">Estrada Recreio-Angaturama.<\/figcaption><\/figure>\n<p style=\"text-align: justify;\">Leitores do Site P\u00f3lis tem enviado imagens que comprovam o estado da estrada vicinal. \u201cEm alguns trechos (foto abaixo) a \u00e1gua fica acumulada por v\u00e1rios dias por causa da falta ou do entupimento dos drenos, respons\u00e1veis por escoar a \u00e1gua de chuva\u201d, disse um produtor rural.<\/p>\n<p style=\"text-align: justify;\"><a href=\"http:\/\/www.polisrecreio.com.br\/site\/wp-content\/uploads\/2019\/02\/b1a68def-d373-418e-8d8a-c95d1658451b.jpg\"><img loading=\"lazy\" class=\"size-medium wp-image-12955 alignleft\" src=\"http:\/\/www.polisrecreio.com.br\/site\/wp-content\/uploads\/2019\/02\/b1a68def-d373-418e-8d8a-c95d1658451b-300x266.jpg\" alt=\"\" width=\"300\" height=\"266\" srcset=\"https:\/\/www.polisrecreio.com.br\/site\/wp-content\/uploads\/2019\/02\/b1a68def-d373-418e-8d8a-c95d1658451b-300x266.jpg 300w, https:\/\/www.polisrecreio.com.br\/site\/wp-content\/uploads\/2019\/02\/b1a68def-d373-418e-8d8a-c95d1658451b.jpg 750w\" sizes=\"(max-width: 300px) 100vw, 300px\" \/><\/a>A via principal entre Recreio e Angaturama tem aproximadamente 11 km.<\/p>\n<p><strong>Estrada Recreio-Pirapetinga j\u00e1 recebeu reparos<\/strong><\/p>\n<p style=\"text-align: justify;\">Na estrada entre os munic\u00edpios de Recreio e Pirapetinga, passando pelo distrito de Concei\u00e7\u00e3o da Boa Vista, o trecho sob responsabilidade da Prefeitura de Recreio j\u00e1 recebeu reparos, segundo informa\u00e7\u00f5es da Secretaria Rural.<\/p>\n","protected":false},"excerpt":{"rendered":"<p>A situa\u00e7\u00e3o ruim da estrada Recreio-Angaturama, com muitos buracos e drenos entupidos, deve come\u00e7ar a ser resolvida a partir desta segunda-feira (11). A Prefeitura Municipal, atrav\u00e9s da Secretaria Rural, anunciou que est\u00e1 no planejamento da semana os reparos emergenciais na via principal entre a cidade e o distrito.<\/p>\n","protected":false},"author":3,"featured_media":12954,"comment_status":"open","ping_status":"open","sticky":false,"template":"","format":"standard","meta":[],"categories":[12],"tags":[],"yoast_head":"<!-- This site is optimized with the Yoast SEO plugin v15.6.2 - https:\/\/yoast.com\/wordpress\/plugins\/seo\/ -->\n<meta name=\"robots\" content=\"index, follow, max-snippet:-1, max-image-preview:large, max-video-preview:-1\" \/>\n<link rel=\"canonical\" href=\"https:\/\/www.polisrecreio.com.br\/site\/2019\/02\/10\/situacao-ruim-da-estrada-recreio-angaturama-deve-comecar-a-ser-resolvida\/\" \/>\n<meta property=\"og:locale\" content=\"pt_BR\" \/>\n<meta property=\"og:type\" content=\"article\" \/>\n<meta property=\"og:title\" content=\"Situa\u00e7\u00e3o ruim da estrada Recreio-Angaturama deve come\u00e7ar a ser resolvida - P\u00f3lis Recreio\" \/>\n<meta property=\"og:description\" content=\"A situa\u00e7\u00e3o ruim da estrada Recreio-Angaturama, com muitos buracos e drenos entupidos, deve come\u00e7ar a ser resolvida a partir desta segunda-feira (11). A Prefeitura Municipal, atrav\u00e9s da Secretaria Rural, anunciou que est\u00e1 no planejamento da semana os reparos emergenciais na via principal entre a cidade e o distrito.\" \/>\n<meta property=\"og:url\" content=\"https:\/\/www.polisrecreio.com.br\/site\/2019\/02\/10\/situacao-ruim-da-estrada-recreio-angaturama-deve-comecar-a-ser-resolvida\/\" \/>\n<meta property=\"og:site_name\" content=\"P\u00f3lis Recreio\" \/>\n<meta property=\"article:publisher\" content=\"https:\/\/www.facebook.com\/Site-P%c3%b3lis-Recreio-MG-181941708571019\/\" \/>\n<meta property=\"article:published_time\" content=\"2019-02-10T12:31:38+00:00\" \/>\n<meta property=\"article:modified_time\" content=\"2019-02-10T13:38:47+00:00\" \/>\n<meta property=\"og:image\" content=\"https:\/\/www.polisrecreio.com.br\/site\/wp-content\/uploads\/2019\/02\/DSC_0037.jpg\" \/>\n\t<meta property=\"og:image:width\" content=\"750\" \/>\n\t<meta property=\"og:image:height\" content=\"500\" \/>\n<meta name=\"twitter:card\" content=\"summary_large_image\" \/>\n<meta name=\"twitter:creator\" content=\"@PolisRecreio\" \/>\n<meta name=\"twitter:site\" content=\"@PolisRecreio\" \/>\n<meta name=\"twitter:label1\" content=\"Est. reading time\">\n\t<meta name=\"twitter:data1\" content=\"1 minuto\">\n<script type=\"application\/ld+json\" class=\"yoast-schema-graph\">{\"@context\":\"https:\/\/schema.org\",\"@graph\":[{\"@type\":\"WebSite\",\"@id\":\"https:\/\/www.polisrecreio.com.br\/site\/#website\",\"url\":\"https:\/\/www.polisrecreio.com.br\/site\/\",\"name\":\"P\\u00f3lis Recreio\",\"description\":\"\",\"potentialAction\":[{\"@type\":\"SearchAction\",\"target\":\"https:\/\/www.polisrecreio.com.br\/site\/?s={search_term_string}\",\"query-input\":\"required name=search_term_string\"}],\"inLanguage\":\"pt-BR\"},{\"@type\":\"ImageObject\",\"@id\":\"https:\/\/www.polisrecreio.com.br\/site\/2019\/02\/10\/situacao-ruim-da-estrada-recreio-angaturama-deve-comecar-a-ser-resolvida\/#primaryimage\",\"inLanguage\":\"pt-BR\",\"url\":\"https:\/\/www.polisrecreio.com.br\/site\/wp-content\/uploads\/2019\/02\/DSC_0037.jpg\",\"width\":750,\"height\":500,\"caption\":\"Estrada Recreio-Angaturama.\"},{\"@type\":\"WebPage\",\"@id\":\"https:\/\/www.polisrecreio.com.br\/site\/2019\/02\/10\/situacao-ruim-da-estrada-recreio-angaturama-deve-comecar-a-ser-resolvida\/#webpage\",\"url\":\"https:\/\/www.polisrecreio.com.br\/site\/2019\/02\/10\/situacao-ruim-da-estrada-recreio-angaturama-deve-comecar-a-ser-resolvida\/\",\"name\":\"Situa\\u00e7\\u00e3o ruim da estrada Recreio-Angaturama deve come\\u00e7ar a ser resolvida - P\\u00f3lis Recreio\",\"isPartOf\":{\"@id\":\"https:\/\/www.polisrecreio.com.br\/site\/#website\"},\"primaryImageOfPage\":{\"@id\":\"https:\/\/www.polisrecreio.com.br\/site\/2019\/02\/10\/situacao-ruim-da-estrada-recreio-angaturama-deve-comecar-a-ser-resolvida\/#primaryimage\"},\"datePublished\":\"2019-02-10T12:31:38+00:00\",\"dateModified\":\"2019-02-10T13:38:47+00:00\",\"author\":{\"@id\":\"https:\/\/www.polisrecreio.com.br\/site\/#\/schema\/person\/3363c1c78e1e28e1329d97adb387638e\"},\"inLanguage\":\"pt-BR\",\"potentialAction\":[{\"@type\":\"ReadAction\",\"target\":[\"https:\/\/www.polisrecreio.com.br\/site\/2019\/02\/10\/situacao-ruim-da-estrada-recreio-angaturama-deve-comecar-a-ser-resolvida\/\"]}]},{\"@type\":\"Person\",\"@id\":\"https:\/\/www.polisrecreio.com.br\/site\/#\/schema\/person\/3363c1c78e1e28e1329d97adb387638e\",\"name\":\"Leonardo Ribeiro\",\"image\":{\"@type\":\"ImageObject\",\"@id\":\"https:\/\/www.polisrecreio.com.br\/site\/#personlogo\",\"inLanguage\":\"pt-BR\",\"url\":\"https:\/\/secure.gravatar.com\/avatar\/6ba92a37d621e1a83e23710251178a12?s=96&d=mm&r=g\",\"caption\":\"Leonardo Ribeiro\"},\"sameAs\":[\"http:\/\/www.polisrecreio.com.br\"]}]}<\/script>\n<!-- \/ Yoast SEO plugin. -->","_links":{"self":[{"href":"https:\/\/www.polisrecreio.com.br\/site\/wp-json\/wp\/v2\/posts\/12953"}],"collection":[{"href":"https:\/\/www.polisrecreio.com.br\/site\/wp-json\/wp\/v2\/posts"}],"about":[{"href":"https:\/\/www.polisrecreio.com.br\/site\/wp-json\/wp\/v2\/types\/post"}],"author":[{"embeddable":true,"href":"https:\/\/www.polisrecreio.com.br\/site\/wp-json\/wp\/v2\/users\/3"}],"replies":[{"embeddable":true,"href":"https:\/\/www.polisrecreio.com.br\/site\/wp-json\/wp\/v2\/comments?post=12953"}],"version-history":[{"count":2,"href":"https:\/\/www.polisrecreio.com.br\/site\/wp-json\/wp\/v2\/posts\/12953\/revisions"}],"predecessor-version":[{"id":12957,"href":"https:\/\/www.polisrecreio.com.br\/site\/wp-json\/wp\/v2\/posts\/12953\/revisions\/12957"}],"wp:featuredmedia":[{"embeddable":true,"href":"https:\/\/www.polisrecreio.com.br\/site\/wp-json\/wp\/v2\/media\/12954"}],"wp:attachment":[{"href":"https:\/\/www.polisrecreio.com.br\/site\/wp-json\/wp\/v2\/media?parent=12953"}],"wp:term":[{"taxonomy":"category","embeddable":true,"href":"https:\/\/www.polisrecreio.com.br\/site\/wp-json\/wp\/v2\/categories?post=12953"},{"taxonomy":"post_tag","embeddable":true,"href":"https:\/\/www.polisrecreio.com.br\/site\/wp-json\/wp\/v2\/tags?post=12953"}],"curies":[{"name":"wp","href":"https:\/\/api.w.org\/{rel}","templated":true}]}}