{"id":12958,"date":"2019-02-11T09:11:08","date_gmt":"2019-02-11T12:11:08","guid":{"rendered":"http:\/\/www.polisrecreio.com.br\/site\/?p=12958"},"modified":"2019-02-11T09:11:08","modified_gmt":"2019-02-11T12:11:08","slug":"inscricoes-para-jemg-2019-estao-abertas-fase-municipal-deve-acontecer-ainda-este-mes","status":"publish","type":"post","link":"https:\/\/www.polisrecreio.com.br\/site\/2019\/02\/11\/inscricoes-para-jemg-2019-estao-abertas-fase-municipal-deve-acontecer-ainda-este-mes\/","title":{"rendered":"Inscri\u00e7\u00f5es para JEMG\/2019 est\u00e3o abertas, fase municipal deve acontecer ainda este m\u00eas"},"content":{"rendered":"<p style=\"text-align: justify;\">As inscri\u00e7\u00f5es para os Jogos Escolares de Minas Gerais 2019 \u201cJEMG\u201d est\u00e3o abertas at\u00e9 o dia 11 de mar\u00e7o. A fase municipal, para conhecer os classificados para a etapa microrregional, deve acontecer ainda este m\u00eas.<\/p>\n<p><!--more--><\/p>\n<p><a href=\"http:\/\/www.polisrecreio.com.br\/site\/wp-content\/uploads\/2019\/02\/DSC_0347.jpg\"><img loading=\"lazy\" class=\"aligncenter size-full wp-image-12959\" src=\"http:\/\/www.polisrecreio.com.br\/site\/wp-content\/uploads\/2019\/02\/DSC_0347.jpg\" alt=\"\" width=\"750\" height=\"500\" srcset=\"https:\/\/www.polisrecreio.com.br\/site\/wp-content\/uploads\/2019\/02\/DSC_0347.jpg 750w, https:\/\/www.polisrecreio.com.br\/site\/wp-content\/uploads\/2019\/02\/DSC_0347-300x200.jpg 300w\" sizes=\"(max-width: 750px) 100vw, 750px\" \/><\/a><\/p>\n<p style=\"text-align: justify;\">O processo de inscri\u00e7\u00e3o \u00e9 simples, basta acessar o <a href=\"http:\/\/200.198.49.36\/sistema-de-eventos\/login\" target=\"_blank\" rel=\"noopener\">Sistema de Eventos Esportivos<\/a>. Para facilitar foi criado um passo a passo que ir\u00e1 auxili\u00e1-lo em todas as etapas da inscri\u00e7\u00e3o do munic\u00edpio e das escolas no sistema. Clique\u00a0<a href=\"http:\/\/jogosescolares.esportes.mg.gov.br\/wp-content\/uploads\/2012\/12\/Passo-a-Passo-Representante-Municipal-JEMG-2019.pdf\" target=\"_blank\" rel=\"noopener\">aqui<\/a>\u00a0e confira o passo a passo da inscri\u00e7\u00e3o dos munic\u00edpios. Veja\u00a0<a href=\"http:\/\/jogosescolares.esportes.mg.gov.br\/wp-content\/uploads\/2012\/12\/Passo-a-Passo-Representante-Escolar-JEMG-2019.pdf\" target=\"_blank\" rel=\"noopener\">aqui\u00a0<\/a>o passo a passo da inscri\u00e7\u00e3o das escolas.<\/p>\n<p style=\"text-align: justify;\">O JEMG \u00e9 o maior programa esportivo-social do Governo de Minas Gerais. A execu\u00e7\u00e3o \u00e9 de responsabilidade da Federa\u00e7\u00e3o de Esportes Estudantis de Minas Gerais \u201cFEMMG\u201d. Participam jovens de 12 a 17 anos das escolas p\u00fablicas e particulares do Estado.<\/p>\n","protected":false},"excerpt":{"rendered":"<p>As inscri\u00e7\u00f5es para os Jogos Escolares de Minas Gerais 2019 \u201cJEMG\u201d est\u00e3o abertas at\u00e9 o dia 11 de mar\u00e7o. A fase municipal, para conhecer os classificados para a etapa microrregional, deve acontecer ainda este m\u00eas.<\/p>\n","protected":false},"author":3,"featured_media":12959,"comment_status":"open","ping_status":"open","sticky":false,"template":"","format":"standard","meta":[],"categories":[9],"tags":[],"yoast_head":"<!-- This site is optimized with the Yoast SEO plugin v15.6.2 - https:\/\/yoast.com\/wordpress\/plugins\/seo\/ -->\n<meta name=\"robots\" content=\"index, follow, max-snippet:-1, max-image-preview:large, max-video-preview:-1\" \/>\n<link rel=\"canonical\" href=\"http:\/\/www.polisrecreio.com.br\/site\/2019\/02\/11\/inscricoes-para-jemg-2019-estao-abertas-fase-municipal-deve-acontecer-ainda-este-mes\/\" \/>\n<meta property=\"og:locale\" content=\"pt_BR\" \/>\n<meta property=\"og:type\" content=\"article\" \/>\n<meta property=\"og:title\" content=\"Inscri\u00e7\u00f5es para JEMG\/2019 est\u00e3o abertas, fase municipal deve acontecer ainda este m\u00eas - P\u00f3lis Recreio\" \/>\n<meta property=\"og:description\" content=\"As inscri\u00e7\u00f5es para os Jogos Escolares de Minas Gerais 2019 \u201cJEMG\u201d est\u00e3o abertas at\u00e9 o dia 11 de mar\u00e7o. A fase municipal, para conhecer os classificados para a etapa microrregional, deve acontecer ainda este m\u00eas.\" \/>\n<meta property=\"og:url\" content=\"http:\/\/www.polisrecreio.com.br\/site\/2019\/02\/11\/inscricoes-para-jemg-2019-estao-abertas-fase-municipal-deve-acontecer-ainda-este-mes\/\" \/>\n<meta property=\"og:site_name\" content=\"P\u00f3lis Recreio\" \/>\n<meta property=\"article:publisher\" content=\"https:\/\/www.facebook.com\/Site-P%c3%b3lis-Recreio-MG-181941708571019\/\" \/>\n<meta property=\"article:published_time\" content=\"2019-02-11T12:11:08+00:00\" \/>\n<meta property=\"og:image\" content=\"https:\/\/www.polisrecreio.com.br\/site\/wp-content\/uploads\/2019\/02\/DSC_0347.jpg\" \/>\n\t<meta property=\"og:image:width\" content=\"750\" \/>\n\t<meta property=\"og:image:height\" content=\"500\" \/>\n<meta name=\"twitter:card\" content=\"summary_large_image\" \/>\n<meta name=\"twitter:creator\" content=\"@PolisRecreio\" \/>\n<meta name=\"twitter:site\" content=\"@PolisRecreio\" \/>\n<meta name=\"twitter:label1\" content=\"Est. reading time\">\n\t<meta name=\"twitter:data1\" content=\"1 minuto\">\n<script type=\"application\/ld+json\" class=\"yoast-schema-graph\">{\"@context\":\"https:\/\/schema.org\",\"@graph\":[{\"@type\":\"WebSite\",\"@id\":\"https:\/\/www.polisrecreio.com.br\/site\/#website\",\"url\":\"https:\/\/www.polisrecreio.com.br\/site\/\",\"name\":\"P\\u00f3lis Recreio\",\"description\":\"\",\"potentialAction\":[{\"@type\":\"SearchAction\",\"target\":\"https:\/\/www.polisrecreio.com.br\/site\/?s={search_term_string}\",\"query-input\":\"required name=search_term_string\"}],\"inLanguage\":\"pt-BR\"},{\"@type\":\"ImageObject\",\"@id\":\"http:\/\/www.polisrecreio.com.br\/site\/2019\/02\/11\/inscricoes-para-jemg-2019-estao-abertas-fase-municipal-deve-acontecer-ainda-este-mes\/#primaryimage\",\"inLanguage\":\"pt-BR\",\"url\":\"https:\/\/www.polisrecreio.com.br\/site\/wp-content\/uploads\/2019\/02\/DSC_0347.jpg\",\"width\":750,\"height\":500},{\"@type\":\"WebPage\",\"@id\":\"http:\/\/www.polisrecreio.com.br\/site\/2019\/02\/11\/inscricoes-para-jemg-2019-estao-abertas-fase-municipal-deve-acontecer-ainda-este-mes\/#webpage\",\"url\":\"http:\/\/www.polisrecreio.com.br\/site\/2019\/02\/11\/inscricoes-para-jemg-2019-estao-abertas-fase-municipal-deve-acontecer-ainda-este-mes\/\",\"name\":\"Inscri\\u00e7\\u00f5es para JEMG\/2019 est\\u00e3o abertas, fase municipal deve acontecer ainda este m\\u00eas - P\\u00f3lis Recreio\",\"isPartOf\":{\"@id\":\"https:\/\/www.polisrecreio.com.br\/site\/#website\"},\"primaryImageOfPage\":{\"@id\":\"http:\/\/www.polisrecreio.com.br\/site\/2019\/02\/11\/inscricoes-para-jemg-2019-estao-abertas-fase-municipal-deve-acontecer-ainda-este-mes\/#primaryimage\"},\"datePublished\":\"2019-02-11T12:11:08+00:00\",\"dateModified\":\"2019-02-11T12:11:08+00:00\",\"author\":{\"@id\":\"https:\/\/www.polisrecreio.com.br\/site\/#\/schema\/person\/3363c1c78e1e28e1329d97adb387638e\"},\"inLanguage\":\"pt-BR\",\"potentialAction\":[{\"@type\":\"ReadAction\",\"target\":[\"http:\/\/www.polisrecreio.com.br\/site\/2019\/02\/11\/inscricoes-para-jemg-2019-estao-abertas-fase-municipal-deve-acontecer-ainda-este-mes\/\"]}]},{\"@type\":\"Person\",\"@id\":\"https:\/\/www.polisrecreio.com.br\/site\/#\/schema\/person\/3363c1c78e1e28e1329d97adb387638e\",\"name\":\"Leonardo Ribeiro\",\"image\":{\"@type\":\"ImageObject\",\"@id\":\"https:\/\/www.polisrecreio.com.br\/site\/#personlogo\",\"inLanguage\":\"pt-BR\",\"url\":\"https:\/\/secure.gravatar.com\/avatar\/6ba92a37d621e1a83e23710251178a12?s=96&d=mm&r=g\",\"caption\":\"Leonardo Ribeiro\"},\"sameAs\":[\"http:\/\/www.polisrecreio.com.br\"]}]}<\/script>\n<!-- \/ Yoast SEO plugin. -->","_links":{"self":[{"href":"https:\/\/www.polisrecreio.com.br\/site\/wp-json\/wp\/v2\/posts\/12958"}],"collection":[{"href":"https:\/\/www.polisrecreio.com.br\/site\/wp-json\/wp\/v2\/posts"}],"about":[{"href":"https:\/\/www.polisrecreio.com.br\/site\/wp-json\/wp\/v2\/types\/post"}],"author":[{"embeddable":true,"href":"https:\/\/www.polisrecreio.com.br\/site\/wp-json\/wp\/v2\/users\/3"}],"replies":[{"embeddable":true,"href":"https:\/\/www.polisrecreio.com.br\/site\/wp-json\/wp\/v2\/comments?post=12958"}],"version-history":[{"count":1,"href":"https:\/\/www.polisrecreio.com.br\/site\/wp-json\/wp\/v2\/posts\/12958\/revisions"}],"predecessor-version":[{"id":12960,"href":"https:\/\/www.polisrecreio.com.br\/site\/wp-json\/wp\/v2\/posts\/12958\/revisions\/12960"}],"wp:featuredmedia":[{"embeddable":true,"href":"https:\/\/www.polisrecreio.com.br\/site\/wp-json\/wp\/v2\/media\/12959"}],"wp:attachment":[{"href":"https:\/\/www.polisrecreio.com.br\/site\/wp-json\/wp\/v2\/media?parent=12958"}],"wp:term":[{"taxonomy":"category","embeddable":true,"href":"https:\/\/www.polisrecreio.com.br\/site\/wp-json\/wp\/v2\/categories?post=12958"},{"taxonomy":"post_tag","embeddable":true,"href":"https:\/\/www.polisrecreio.com.br\/site\/wp-json\/wp\/v2\/tags?post=12958"}],"curies":[{"name":"wp","href":"https:\/\/api.w.org\/{rel}","templated":true}]}}