{"id":12964,"date":"2019-02-12T09:45:52","date_gmt":"2019-02-12T12:45:52","guid":{"rendered":"http:\/\/www.polisrecreio.com.br\/site\/?p=12964"},"modified":"2019-02-12T09:47:05","modified_gmt":"2019-02-12T12:47:05","slug":"fanfarra-da-e-e-olavo-bilac-deve-receber-r-20-mil-para-aquisicao-de-instrumentos","status":"publish","type":"post","link":"https:\/\/www.polisrecreio.com.br\/site\/2019\/02\/12\/fanfarra-da-e-e-olavo-bilac-deve-receber-r-20-mil-para-aquisicao-de-instrumentos\/","title":{"rendered":"Fanfarra da E.E Olavo Bilac deve receber R$ 20 mil para aquisi\u00e7\u00e3o de instrumentos"},"content":{"rendered":"<p style=\"text-align: justify;\">A E.E Olavo Bilac de Recreio come\u00e7ou o ano de 2019 com uma boa not\u00edcia: a Fanfarra \u201cVilmano Francisco Vieira\u201d deve receber R$ 20 mil para aquisi\u00e7\u00e3o de instrumentos.<\/p>\n<p><!--more--><\/p>\n<p><a href=\"http:\/\/www.polisrecreio.com.br\/site\/wp-content\/uploads\/2019\/02\/DSC_0207.jpg\"><img loading=\"lazy\" class=\"aligncenter size-full wp-image-12965\" src=\"http:\/\/www.polisrecreio.com.br\/site\/wp-content\/uploads\/2019\/02\/DSC_0207.jpg\" alt=\"\" width=\"750\" height=\"500\" srcset=\"https:\/\/www.polisrecreio.com.br\/site\/wp-content\/uploads\/2019\/02\/DSC_0207.jpg 750w, https:\/\/www.polisrecreio.com.br\/site\/wp-content\/uploads\/2019\/02\/DSC_0207-300x200.jpg 300w\" sizes=\"(max-width: 750px) 100vw, 750px\" \/><\/a><\/p>\n<p style=\"text-align: justify;\">O recurso estadual foi indicado pelo deputado Estadual, Cristiano Silveira (PT), atrav\u00e9s de emenda parlamentar. Segundo informa\u00e7\u00f5es, a proposta j\u00e1 foi aprovada no SIGCON, n\u00ba 24438, inciso S154. Nas elei\u00e7\u00f5es de 2018, o deputado teve 96 votos em Recreio. Cristiano \u00e9 natural de S\u00e3o Jo\u00e3o del-Rei.<\/p>\n<p style=\"text-align: justify;\">A Fanfarra da E.E Olavo Bilac foi resgatada em 2018, depois de mais de 20 anos. O grupo foi constitu\u00eddo com apoio de um grupo de \u201camigos da escola\u201d.<\/p>\n","protected":false},"excerpt":{"rendered":"<p>A E.E Olavo Bilac de Recreio come\u00e7ou o ano de 2019 com uma boa not\u00edcia: a Fanfarra \u201cVilmano Francisco Vieira\u201d deve receber R$ 20 mil para aquisi\u00e7\u00e3o de instrumentos.<\/p>\n","protected":false},"author":3,"featured_media":12965,"comment_status":"open","ping_status":"open","sticky":false,"template":"","format":"standard","meta":[],"categories":[9],"tags":[],"yoast_head":"<!-- This site is optimized with the Yoast SEO plugin v15.6.2 - https:\/\/yoast.com\/wordpress\/plugins\/seo\/ -->\n<meta name=\"robots\" content=\"index, follow, max-snippet:-1, max-image-preview:large, max-video-preview:-1\" \/>\n<link rel=\"canonical\" href=\"https:\/\/www.polisrecreio.com.br\/site\/2019\/02\/12\/fanfarra-da-e-e-olavo-bilac-deve-receber-r-20-mil-para-aquisicao-de-instrumentos\/\" \/>\n<meta property=\"og:locale\" content=\"pt_BR\" \/>\n<meta property=\"og:type\" content=\"article\" \/>\n<meta property=\"og:title\" content=\"Fanfarra da E.E Olavo Bilac deve receber R$ 20 mil para aquisi\u00e7\u00e3o de instrumentos - P\u00f3lis Recreio\" \/>\n<meta property=\"og:description\" content=\"A E.E Olavo Bilac de Recreio come\u00e7ou o ano de 2019 com uma boa not\u00edcia: a Fanfarra \u201cVilmano Francisco Vieira\u201d deve receber R$ 20 mil para aquisi\u00e7\u00e3o de instrumentos.\" \/>\n<meta property=\"og:url\" content=\"https:\/\/www.polisrecreio.com.br\/site\/2019\/02\/12\/fanfarra-da-e-e-olavo-bilac-deve-receber-r-20-mil-para-aquisicao-de-instrumentos\/\" \/>\n<meta property=\"og:site_name\" content=\"P\u00f3lis Recreio\" \/>\n<meta property=\"article:publisher\" content=\"https:\/\/www.facebook.com\/Site-P%c3%b3lis-Recreio-MG-181941708571019\/\" \/>\n<meta property=\"article:published_time\" content=\"2019-02-12T12:45:52+00:00\" \/>\n<meta property=\"article:modified_time\" content=\"2019-02-12T12:47:05+00:00\" \/>\n<meta property=\"og:image\" content=\"https:\/\/www.polisrecreio.com.br\/site\/wp-content\/uploads\/2019\/02\/DSC_0207.jpg\" \/>\n\t<meta property=\"og:image:width\" content=\"750\" \/>\n\t<meta property=\"og:image:height\" content=\"500\" \/>\n<meta name=\"twitter:card\" content=\"summary_large_image\" \/>\n<meta name=\"twitter:creator\" content=\"@PolisRecreio\" \/>\n<meta name=\"twitter:site\" content=\"@PolisRecreio\" \/>\n<meta name=\"twitter:label1\" content=\"Est. reading time\">\n\t<meta name=\"twitter:data1\" content=\"1 minuto\">\n<script type=\"application\/ld+json\" class=\"yoast-schema-graph\">{\"@context\":\"https:\/\/schema.org\",\"@graph\":[{\"@type\":\"WebSite\",\"@id\":\"https:\/\/www.polisrecreio.com.br\/site\/#website\",\"url\":\"https:\/\/www.polisrecreio.com.br\/site\/\",\"name\":\"P\\u00f3lis Recreio\",\"description\":\"\",\"potentialAction\":[{\"@type\":\"SearchAction\",\"target\":\"https:\/\/www.polisrecreio.com.br\/site\/?s={search_term_string}\",\"query-input\":\"required name=search_term_string\"}],\"inLanguage\":\"pt-BR\"},{\"@type\":\"ImageObject\",\"@id\":\"https:\/\/www.polisrecreio.com.br\/site\/2019\/02\/12\/fanfarra-da-e-e-olavo-bilac-deve-receber-r-20-mil-para-aquisicao-de-instrumentos\/#primaryimage\",\"inLanguage\":\"pt-BR\",\"url\":\"https:\/\/www.polisrecreio.com.br\/site\/wp-content\/uploads\/2019\/02\/DSC_0207.jpg\",\"width\":750,\"height\":500},{\"@type\":\"WebPage\",\"@id\":\"https:\/\/www.polisrecreio.com.br\/site\/2019\/02\/12\/fanfarra-da-e-e-olavo-bilac-deve-receber-r-20-mil-para-aquisicao-de-instrumentos\/#webpage\",\"url\":\"https:\/\/www.polisrecreio.com.br\/site\/2019\/02\/12\/fanfarra-da-e-e-olavo-bilac-deve-receber-r-20-mil-para-aquisicao-de-instrumentos\/\",\"name\":\"Fanfarra da E.E Olavo Bilac deve receber R$ 20 mil para aquisi\\u00e7\\u00e3o de instrumentos - P\\u00f3lis Recreio\",\"isPartOf\":{\"@id\":\"https:\/\/www.polisrecreio.com.br\/site\/#website\"},\"primaryImageOfPage\":{\"@id\":\"https:\/\/www.polisrecreio.com.br\/site\/2019\/02\/12\/fanfarra-da-e-e-olavo-bilac-deve-receber-r-20-mil-para-aquisicao-de-instrumentos\/#primaryimage\"},\"datePublished\":\"2019-02-12T12:45:52+00:00\",\"dateModified\":\"2019-02-12T12:47:05+00:00\",\"author\":{\"@id\":\"https:\/\/www.polisrecreio.com.br\/site\/#\/schema\/person\/3363c1c78e1e28e1329d97adb387638e\"},\"inLanguage\":\"pt-BR\",\"potentialAction\":[{\"@type\":\"ReadAction\",\"target\":[\"https:\/\/www.polisrecreio.com.br\/site\/2019\/02\/12\/fanfarra-da-e-e-olavo-bilac-deve-receber-r-20-mil-para-aquisicao-de-instrumentos\/\"]}]},{\"@type\":\"Person\",\"@id\":\"https:\/\/www.polisrecreio.com.br\/site\/#\/schema\/person\/3363c1c78e1e28e1329d97adb387638e\",\"name\":\"Leonardo Ribeiro\",\"image\":{\"@type\":\"ImageObject\",\"@id\":\"https:\/\/www.polisrecreio.com.br\/site\/#personlogo\",\"inLanguage\":\"pt-BR\",\"url\":\"https:\/\/secure.gravatar.com\/avatar\/6ba92a37d621e1a83e23710251178a12?s=96&d=mm&r=g\",\"caption\":\"Leonardo Ribeiro\"},\"sameAs\":[\"http:\/\/www.polisrecreio.com.br\"]}]}<\/script>\n<!-- \/ Yoast SEO plugin. -->","_links":{"self":[{"href":"https:\/\/www.polisrecreio.com.br\/site\/wp-json\/wp\/v2\/posts\/12964"}],"collection":[{"href":"https:\/\/www.polisrecreio.com.br\/site\/wp-json\/wp\/v2\/posts"}],"about":[{"href":"https:\/\/www.polisrecreio.com.br\/site\/wp-json\/wp\/v2\/types\/post"}],"author":[{"embeddable":true,"href":"https:\/\/www.polisrecreio.com.br\/site\/wp-json\/wp\/v2\/users\/3"}],"replies":[{"embeddable":true,"href":"https:\/\/www.polisrecreio.com.br\/site\/wp-json\/wp\/v2\/comments?post=12964"}],"version-history":[{"count":2,"href":"https:\/\/www.polisrecreio.com.br\/site\/wp-json\/wp\/v2\/posts\/12964\/revisions"}],"predecessor-version":[{"id":12967,"href":"https:\/\/www.polisrecreio.com.br\/site\/wp-json\/wp\/v2\/posts\/12964\/revisions\/12967"}],"wp:featuredmedia":[{"embeddable":true,"href":"https:\/\/www.polisrecreio.com.br\/site\/wp-json\/wp\/v2\/media\/12965"}],"wp:attachment":[{"href":"https:\/\/www.polisrecreio.com.br\/site\/wp-json\/wp\/v2\/media?parent=12964"}],"wp:term":[{"taxonomy":"category","embeddable":true,"href":"https:\/\/www.polisrecreio.com.br\/site\/wp-json\/wp\/v2\/categories?post=12964"},{"taxonomy":"post_tag","embeddable":true,"href":"https:\/\/www.polisrecreio.com.br\/site\/wp-json\/wp\/v2\/tags?post=12964"}],"curies":[{"name":"wp","href":"https:\/\/api.w.org\/{rel}","templated":true}]}}