{"id":12970,"date":"2019-02-12T19:15:27","date_gmt":"2019-02-12T22:15:27","guid":{"rendered":"http:\/\/www.polisrecreio.com.br\/site\/?p=12970"},"modified":"2019-02-12T19:31:10","modified_gmt":"2019-02-12T22:31:10","slug":"governo-do-estado-comeca-a-pagar-salarios-de-janeiro-nesta-quarta-feira-13","status":"publish","type":"post","link":"https:\/\/www.polisrecreio.com.br\/site\/2019\/02\/12\/governo-do-estado-comeca-a-pagar-salarios-de-janeiro-nesta-quarta-feira-13\/","title":{"rendered":"Governo do Estado come\u00e7a a pagar sal\u00e1rios de janeiro nesta quarta-feira (13)"},"content":{"rendered":"<p style=\"text-align: justify;\">O Governo do Estado come\u00e7a a pagar os sal\u00e1rios referentes a janeiro nesta quarta-feira (13). Para os funcion\u00e1rios que recebem at\u00e9 R$ 2 mil o pagamento ser\u00e1 integral. Aos servidores da sa\u00fade e seguran\u00e7a p\u00fablica a cota ser\u00e1 de at\u00e9 R$ 3 mil.<\/p>\n<p><!--more--><\/p>\n<p><a href=\"http:\/\/www.polisrecreio.com.br\/site\/wp-content\/uploads\/2018\/12\/dinheiro-mix-vale-nota.jpg\"><img loading=\"lazy\" class=\"aligncenter size-full wp-image-12368\" src=\"http:\/\/www.polisrecreio.com.br\/site\/wp-content\/uploads\/2018\/12\/dinheiro-mix-vale-nota.jpg\" alt=\"\" width=\"750\" height=\"500\" srcset=\"https:\/\/www.polisrecreio.com.br\/site\/wp-content\/uploads\/2018\/12\/dinheiro-mix-vale-nota.jpg 750w, https:\/\/www.polisrecreio.com.br\/site\/wp-content\/uploads\/2018\/12\/dinheiro-mix-vale-nota-300x200.jpg 300w\" sizes=\"(max-width: 750px) 100vw, 750px\" \/><\/a><\/p>\n<p style=\"text-align: justify;\">Neste m\u00eas a escala termina no dia 25, com a quita\u00e7\u00e3o do restante dos sal\u00e1rios de todos os servidores estaduais.<\/p>\n<p style=\"text-align: justify;\">Em mar\u00e7o, a remunera\u00e7\u00e3o referente a fevereiro seguir\u00e1 a mesma escala, com previs\u00e3o de pagamento para os dias 13 e 26.<\/p>\n<p><strong>13\u00ba sal\u00e1rio<\/strong><\/p>\n<p style=\"text-align: justify;\">Al\u00e9m da folha referente a janeiro, o Governo come\u00e7a a pagar neste m\u00eas, dia 21, o 13\u00ba sal\u00e1rio de 2018. Entenda como ser\u00e1 o valor de cada parcela da gratifica\u00e7\u00e3o que deveria ter sido paga no final de dezembro:<\/p>\n<ul>\n<li>Fevereiro, mar\u00e7o e abril \u2013 R$ 300;<\/li>\n<li>Maio e junho \u2013 R$ 400;<\/li>\n<li>Julho \u2013 R$ 500;<\/li>\n<li>Agosto \u2013 R$ 600;<\/li>\n<li>Setembro \u2013 R$ 800;<\/li>\n<li>Outubro \u2013 R$ 1.500;<\/li>\n<li>Novembro \u2013 R$ 3.000;<\/li>\n<li>Dezembro \u2013 valor residual.<\/li>\n<\/ul>\n","protected":false},"excerpt":{"rendered":"<p>O Governo do Estado come\u00e7a a pagar os sal\u00e1rios referentes a janeiro nesta quarta-feira (13). Para os funcion\u00e1rios que recebem at\u00e9 R$ 2 mil o pagamento ser\u00e1 integral. Aos servidores da sa\u00fade e seguran\u00e7a p\u00fablica a cota ser\u00e1 de at\u00e9 R$ 3 mil.<\/p>\n","protected":false},"author":3,"featured_media":12577,"comment_status":"open","ping_status":"open","sticky":false,"template":"","format":"standard","meta":[],"categories":[5],"tags":[],"yoast_head":"<!-- This site is optimized with the Yoast SEO plugin v15.6.2 - https:\/\/yoast.com\/wordpress\/plugins\/seo\/ -->\n<meta name=\"robots\" content=\"index, follow, max-snippet:-1, max-image-preview:large, max-video-preview:-1\" \/>\n<link rel=\"canonical\" href=\"https:\/\/www.polisrecreio.com.br\/site\/2019\/02\/12\/governo-do-estado-comeca-a-pagar-salarios-de-janeiro-nesta-quarta-feira-13\/\" \/>\n<meta property=\"og:locale\" content=\"pt_BR\" \/>\n<meta property=\"og:type\" content=\"article\" \/>\n<meta property=\"og:title\" content=\"Governo do Estado come\u00e7a a pagar sal\u00e1rios de janeiro nesta quarta-feira (13) - P\u00f3lis Recreio\" \/>\n<meta property=\"og:description\" content=\"O Governo do Estado come\u00e7a a pagar os sal\u00e1rios referentes a janeiro nesta quarta-feira (13). Para os funcion\u00e1rios que recebem at\u00e9 R$ 2 mil o pagamento ser\u00e1 integral. Aos servidores da sa\u00fade e seguran\u00e7a p\u00fablica a cota ser\u00e1 de at\u00e9 R$ 3 mil.\" \/>\n<meta property=\"og:url\" content=\"https:\/\/www.polisrecreio.com.br\/site\/2019\/02\/12\/governo-do-estado-comeca-a-pagar-salarios-de-janeiro-nesta-quarta-feira-13\/\" \/>\n<meta property=\"og:site_name\" content=\"P\u00f3lis Recreio\" \/>\n<meta property=\"article:publisher\" content=\"https:\/\/www.facebook.com\/Site-P%c3%b3lis-Recreio-MG-181941708571019\/\" \/>\n<meta property=\"article:published_time\" content=\"2019-02-12T22:15:27+00:00\" \/>\n<meta property=\"article:modified_time\" content=\"2019-02-12T22:31:10+00:00\" \/>\n<meta property=\"og:image\" content=\"https:\/\/www.polisrecreio.com.br\/site\/wp-content\/uploads\/2019\/01\/CN297.jpg\" \/>\n\t<meta property=\"og:image:width\" content=\"750\" \/>\n\t<meta property=\"og:image:height\" content=\"499\" \/>\n<meta name=\"twitter:card\" content=\"summary_large_image\" \/>\n<meta name=\"twitter:creator\" content=\"@PolisRecreio\" \/>\n<meta name=\"twitter:site\" content=\"@PolisRecreio\" \/>\n<meta name=\"twitter:label1\" content=\"Est. reading time\">\n\t<meta name=\"twitter:data1\" content=\"1 minuto\">\n<script type=\"application\/ld+json\" class=\"yoast-schema-graph\">{\"@context\":\"https:\/\/schema.org\",\"@graph\":[{\"@type\":\"WebSite\",\"@id\":\"https:\/\/www.polisrecreio.com.br\/site\/#website\",\"url\":\"https:\/\/www.polisrecreio.com.br\/site\/\",\"name\":\"P\\u00f3lis Recreio\",\"description\":\"\",\"potentialAction\":[{\"@type\":\"SearchAction\",\"target\":\"https:\/\/www.polisrecreio.com.br\/site\/?s={search_term_string}\",\"query-input\":\"required name=search_term_string\"}],\"inLanguage\":\"pt-BR\"},{\"@type\":\"ImageObject\",\"@id\":\"https:\/\/www.polisrecreio.com.br\/site\/2019\/02\/12\/governo-do-estado-comeca-a-pagar-salarios-de-janeiro-nesta-quarta-feira-13\/#primaryimage\",\"inLanguage\":\"pt-BR\",\"url\":\"https:\/\/www.polisrecreio.com.br\/site\/wp-content\/uploads\/2019\/01\/CN297.jpg\",\"width\":750,\"height\":499},{\"@type\":\"WebPage\",\"@id\":\"https:\/\/www.polisrecreio.com.br\/site\/2019\/02\/12\/governo-do-estado-comeca-a-pagar-salarios-de-janeiro-nesta-quarta-feira-13\/#webpage\",\"url\":\"https:\/\/www.polisrecreio.com.br\/site\/2019\/02\/12\/governo-do-estado-comeca-a-pagar-salarios-de-janeiro-nesta-quarta-feira-13\/\",\"name\":\"Governo do Estado come\\u00e7a a pagar sal\\u00e1rios de janeiro nesta quarta-feira (13) - P\\u00f3lis Recreio\",\"isPartOf\":{\"@id\":\"https:\/\/www.polisrecreio.com.br\/site\/#website\"},\"primaryImageOfPage\":{\"@id\":\"https:\/\/www.polisrecreio.com.br\/site\/2019\/02\/12\/governo-do-estado-comeca-a-pagar-salarios-de-janeiro-nesta-quarta-feira-13\/#primaryimage\"},\"datePublished\":\"2019-02-12T22:15:27+00:00\",\"dateModified\":\"2019-02-12T22:31:10+00:00\",\"author\":{\"@id\":\"https:\/\/www.polisrecreio.com.br\/site\/#\/schema\/person\/3363c1c78e1e28e1329d97adb387638e\"},\"inLanguage\":\"pt-BR\",\"potentialAction\":[{\"@type\":\"ReadAction\",\"target\":[\"https:\/\/www.polisrecreio.com.br\/site\/2019\/02\/12\/governo-do-estado-comeca-a-pagar-salarios-de-janeiro-nesta-quarta-feira-13\/\"]}]},{\"@type\":\"Person\",\"@id\":\"https:\/\/www.polisrecreio.com.br\/site\/#\/schema\/person\/3363c1c78e1e28e1329d97adb387638e\",\"name\":\"Leonardo Ribeiro\",\"image\":{\"@type\":\"ImageObject\",\"@id\":\"https:\/\/www.polisrecreio.com.br\/site\/#personlogo\",\"inLanguage\":\"pt-BR\",\"url\":\"https:\/\/secure.gravatar.com\/avatar\/6ba92a37d621e1a83e23710251178a12?s=96&d=mm&r=g\",\"caption\":\"Leonardo Ribeiro\"},\"sameAs\":[\"http:\/\/www.polisrecreio.com.br\"]}]}<\/script>\n<!-- \/ Yoast SEO plugin. -->","_links":{"self":[{"href":"https:\/\/www.polisrecreio.com.br\/site\/wp-json\/wp\/v2\/posts\/12970"}],"collection":[{"href":"https:\/\/www.polisrecreio.com.br\/site\/wp-json\/wp\/v2\/posts"}],"about":[{"href":"https:\/\/www.polisrecreio.com.br\/site\/wp-json\/wp\/v2\/types\/post"}],"author":[{"embeddable":true,"href":"https:\/\/www.polisrecreio.com.br\/site\/wp-json\/wp\/v2\/users\/3"}],"replies":[{"embeddable":true,"href":"https:\/\/www.polisrecreio.com.br\/site\/wp-json\/wp\/v2\/comments?post=12970"}],"version-history":[{"count":9,"href":"https:\/\/www.polisrecreio.com.br\/site\/wp-json\/wp\/v2\/posts\/12970\/revisions"}],"predecessor-version":[{"id":12979,"href":"https:\/\/www.polisrecreio.com.br\/site\/wp-json\/wp\/v2\/posts\/12970\/revisions\/12979"}],"wp:featuredmedia":[{"embeddable":true,"href":"https:\/\/www.polisrecreio.com.br\/site\/wp-json\/wp\/v2\/media\/12577"}],"wp:attachment":[{"href":"https:\/\/www.polisrecreio.com.br\/site\/wp-json\/wp\/v2\/media?parent=12970"}],"wp:term":[{"taxonomy":"category","embeddable":true,"href":"https:\/\/www.polisrecreio.com.br\/site\/wp-json\/wp\/v2\/categories?post=12970"},{"taxonomy":"post_tag","embeddable":true,"href":"https:\/\/www.polisrecreio.com.br\/site\/wp-json\/wp\/v2\/tags?post=12970"}],"curies":[{"name":"wp","href":"https:\/\/api.w.org\/{rel}","templated":true}]}}