{"id":12980,"date":"2019-02-13T09:23:36","date_gmt":"2019-02-13T12:23:36","guid":{"rendered":"http:\/\/www.polisrecreio.com.br\/site\/?p=12980"},"modified":"2019-02-13T09:23:36","modified_gmt":"2019-02-13T12:23:36","slug":"em-recreio-fase-municipal-do-jemg-acontece-de-11-a-15-de-marco","status":"publish","type":"post","link":"https:\/\/www.polisrecreio.com.br\/site\/2019\/02\/13\/em-recreio-fase-municipal-do-jemg-acontece-de-11-a-15-de-marco\/","title":{"rendered":"Em Recreio, fase municipal do JEMG acontece de 11 a 15 de mar\u00e7o"},"content":{"rendered":"<p style=\"text-align: justify;\">Em Recreio, a fase municipal do maior programa esportivo-social do Estado \u2013 Jogos Escolares de Minas Gerais 2019 \u201cJEMG\u201d \u2013, acontece de 11 a 15 de mar\u00e7o.<\/p>\n<p><!--more--><\/p>\n<p><a href=\"http:\/\/www.polisrecreio.com.br\/site\/wp-content\/uploads\/2019\/02\/111.jpg\"><img loading=\"lazy\" class=\"aligncenter size-full wp-image-12981\" src=\"http:\/\/www.polisrecreio.com.br\/site\/wp-content\/uploads\/2019\/02\/111.jpg\" alt=\"\" width=\"750\" height=\"438\" srcset=\"https:\/\/www.polisrecreio.com.br\/site\/wp-content\/uploads\/2019\/02\/111.jpg 750w, https:\/\/www.polisrecreio.com.br\/site\/wp-content\/uploads\/2019\/02\/111-300x175.jpg 300w\" sizes=\"(max-width: 750px) 100vw, 750px\" \/><\/a><\/p>\n<p style=\"text-align: justify;\">A fase municipal \u00e9 a primeira etapa dos jogos. Os vencedores se classificam e representam o Munic\u00edpio na fase microrregional. A execu\u00e7\u00e3o do JEMG \u00e9 de responsabilidade da Federa\u00e7\u00e3o de Esportes Estudantis de Minas Gerais \u201cFEMMG\u201d. A organiza\u00e7\u00e3o da etapa municipal \u00e9 de responsabilidade da Prefeitura.<\/p>\n<p style=\"text-align: justify;\">Participam dos jogos jovens de 12 a 17 anos das escolas p\u00fablicas e particulares de Minas Gerais, divididos em duas categorias: m\u00f3dulo 1 (atletas nascidos nos anos de 2005, 2006 e 2007) e m\u00f3dulo 2 (atletas nascidos nos anos de 2002, 2003 e 2004).<\/p>\n<p style=\"text-align: justify;\">A Prefeitura ainda n\u00e3o divulgou a tabela e a sede (escola) da fase municipal.<\/p>\n","protected":false},"excerpt":{"rendered":"<p>Em Recreio, a fase municipal do maior programa esportivo-social do Estado \u2013 Jogos Escolares de Minas Gerais 2019 \u201cJEMG\u201d \u2013, acontece de 11 a 15 de mar\u00e7o.<\/p>\n","protected":false},"author":3,"featured_media":12981,"comment_status":"open","ping_status":"open","sticky":false,"template":"","format":"standard","meta":[],"categories":[9],"tags":[],"yoast_head":"<!-- This site is optimized with the Yoast SEO plugin v15.6.2 - https:\/\/yoast.com\/wordpress\/plugins\/seo\/ -->\n<meta name=\"robots\" content=\"index, follow, max-snippet:-1, max-image-preview:large, max-video-preview:-1\" \/>\n<link rel=\"canonical\" href=\"https:\/\/www.polisrecreio.com.br\/site\/2019\/02\/13\/em-recreio-fase-municipal-do-jemg-acontece-de-11-a-15-de-marco\/\" \/>\n<meta property=\"og:locale\" content=\"pt_BR\" \/>\n<meta property=\"og:type\" content=\"article\" \/>\n<meta property=\"og:title\" content=\"Em Recreio, fase municipal do JEMG acontece de 11 a 15 de mar\u00e7o - P\u00f3lis Recreio\" \/>\n<meta property=\"og:description\" content=\"Em Recreio, a fase municipal do maior programa esportivo-social do Estado \u2013 Jogos Escolares de Minas Gerais 2019 \u201cJEMG\u201d \u2013, acontece de 11 a 15 de mar\u00e7o.\" \/>\n<meta property=\"og:url\" content=\"https:\/\/www.polisrecreio.com.br\/site\/2019\/02\/13\/em-recreio-fase-municipal-do-jemg-acontece-de-11-a-15-de-marco\/\" \/>\n<meta property=\"og:site_name\" content=\"P\u00f3lis Recreio\" \/>\n<meta property=\"article:publisher\" content=\"https:\/\/www.facebook.com\/Site-P%c3%b3lis-Recreio-MG-181941708571019\/\" \/>\n<meta property=\"article:published_time\" content=\"2019-02-13T12:23:36+00:00\" \/>\n<meta property=\"og:image\" content=\"https:\/\/www.polisrecreio.com.br\/site\/wp-content\/uploads\/2019\/02\/111.jpg\" \/>\n\t<meta property=\"og:image:width\" content=\"750\" \/>\n\t<meta property=\"og:image:height\" content=\"438\" \/>\n<meta name=\"twitter:card\" content=\"summary_large_image\" \/>\n<meta name=\"twitter:creator\" content=\"@PolisRecreio\" \/>\n<meta name=\"twitter:site\" content=\"@PolisRecreio\" \/>\n<meta name=\"twitter:label1\" content=\"Est. reading time\">\n\t<meta name=\"twitter:data1\" content=\"1 minuto\">\n<script type=\"application\/ld+json\" class=\"yoast-schema-graph\">{\"@context\":\"https:\/\/schema.org\",\"@graph\":[{\"@type\":\"WebSite\",\"@id\":\"https:\/\/www.polisrecreio.com.br\/site\/#website\",\"url\":\"https:\/\/www.polisrecreio.com.br\/site\/\",\"name\":\"P\\u00f3lis Recreio\",\"description\":\"\",\"potentialAction\":[{\"@type\":\"SearchAction\",\"target\":\"https:\/\/www.polisrecreio.com.br\/site\/?s={search_term_string}\",\"query-input\":\"required name=search_term_string\"}],\"inLanguage\":\"pt-BR\"},{\"@type\":\"ImageObject\",\"@id\":\"https:\/\/www.polisrecreio.com.br\/site\/2019\/02\/13\/em-recreio-fase-municipal-do-jemg-acontece-de-11-a-15-de-marco\/#primaryimage\",\"inLanguage\":\"pt-BR\",\"url\":\"https:\/\/www.polisrecreio.com.br\/site\/wp-content\/uploads\/2019\/02\/111.jpg\",\"width\":750,\"height\":438},{\"@type\":\"WebPage\",\"@id\":\"https:\/\/www.polisrecreio.com.br\/site\/2019\/02\/13\/em-recreio-fase-municipal-do-jemg-acontece-de-11-a-15-de-marco\/#webpage\",\"url\":\"https:\/\/www.polisrecreio.com.br\/site\/2019\/02\/13\/em-recreio-fase-municipal-do-jemg-acontece-de-11-a-15-de-marco\/\",\"name\":\"Em Recreio, fase municipal do JEMG acontece de 11 a 15 de mar\\u00e7o - P\\u00f3lis Recreio\",\"isPartOf\":{\"@id\":\"https:\/\/www.polisrecreio.com.br\/site\/#website\"},\"primaryImageOfPage\":{\"@id\":\"https:\/\/www.polisrecreio.com.br\/site\/2019\/02\/13\/em-recreio-fase-municipal-do-jemg-acontece-de-11-a-15-de-marco\/#primaryimage\"},\"datePublished\":\"2019-02-13T12:23:36+00:00\",\"dateModified\":\"2019-02-13T12:23:36+00:00\",\"author\":{\"@id\":\"https:\/\/www.polisrecreio.com.br\/site\/#\/schema\/person\/3363c1c78e1e28e1329d97adb387638e\"},\"inLanguage\":\"pt-BR\",\"potentialAction\":[{\"@type\":\"ReadAction\",\"target\":[\"https:\/\/www.polisrecreio.com.br\/site\/2019\/02\/13\/em-recreio-fase-municipal-do-jemg-acontece-de-11-a-15-de-marco\/\"]}]},{\"@type\":\"Person\",\"@id\":\"https:\/\/www.polisrecreio.com.br\/site\/#\/schema\/person\/3363c1c78e1e28e1329d97adb387638e\",\"name\":\"Leonardo Ribeiro\",\"image\":{\"@type\":\"ImageObject\",\"@id\":\"https:\/\/www.polisrecreio.com.br\/site\/#personlogo\",\"inLanguage\":\"pt-BR\",\"url\":\"https:\/\/secure.gravatar.com\/avatar\/6ba92a37d621e1a83e23710251178a12?s=96&d=mm&r=g\",\"caption\":\"Leonardo Ribeiro\"},\"sameAs\":[\"http:\/\/www.polisrecreio.com.br\"]}]}<\/script>\n<!-- \/ Yoast SEO plugin. -->","_links":{"self":[{"href":"https:\/\/www.polisrecreio.com.br\/site\/wp-json\/wp\/v2\/posts\/12980"}],"collection":[{"href":"https:\/\/www.polisrecreio.com.br\/site\/wp-json\/wp\/v2\/posts"}],"about":[{"href":"https:\/\/www.polisrecreio.com.br\/site\/wp-json\/wp\/v2\/types\/post"}],"author":[{"embeddable":true,"href":"https:\/\/www.polisrecreio.com.br\/site\/wp-json\/wp\/v2\/users\/3"}],"replies":[{"embeddable":true,"href":"https:\/\/www.polisrecreio.com.br\/site\/wp-json\/wp\/v2\/comments?post=12980"}],"version-history":[{"count":1,"href":"https:\/\/www.polisrecreio.com.br\/site\/wp-json\/wp\/v2\/posts\/12980\/revisions"}],"predecessor-version":[{"id":12982,"href":"https:\/\/www.polisrecreio.com.br\/site\/wp-json\/wp\/v2\/posts\/12980\/revisions\/12982"}],"wp:featuredmedia":[{"embeddable":true,"href":"https:\/\/www.polisrecreio.com.br\/site\/wp-json\/wp\/v2\/media\/12981"}],"wp:attachment":[{"href":"https:\/\/www.polisrecreio.com.br\/site\/wp-json\/wp\/v2\/media?parent=12980"}],"wp:term":[{"taxonomy":"category","embeddable":true,"href":"https:\/\/www.polisrecreio.com.br\/site\/wp-json\/wp\/v2\/categories?post=12980"},{"taxonomy":"post_tag","embeddable":true,"href":"https:\/\/www.polisrecreio.com.br\/site\/wp-json\/wp\/v2\/tags?post=12980"}],"curies":[{"name":"wp","href":"https:\/\/api.w.org\/{rel}","templated":true}]}}