{"id":12987,"date":"2019-02-15T07:52:40","date_gmt":"2019-02-15T10:52:40","guid":{"rendered":"http:\/\/www.polisrecreio.com.br\/site\/?p=12987"},"modified":"2019-02-15T07:55:29","modified_gmt":"2019-02-15T10:55:29","slug":"escolas-municipais-de-recreio-voltam-as-aulas-nesta-segunda-feira-18","status":"publish","type":"post","link":"https:\/\/www.polisrecreio.com.br\/site\/2019\/02\/15\/escolas-municipais-de-recreio-voltam-as-aulas-nesta-segunda-feira-18\/","title":{"rendered":"Escolas municipais de Recreio voltam \u00e0s aulas nesta segunda-feira (18)"},"content":{"rendered":"<p style=\"text-align: justify;\">As escolas municipais de Recreio voltam \u00e0s aulas nesta segunda-feira (18). A rede atende estudantes da Educa\u00e7\u00e3o Infantil, Ensino Fundamental I e II e a Educa\u00e7\u00e3o de Jovens e Adultos \u201cEJA\u201d.<\/p>\n<p><!--more--><\/p>\n<p><a href=\"http:\/\/www.polisrecreio.com.br\/site\/wp-content\/uploads\/2019\/01\/Sala-de-aula-design-Blog-Unimed-vtrp-2.png\"><img loading=\"lazy\" class=\"aligncenter size-full wp-image-12686\" src=\"http:\/\/www.polisrecreio.com.br\/site\/wp-content\/uploads\/2019\/01\/Sala-de-aula-design-Blog-Unimed-vtrp-2.png\" alt=\"\" width=\"750\" height=\"453\" srcset=\"https:\/\/www.polisrecreio.com.br\/site\/wp-content\/uploads\/2019\/01\/Sala-de-aula-design-Blog-Unimed-vtrp-2.png 750w, https:\/\/www.polisrecreio.com.br\/site\/wp-content\/uploads\/2019\/01\/Sala-de-aula-design-Blog-Unimed-vtrp-2-300x181.png 300w\" sizes=\"(max-width: 750px) 100vw, 750px\" \/><\/a><\/p>\n<p style=\"text-align: justify;\">O in\u00edcio do ano letivo no dia 18 \u00e9 influenciado pelos atrasos de repasses financeiros do Governo do Estado ao Munic\u00edpio. Segundo informa\u00e7\u00f5es, h\u00e1 d\u00edvidas estaduais com o Fundo de Manuten\u00e7\u00e3o e Desenvolvimento da Educa\u00e7\u00e3o B\u00e1sica \u201cFUNDEB\u201d e o transporte escolar. Este problema financeiro tem ocorrido em todos os munic\u00edpios mineiros.<\/p>\n<p style=\"text-align: justify;\">Em Recreio, a rede municipal \u00e9 formada por 6 unidades educacionais, atende mais de 1 mil estudantes e tem aproximadamente 180 servidores.<\/p>\n<p><strong>Escolas Municipais<\/strong><\/p>\n<ul>\n<li>Centro Educacional Municipal Crian\u00e7a Feliz (Rua J\u00falio Martins);<\/li>\n<li>E.M Professora Nice Damasceno de Almeida Muniz (Rua Sargento Euber de Queir\u00f3z);<\/li>\n<li>E.M Jo\u00e3o Damasceno Ferreira (Rua Paulino Ferreira Neto);<\/li>\n<li>Centro Educacional Municipal Tereza de Lourdes Pimenta (Concei\u00e7\u00e3o da Boa Vista);<\/li>\n<li>E.M Dr. Francisco Baptista de Paula (Angaturama);<\/li>\n<li>E.M Maria Aparecida Lacerda de Freitas (Barreiros).<\/li>\n<\/ul>\n","protected":false},"excerpt":{"rendered":"<p>As escolas municipais de Recreio voltam \u00e0s aulas nesta segunda-feira (18). A rede atende estudantes da Educa\u00e7\u00e3o Infantil, Ensino Fundamental I e II e a Educa\u00e7\u00e3o de Jovens e Adultos \u201cEJA\u201d.<\/p>\n","protected":false},"author":3,"featured_media":12686,"comment_status":"open","ping_status":"open","sticky":false,"template":"","format":"standard","meta":[],"categories":[9],"tags":[],"yoast_head":"<!-- This site is optimized with the Yoast SEO plugin v15.6.2 - https:\/\/yoast.com\/wordpress\/plugins\/seo\/ -->\n<meta name=\"robots\" content=\"index, follow, max-snippet:-1, max-image-preview:large, max-video-preview:-1\" \/>\n<link rel=\"canonical\" href=\"https:\/\/www.polisrecreio.com.br\/site\/2019\/02\/15\/escolas-municipais-de-recreio-voltam-as-aulas-nesta-segunda-feira-18\/\" \/>\n<meta property=\"og:locale\" content=\"pt_BR\" \/>\n<meta property=\"og:type\" content=\"article\" \/>\n<meta property=\"og:title\" content=\"Escolas municipais de Recreio voltam \u00e0s aulas nesta segunda-feira (18) - P\u00f3lis Recreio\" \/>\n<meta property=\"og:description\" content=\"As escolas municipais de Recreio voltam \u00e0s aulas nesta segunda-feira (18). A rede atende estudantes da Educa\u00e7\u00e3o Infantil, Ensino Fundamental I e II e a Educa\u00e7\u00e3o de Jovens e Adultos \u201cEJA\u201d.\" \/>\n<meta property=\"og:url\" content=\"https:\/\/www.polisrecreio.com.br\/site\/2019\/02\/15\/escolas-municipais-de-recreio-voltam-as-aulas-nesta-segunda-feira-18\/\" \/>\n<meta property=\"og:site_name\" content=\"P\u00f3lis Recreio\" \/>\n<meta property=\"article:publisher\" content=\"https:\/\/www.facebook.com\/Site-P%c3%b3lis-Recreio-MG-181941708571019\/\" \/>\n<meta property=\"article:published_time\" content=\"2019-02-15T10:52:40+00:00\" \/>\n<meta property=\"article:modified_time\" content=\"2019-02-15T10:55:29+00:00\" \/>\n<meta property=\"og:image\" content=\"https:\/\/www.polisrecreio.com.br\/site\/wp-content\/uploads\/2019\/01\/Sala-de-aula-design-Blog-Unimed-vtrp-2.png\" \/>\n\t<meta property=\"og:image:width\" content=\"750\" \/>\n\t<meta property=\"og:image:height\" content=\"453\" \/>\n<meta name=\"twitter:card\" content=\"summary_large_image\" \/>\n<meta name=\"twitter:creator\" content=\"@PolisRecreio\" \/>\n<meta name=\"twitter:site\" content=\"@PolisRecreio\" \/>\n<meta name=\"twitter:label1\" content=\"Est. reading time\">\n\t<meta name=\"twitter:data1\" content=\"1 minuto\">\n<script type=\"application\/ld+json\" class=\"yoast-schema-graph\">{\"@context\":\"https:\/\/schema.org\",\"@graph\":[{\"@type\":\"WebSite\",\"@id\":\"https:\/\/www.polisrecreio.com.br\/site\/#website\",\"url\":\"https:\/\/www.polisrecreio.com.br\/site\/\",\"name\":\"P\\u00f3lis Recreio\",\"description\":\"\",\"potentialAction\":[{\"@type\":\"SearchAction\",\"target\":\"https:\/\/www.polisrecreio.com.br\/site\/?s={search_term_string}\",\"query-input\":\"required name=search_term_string\"}],\"inLanguage\":\"pt-BR\"},{\"@type\":\"ImageObject\",\"@id\":\"https:\/\/www.polisrecreio.com.br\/site\/2019\/02\/15\/escolas-municipais-de-recreio-voltam-as-aulas-nesta-segunda-feira-18\/#primaryimage\",\"inLanguage\":\"pt-BR\",\"url\":\"https:\/\/www.polisrecreio.com.br\/site\/wp-content\/uploads\/2019\/01\/Sala-de-aula-design-Blog-Unimed-vtrp-2.png\",\"width\":750,\"height\":453},{\"@type\":\"WebPage\",\"@id\":\"https:\/\/www.polisrecreio.com.br\/site\/2019\/02\/15\/escolas-municipais-de-recreio-voltam-as-aulas-nesta-segunda-feira-18\/#webpage\",\"url\":\"https:\/\/www.polisrecreio.com.br\/site\/2019\/02\/15\/escolas-municipais-de-recreio-voltam-as-aulas-nesta-segunda-feira-18\/\",\"name\":\"Escolas municipais de Recreio voltam \\u00e0s aulas nesta segunda-feira (18) - P\\u00f3lis Recreio\",\"isPartOf\":{\"@id\":\"https:\/\/www.polisrecreio.com.br\/site\/#website\"},\"primaryImageOfPage\":{\"@id\":\"https:\/\/www.polisrecreio.com.br\/site\/2019\/02\/15\/escolas-municipais-de-recreio-voltam-as-aulas-nesta-segunda-feira-18\/#primaryimage\"},\"datePublished\":\"2019-02-15T10:52:40+00:00\",\"dateModified\":\"2019-02-15T10:55:29+00:00\",\"author\":{\"@id\":\"https:\/\/www.polisrecreio.com.br\/site\/#\/schema\/person\/3363c1c78e1e28e1329d97adb387638e\"},\"inLanguage\":\"pt-BR\",\"potentialAction\":[{\"@type\":\"ReadAction\",\"target\":[\"https:\/\/www.polisrecreio.com.br\/site\/2019\/02\/15\/escolas-municipais-de-recreio-voltam-as-aulas-nesta-segunda-feira-18\/\"]}]},{\"@type\":\"Person\",\"@id\":\"https:\/\/www.polisrecreio.com.br\/site\/#\/schema\/person\/3363c1c78e1e28e1329d97adb387638e\",\"name\":\"Leonardo Ribeiro\",\"image\":{\"@type\":\"ImageObject\",\"@id\":\"https:\/\/www.polisrecreio.com.br\/site\/#personlogo\",\"inLanguage\":\"pt-BR\",\"url\":\"https:\/\/secure.gravatar.com\/avatar\/6ba92a37d621e1a83e23710251178a12?s=96&d=mm&r=g\",\"caption\":\"Leonardo Ribeiro\"},\"sameAs\":[\"http:\/\/www.polisrecreio.com.br\"]}]}<\/script>\n<!-- \/ Yoast SEO plugin. -->","_links":{"self":[{"href":"https:\/\/www.polisrecreio.com.br\/site\/wp-json\/wp\/v2\/posts\/12987"}],"collection":[{"href":"https:\/\/www.polisrecreio.com.br\/site\/wp-json\/wp\/v2\/posts"}],"about":[{"href":"https:\/\/www.polisrecreio.com.br\/site\/wp-json\/wp\/v2\/types\/post"}],"author":[{"embeddable":true,"href":"https:\/\/www.polisrecreio.com.br\/site\/wp-json\/wp\/v2\/users\/3"}],"replies":[{"embeddable":true,"href":"https:\/\/www.polisrecreio.com.br\/site\/wp-json\/wp\/v2\/comments?post=12987"}],"version-history":[{"count":3,"href":"https:\/\/www.polisrecreio.com.br\/site\/wp-json\/wp\/v2\/posts\/12987\/revisions"}],"predecessor-version":[{"id":12990,"href":"https:\/\/www.polisrecreio.com.br\/site\/wp-json\/wp\/v2\/posts\/12987\/revisions\/12990"}],"wp:featuredmedia":[{"embeddable":true,"href":"https:\/\/www.polisrecreio.com.br\/site\/wp-json\/wp\/v2\/media\/12686"}],"wp:attachment":[{"href":"https:\/\/www.polisrecreio.com.br\/site\/wp-json\/wp\/v2\/media?parent=12987"}],"wp:term":[{"taxonomy":"category","embeddable":true,"href":"https:\/\/www.polisrecreio.com.br\/site\/wp-json\/wp\/v2\/categories?post=12987"},{"taxonomy":"post_tag","embeddable":true,"href":"https:\/\/www.polisrecreio.com.br\/site\/wp-json\/wp\/v2\/tags?post=12987"}],"curies":[{"name":"wp","href":"https:\/\/api.w.org\/{rel}","templated":true}]}}