{"id":12991,"date":"2019-02-16T08:55:40","date_gmt":"2019-02-16T11:55:40","guid":{"rendered":"http:\/\/www.polisrecreio.com.br\/site\/?p=12991"},"modified":"2019-02-16T09:06:02","modified_gmt":"2019-02-16T12:06:02","slug":"em-pirapetinga-liga-dos-blocos-assume-carnaval-2019-e-divulga-programacao","status":"publish","type":"post","link":"https:\/\/www.polisrecreio.com.br\/site\/2019\/02\/16\/em-pirapetinga-liga-dos-blocos-assume-carnaval-2019-e-divulga-programacao\/","title":{"rendered":"Em Pirapetinga, Liga dos Blocos assume Carnaval 2019 e divulga programa\u00e7\u00e3o"},"content":{"rendered":"<p style=\"text-align: justify;\">Em Pirapetinga, a 26 km de Recreio, a Prefeitura anunciou no final de janeiro que n\u00e3o promover\u00e1 o Carnaval 2019 por causa de problemas financeiros, ocasionado pelos atrasos de repasses do Governo do Estado. Diante desta situa\u00e7\u00e3o a Liga dos Blocos de Pirapetinga assumiu a responsabilidade do evento e na sexta-feira (15) divulgou a programa\u00e7\u00e3o.<\/p>\n<p><!--more--><\/p>\n<p><a href=\"http:\/\/www.polisrecreio.com.br\/site\/wp-content\/uploads\/2019\/02\/PRA\u00c7A-SANTANA-DE-PIRAPETINGA-PIRAPETINGA-MG-1-001.jpg\"><img loading=\"lazy\" class=\"aligncenter size-full wp-image-12993\" src=\"http:\/\/www.polisrecreio.com.br\/site\/wp-content\/uploads\/2019\/02\/PRA\u00c7A-SANTANA-DE-PIRAPETINGA-PIRAPETINGA-MG-1-001.jpg\" alt=\"\" width=\"750\" height=\"418\" srcset=\"https:\/\/www.polisrecreio.com.br\/site\/wp-content\/uploads\/2019\/02\/PRA\u00c7A-SANTANA-DE-PIRAPETINGA-PIRAPETINGA-MG-1-001.jpg 750w, https:\/\/www.polisrecreio.com.br\/site\/wp-content\/uploads\/2019\/02\/PRA\u00c7A-SANTANA-DE-PIRAPETINGA-PIRAPETINGA-MG-1-001-300x167.jpg 300w\" sizes=\"(max-width: 750px) 100vw, 750px\" \/><\/a><\/p>\n<p style=\"text-align: justify;\">A Liga dos Blocos \u00e9 uma entidade legalmente constitu\u00edda desde 2013 e \u00e9 formada por nove representantes (8 blocos e 1 escola de samba). De acordo com o presidente Ricardo Portes (Bloco do Karona), a organiza\u00e7\u00e3o da festa conta com patroc\u00ednios de empresas, com\u00e9rcios da cidade e mun\u00edcipes.<\/p>\n<p><a href=\"http:\/\/www.polisrecreio.com.br\/site\/wp-content\/uploads\/2019\/02\/52350394_700576283676676_1671319981310083072_n.jpg\"><img loading=\"lazy\" class=\"aligncenter size-full wp-image-12994\" src=\"http:\/\/www.polisrecreio.com.br\/site\/wp-content\/uploads\/2019\/02\/52350394_700576283676676_1671319981310083072_n.jpg\" alt=\"\" width=\"750\" height=\"524\" srcset=\"https:\/\/www.polisrecreio.com.br\/site\/wp-content\/uploads\/2019\/02\/52350394_700576283676676_1671319981310083072_n.jpg 750w, https:\/\/www.polisrecreio.com.br\/site\/wp-content\/uploads\/2019\/02\/52350394_700576283676676_1671319981310083072_n-300x210.jpg 300w\" sizes=\"(max-width: 750px) 100vw, 750px\" \/><\/a><\/p>\n<p style=\"text-align: justify;\">Os shows do Carnaval ser\u00e3o na Avenida Governador Benedito Valadares &#8211; rua do com\u00e9rcio. Local tradicional do evento.<\/p>\n<p style=\"text-align: justify;\">Maiores informa\u00e7\u00f5es podem ser conferidas no <a href=\"https:\/\/www.facebook.com\/Liga-dos-Blocos-Pirapetinga-MG-692731867794451\/\" target=\"_blank\" rel=\"noopener\">Facebook da Liga dos Blocos de Pirapetinga<\/a>.<\/p>\n<p><strong>Confira a programa\u00e7\u00e3o<\/strong><\/p>\n<p><strong>01\/03 \u2013 Sexta-feira:<\/strong><\/p>\n<ul>\n<li>22h \u2013 Pr\u00e9-CarnaPira \u2013 FP do Trem Bala;<\/li>\n<\/ul>\n<p><strong>02\/03 \u2013 S\u00e1bado:<\/strong><\/p>\n<ul>\n<li>17h \u00e0s 20h \u2013 Bloco do carona;<\/li>\n<li>20:30h \u2013 DJ;<\/li>\n<li>21:30h \u2013 Abertura do CarnaPira2019;<\/li>\n<li>23:30h \u2013 CarnaPira Fantasy;<\/li>\n<li>Banda Pakebra \u201cO Ax\u00e9 da Bahia\u201d;<\/li>\n<\/ul>\n<p><strong>03\/03 \u2013 Domingo:<\/strong><\/p>\n<ul>\n<li>16h \u00e0s 19h \u2013 Bloco Bar do Diego;<\/li>\n<li>17h \u00e0s 20h \u2013 Bloco do Porco;<\/li>\n<li>21:30h \u2013 G.R.E.S Brasilinha;<\/li>\n<li>23:30h: Banda Pakebra \u201cO Ax\u00e9 da Bahia\u201d;<\/li>\n<\/ul>\n<p><strong>04\/03 \u2013 Segunda-feira:<\/strong><\/p>\n<ul>\n<li>18h \u00e0s 19h \u2013 Bloco das Piranhas;<\/li>\n<li>18:30h as 19:30h \u2013 Bloco do Jegue;<\/li>\n<li>17:00hs as 20:00hs \u2013 Bloco do Karona;<\/li>\n<li>20:30hs as 21:00hs \u2013 Bloco do Caix\u00e3o;<\/li>\n<li>21h: DJ;<\/li>\n<li>23:30h \u2013 Vinicius Fragozo &amp; Banda;<\/li>\n<\/ul>\n<p><strong>05\/03 \u2013 Ter\u00e7a-feira:<\/strong><\/p>\n<ul>\n<li>17h \u2013 Matin\u00ea (Para as Crian\u00e7as) CarnaPira2019;<\/li>\n<li>16h \u00e0s 19h \u2013 Bloco Piriguete;<\/li>\n<li>21h \u2013 DJ;<\/li>\n<li>23h \u2013 Fael do Cavaco e Batuque de 3.<\/li>\n<\/ul>\n<p><a href=\"http:\/\/www.polisrecreio.com.br\/site\/wp-content\/uploads\/2019\/02\/c8c8461e-0db4-4155-9be3-125d90048ddb.jpg\"><img loading=\"lazy\" class=\"alignleft size-full wp-image-12992\" src=\"http:\/\/www.polisrecreio.com.br\/site\/wp-content\/uploads\/2019\/02\/c8c8461e-0db4-4155-9be3-125d90048ddb.jpg\" alt=\"\" width=\"930\" height=\"1280\" srcset=\"https:\/\/www.polisrecreio.com.br\/site\/wp-content\/uploads\/2019\/02\/c8c8461e-0db4-4155-9be3-125d90048ddb.jpg 930w, https:\/\/www.polisrecreio.com.br\/site\/wp-content\/uploads\/2019\/02\/c8c8461e-0db4-4155-9be3-125d90048ddb-218x300.jpg 218w, https:\/\/www.polisrecreio.com.br\/site\/wp-content\/uploads\/2019\/02\/c8c8461e-0db4-4155-9be3-125d90048ddb-768x1057.jpg 768w, https:\/\/www.polisrecreio.com.br\/site\/wp-content\/uploads\/2019\/02\/c8c8461e-0db4-4155-9be3-125d90048ddb-744x1024.jpg 744w\" sizes=\"(max-width: 930px) 100vw, 930px\" \/><\/a><\/p>\n","protected":false},"excerpt":{"rendered":"<p>Em Pirapetinga, a 26 km de Recreio, a Prefeitura anunciou no final de janeiro que n\u00e3o promover\u00e1 o Carnaval 2019 por causa de problemas financeiros, ocasionado pelos atrasos de repasses do Governo do Estado. Diante desta situa\u00e7\u00e3o a Liga dos Blocos de Pirapetinga assumiu a responsabilidade do evento e na sexta-feira (15) divulgou a programa\u00e7\u00e3o.<\/p>\n","protected":false},"author":3,"featured_media":12993,"comment_status":"open","ping_status":"open","sticky":false,"template":"","format":"standard","meta":[],"categories":[8],"tags":[],"yoast_head":"<!-- This site is optimized with the Yoast SEO plugin v15.6.2 - https:\/\/yoast.com\/wordpress\/plugins\/seo\/ -->\n<meta name=\"robots\" content=\"index, follow, max-snippet:-1, max-image-preview:large, max-video-preview:-1\" \/>\n<link rel=\"canonical\" href=\"https:\/\/www.polisrecreio.com.br\/site\/2019\/02\/16\/em-pirapetinga-liga-dos-blocos-assume-carnaval-2019-e-divulga-programacao\/\" \/>\n<meta property=\"og:locale\" content=\"pt_BR\" \/>\n<meta property=\"og:type\" content=\"article\" \/>\n<meta property=\"og:title\" content=\"Em Pirapetinga, Liga dos Blocos assume Carnaval 2019 e divulga programa\u00e7\u00e3o - P\u00f3lis Recreio\" \/>\n<meta property=\"og:description\" content=\"Em Pirapetinga, a 26 km de Recreio, a Prefeitura anunciou no final de janeiro que n\u00e3o promover\u00e1 o Carnaval 2019 por causa de problemas financeiros, ocasionado pelos atrasos de repasses do Governo do Estado. Diante desta situa\u00e7\u00e3o a Liga dos Blocos de Pirapetinga assumiu a responsabilidade do evento e na sexta-feira (15) divulgou a programa\u00e7\u00e3o.\" \/>\n<meta property=\"og:url\" content=\"https:\/\/www.polisrecreio.com.br\/site\/2019\/02\/16\/em-pirapetinga-liga-dos-blocos-assume-carnaval-2019-e-divulga-programacao\/\" \/>\n<meta property=\"og:site_name\" content=\"P\u00f3lis Recreio\" \/>\n<meta property=\"article:publisher\" content=\"https:\/\/www.facebook.com\/Site-P%c3%b3lis-Recreio-MG-181941708571019\/\" \/>\n<meta property=\"article:published_time\" content=\"2019-02-16T11:55:40+00:00\" \/>\n<meta property=\"article:modified_time\" content=\"2019-02-16T12:06:02+00:00\" \/>\n<meta property=\"og:image\" content=\"https:\/\/www.polisrecreio.com.br\/site\/wp-content\/uploads\/2019\/02\/PRA\u00c7A-SANTANA-DE-PIRAPETINGA-PIRAPETINGA-MG-1-001.jpg\" \/>\n\t<meta property=\"og:image:width\" content=\"750\" \/>\n\t<meta property=\"og:image:height\" content=\"418\" \/>\n<meta name=\"twitter:card\" content=\"summary_large_image\" \/>\n<meta name=\"twitter:creator\" content=\"@PolisRecreio\" \/>\n<meta name=\"twitter:site\" content=\"@PolisRecreio\" \/>\n<meta name=\"twitter:label1\" content=\"Est. reading time\">\n\t<meta name=\"twitter:data1\" content=\"1 minuto\">\n<script type=\"application\/ld+json\" class=\"yoast-schema-graph\">{\"@context\":\"https:\/\/schema.org\",\"@graph\":[{\"@type\":\"WebSite\",\"@id\":\"https:\/\/www.polisrecreio.com.br\/site\/#website\",\"url\":\"https:\/\/www.polisrecreio.com.br\/site\/\",\"name\":\"P\\u00f3lis Recreio\",\"description\":\"\",\"potentialAction\":[{\"@type\":\"SearchAction\",\"target\":\"https:\/\/www.polisrecreio.com.br\/site\/?s={search_term_string}\",\"query-input\":\"required name=search_term_string\"}],\"inLanguage\":\"pt-BR\"},{\"@type\":\"ImageObject\",\"@id\":\"https:\/\/www.polisrecreio.com.br\/site\/2019\/02\/16\/em-pirapetinga-liga-dos-blocos-assume-carnaval-2019-e-divulga-programacao\/#primaryimage\",\"inLanguage\":\"pt-BR\",\"url\":\"https:\/\/www.polisrecreio.com.br\/site\/wp-content\/uploads\/2019\/02\/PRA\\u00c7A-SANTANA-DE-PIRAPETINGA-PIRAPETINGA-MG-1-001.jpg\",\"width\":750,\"height\":418},{\"@type\":\"WebPage\",\"@id\":\"https:\/\/www.polisrecreio.com.br\/site\/2019\/02\/16\/em-pirapetinga-liga-dos-blocos-assume-carnaval-2019-e-divulga-programacao\/#webpage\",\"url\":\"https:\/\/www.polisrecreio.com.br\/site\/2019\/02\/16\/em-pirapetinga-liga-dos-blocos-assume-carnaval-2019-e-divulga-programacao\/\",\"name\":\"Em Pirapetinga, Liga dos Blocos assume Carnaval 2019 e divulga programa\\u00e7\\u00e3o - P\\u00f3lis Recreio\",\"isPartOf\":{\"@id\":\"https:\/\/www.polisrecreio.com.br\/site\/#website\"},\"primaryImageOfPage\":{\"@id\":\"https:\/\/www.polisrecreio.com.br\/site\/2019\/02\/16\/em-pirapetinga-liga-dos-blocos-assume-carnaval-2019-e-divulga-programacao\/#primaryimage\"},\"datePublished\":\"2019-02-16T11:55:40+00:00\",\"dateModified\":\"2019-02-16T12:06:02+00:00\",\"author\":{\"@id\":\"https:\/\/www.polisrecreio.com.br\/site\/#\/schema\/person\/3363c1c78e1e28e1329d97adb387638e\"},\"inLanguage\":\"pt-BR\",\"potentialAction\":[{\"@type\":\"ReadAction\",\"target\":[\"https:\/\/www.polisrecreio.com.br\/site\/2019\/02\/16\/em-pirapetinga-liga-dos-blocos-assume-carnaval-2019-e-divulga-programacao\/\"]}]},{\"@type\":\"Person\",\"@id\":\"https:\/\/www.polisrecreio.com.br\/site\/#\/schema\/person\/3363c1c78e1e28e1329d97adb387638e\",\"name\":\"Leonardo Ribeiro\",\"image\":{\"@type\":\"ImageObject\",\"@id\":\"https:\/\/www.polisrecreio.com.br\/site\/#personlogo\",\"inLanguage\":\"pt-BR\",\"url\":\"https:\/\/secure.gravatar.com\/avatar\/6ba92a37d621e1a83e23710251178a12?s=96&d=mm&r=g\",\"caption\":\"Leonardo Ribeiro\"},\"sameAs\":[\"http:\/\/www.polisrecreio.com.br\"]}]}<\/script>\n<!-- \/ Yoast SEO plugin. -->","_links":{"self":[{"href":"https:\/\/www.polisrecreio.com.br\/site\/wp-json\/wp\/v2\/posts\/12991"}],"collection":[{"href":"https:\/\/www.polisrecreio.com.br\/site\/wp-json\/wp\/v2\/posts"}],"about":[{"href":"https:\/\/www.polisrecreio.com.br\/site\/wp-json\/wp\/v2\/types\/post"}],"author":[{"embeddable":true,"href":"https:\/\/www.polisrecreio.com.br\/site\/wp-json\/wp\/v2\/users\/3"}],"replies":[{"embeddable":true,"href":"https:\/\/www.polisrecreio.com.br\/site\/wp-json\/wp\/v2\/comments?post=12991"}],"version-history":[{"count":6,"href":"https:\/\/www.polisrecreio.com.br\/site\/wp-json\/wp\/v2\/posts\/12991\/revisions"}],"predecessor-version":[{"id":13000,"href":"https:\/\/www.polisrecreio.com.br\/site\/wp-json\/wp\/v2\/posts\/12991\/revisions\/13000"}],"wp:featuredmedia":[{"embeddable":true,"href":"https:\/\/www.polisrecreio.com.br\/site\/wp-json\/wp\/v2\/media\/12993"}],"wp:attachment":[{"href":"https:\/\/www.polisrecreio.com.br\/site\/wp-json\/wp\/v2\/media?parent=12991"}],"wp:term":[{"taxonomy":"category","embeddable":true,"href":"https:\/\/www.polisrecreio.com.br\/site\/wp-json\/wp\/v2\/categories?post=12991"},{"taxonomy":"post_tag","embeddable":true,"href":"https:\/\/www.polisrecreio.com.br\/site\/wp-json\/wp\/v2\/tags?post=12991"}],"curies":[{"name":"wp","href":"https:\/\/api.w.org\/{rel}","templated":true}]}}