{"id":13001,"date":"2019-02-16T14:04:58","date_gmt":"2019-02-16T17:04:58","guid":{"rendered":"http:\/\/www.polisrecreio.com.br\/site\/?p=13001"},"modified":"2019-02-16T14:06:10","modified_gmt":"2019-02-16T17:06:10","slug":"provavel-ultimo-horario-de-verao-termina-a-0h-deste-domingo-17","status":"publish","type":"post","link":"https:\/\/www.polisrecreio.com.br\/site\/2019\/02\/16\/provavel-ultimo-horario-de-verao-termina-a-0h-deste-domingo-17\/","title":{"rendered":"Prov\u00e1vel \u00faltimo hor\u00e1rio de ver\u00e3o termina \u00e0 0h deste domingo (17)"},"content":{"rendered":"<p style=\"text-align: justify;\">Neste domingo (17) quando os rel\u00f3gios de 10 Estados (ES, GO, MT, MS, MG, PR, RJ, RS, SC e SP) e do Distrito Federal marcarem 0h (meia-noite de s\u00e1bado) termina o hor\u00e1rio de ver\u00e3o 2018\/2019. Segundo informa\u00e7\u00f5es, \u00e9 prov\u00e1vel que este seja o \u00faltimo hor\u00e1rio brasileiro de ver\u00e3o.<\/p>\n<p><!--more--><\/p>\n<figure id=\"attachment_13002\" aria-describedby=\"caption-attachment-13002\" style=\"width: 750px\" class=\"wp-caption aligncenter\"><a href=\"http:\/\/www.polisrecreio.com.br\/site\/wp-content\/uploads\/2019\/02\/brasil-horario-de-verao-relogio-20150923-004.jpg\"><img loading=\"lazy\" class=\"size-full wp-image-13002\" src=\"http:\/\/www.polisrecreio.com.br\/site\/wp-content\/uploads\/2019\/02\/brasil-horario-de-verao-relogio-20150923-004.jpg\" alt=\"\" width=\"750\" height=\"500\" srcset=\"https:\/\/www.polisrecreio.com.br\/site\/wp-content\/uploads\/2019\/02\/brasil-horario-de-verao-relogio-20150923-004.jpg 750w, https:\/\/www.polisrecreio.com.br\/site\/wp-content\/uploads\/2019\/02\/brasil-horario-de-verao-relogio-20150923-004-300x200.jpg 300w\" sizes=\"(max-width: 750px) 100vw, 750px\" \/><\/a><figcaption id=\"caption-attachment-13002\" class=\"wp-caption-text\">Businessman adjusts clock. Stylish looks<\/figcaption><\/figure>\n<p style=\"text-align: justify;\">O hor\u00e1rio de ver\u00e3o foi criado pelo ent\u00e3o presidente Get\u00falio Vargas, pela primeira vez, entre 3 de outubro de 1931 at\u00e9 31 de mar\u00e7o de 1932. Sua ado\u00e7\u00e3o foi posteriormente revogada em 1933, tendo sido sucedida por per\u00edodos de altern\u00e2ncia entre sua aplica\u00e7\u00e3o ou n\u00e3o, e tamb\u00e9m por altera\u00e7\u00f5es entres os Estados e as regi\u00f5es que o adotaram ao longo do tempo. O decreto n\u00ba 6.558, de 08 de setembro de 2008, modificado pelo decreto n\u00ba 9.242, de 15 de dezembro de 2017, instituiu o hor\u00e1rio de ver\u00e3o.<\/p>\n<p style=\"text-align: justify;\">Segundo estudos realizados pela Secretaria de Energia El\u00e9trica do Minist\u00e9rio de Minas e Energia em parceria com o Operador Nacional do Sistema El\u00e9trico,\u00a0&#8220;a aplica\u00e7\u00e3o da hora de ver\u00e3o, nos dias de hoje, n\u00e3o agrega benef\u00edcios para os consumidores de energia el\u00e9trica, nem tampouco em rela\u00e7\u00e3o \u00e0 demanda m\u00e1xima do sistema el\u00e9trico brasileiro, muito em fun\u00e7\u00e3o da mudan\u00e7a evolutiva dos h\u00e1bitos de consumo e tamb\u00e9m da atual configura\u00e7\u00e3o sist\u00eamica do setor el\u00e9trico brasileiro&#8221;. Com isso, os resultados levantados ainda em 2018 foram pr\u00f3ximos \u00e0 neutralidade para o setor.<\/p>\n<p style=\"text-align: justify;\">Esses dados j\u00e1\u00a0foram encaminhados \u00e0 Casa Civil da Presid\u00eancia da Rep\u00fablica e ser\u00e3o realizadas novas an\u00e1lises anuais t\u00e9cnicas dos resultados do ciclo 2018\/2019 e, quando conclu\u00eddas, ser\u00e3o encaminhadas \u00e0 Presid\u00eancia da Rep\u00fablica, a quem cabe a decis\u00e3o de manter ou n\u00e3o o hor\u00e1rio brasileiro de ver\u00e3o.<\/p>\n<p style=\"text-align: justify;\">Os moradores das cidades destes Estados dever\u00e3o voltar o rel\u00f3gio para 23h, assim que os ponteiros marcarem 0h de domingo, ou meia-noite de s\u00e1bado.<\/p>\n<p style=\"text-align: justify;\"><em>Com informa\u00e7\u00f5es: Hoje em Dia.<\/em><\/p>\n","protected":false},"excerpt":{"rendered":"<p>Neste domingo (17) quando os rel\u00f3gios de 10 Estados (ES, GO, MT, MS, MG, PR, RJ, RS, SC e SP) e do Distrito Federal marcarem 0h (meia-noite de s\u00e1bado) termina o hor\u00e1rio de ver\u00e3o 2018\/2019. Segundo informa\u00e7\u00f5es, \u00e9 prov\u00e1vel que este seja o \u00faltimo hor\u00e1rio brasileiro de ver\u00e3o.<\/p>\n","protected":false},"author":3,"featured_media":13002,"comment_status":"open","ping_status":"open","sticky":false,"template":"","format":"standard","meta":[],"categories":[5],"tags":[],"yoast_head":"<!-- This site is optimized with the Yoast SEO plugin v15.6.2 - https:\/\/yoast.com\/wordpress\/plugins\/seo\/ -->\n<meta name=\"robots\" content=\"index, follow, max-snippet:-1, max-image-preview:large, max-video-preview:-1\" \/>\n<link rel=\"canonical\" href=\"https:\/\/www.polisrecreio.com.br\/site\/2019\/02\/16\/provavel-ultimo-horario-de-verao-termina-a-0h-deste-domingo-17\/\" \/>\n<meta property=\"og:locale\" content=\"pt_BR\" \/>\n<meta property=\"og:type\" content=\"article\" \/>\n<meta property=\"og:title\" content=\"Prov\u00e1vel \u00faltimo hor\u00e1rio de ver\u00e3o termina \u00e0 0h deste domingo (17) - P\u00f3lis Recreio\" \/>\n<meta property=\"og:description\" content=\"Neste domingo (17) quando os rel\u00f3gios de 10 Estados (ES, GO, MT, MS, MG, PR, RJ, RS, SC e SP) e do Distrito Federal marcarem 0h (meia-noite de s\u00e1bado) termina o hor\u00e1rio de ver\u00e3o 2018\/2019. Segundo informa\u00e7\u00f5es, \u00e9 prov\u00e1vel que este seja o \u00faltimo hor\u00e1rio brasileiro de ver\u00e3o.\" \/>\n<meta property=\"og:url\" content=\"https:\/\/www.polisrecreio.com.br\/site\/2019\/02\/16\/provavel-ultimo-horario-de-verao-termina-a-0h-deste-domingo-17\/\" \/>\n<meta property=\"og:site_name\" content=\"P\u00f3lis Recreio\" \/>\n<meta property=\"article:publisher\" content=\"https:\/\/www.facebook.com\/Site-P%c3%b3lis-Recreio-MG-181941708571019\/\" \/>\n<meta property=\"article:published_time\" content=\"2019-02-16T17:04:58+00:00\" \/>\n<meta property=\"article:modified_time\" content=\"2019-02-16T17:06:10+00:00\" \/>\n<meta property=\"og:image\" content=\"https:\/\/www.polisrecreio.com.br\/site\/wp-content\/uploads\/2019\/02\/brasil-horario-de-verao-relogio-20150923-004.jpg\" \/>\n\t<meta property=\"og:image:width\" content=\"750\" \/>\n\t<meta property=\"og:image:height\" content=\"500\" \/>\n<meta name=\"twitter:card\" content=\"summary_large_image\" \/>\n<meta name=\"twitter:creator\" content=\"@PolisRecreio\" \/>\n<meta name=\"twitter:site\" content=\"@PolisRecreio\" \/>\n<meta name=\"twitter:label1\" content=\"Est. reading time\">\n\t<meta name=\"twitter:data1\" content=\"2 minutos\">\n<script type=\"application\/ld+json\" class=\"yoast-schema-graph\">{\"@context\":\"https:\/\/schema.org\",\"@graph\":[{\"@type\":\"WebSite\",\"@id\":\"https:\/\/www.polisrecreio.com.br\/site\/#website\",\"url\":\"https:\/\/www.polisrecreio.com.br\/site\/\",\"name\":\"P\\u00f3lis Recreio\",\"description\":\"\",\"potentialAction\":[{\"@type\":\"SearchAction\",\"target\":\"https:\/\/www.polisrecreio.com.br\/site\/?s={search_term_string}\",\"query-input\":\"required name=search_term_string\"}],\"inLanguage\":\"pt-BR\"},{\"@type\":\"ImageObject\",\"@id\":\"https:\/\/www.polisrecreio.com.br\/site\/2019\/02\/16\/provavel-ultimo-horario-de-verao-termina-a-0h-deste-domingo-17\/#primaryimage\",\"inLanguage\":\"pt-BR\",\"url\":\"https:\/\/www.polisrecreio.com.br\/site\/wp-content\/uploads\/2019\/02\/brasil-horario-de-verao-relogio-20150923-004.jpg\",\"width\":750,\"height\":500,\"caption\":\"Businessman adjusts clock. Stylish looks\"},{\"@type\":\"WebPage\",\"@id\":\"https:\/\/www.polisrecreio.com.br\/site\/2019\/02\/16\/provavel-ultimo-horario-de-verao-termina-a-0h-deste-domingo-17\/#webpage\",\"url\":\"https:\/\/www.polisrecreio.com.br\/site\/2019\/02\/16\/provavel-ultimo-horario-de-verao-termina-a-0h-deste-domingo-17\/\",\"name\":\"Prov\\u00e1vel \\u00faltimo hor\\u00e1rio de ver\\u00e3o termina \\u00e0 0h deste domingo (17) - P\\u00f3lis Recreio\",\"isPartOf\":{\"@id\":\"https:\/\/www.polisrecreio.com.br\/site\/#website\"},\"primaryImageOfPage\":{\"@id\":\"https:\/\/www.polisrecreio.com.br\/site\/2019\/02\/16\/provavel-ultimo-horario-de-verao-termina-a-0h-deste-domingo-17\/#primaryimage\"},\"datePublished\":\"2019-02-16T17:04:58+00:00\",\"dateModified\":\"2019-02-16T17:06:10+00:00\",\"author\":{\"@id\":\"https:\/\/www.polisrecreio.com.br\/site\/#\/schema\/person\/3363c1c78e1e28e1329d97adb387638e\"},\"inLanguage\":\"pt-BR\",\"potentialAction\":[{\"@type\":\"ReadAction\",\"target\":[\"https:\/\/www.polisrecreio.com.br\/site\/2019\/02\/16\/provavel-ultimo-horario-de-verao-termina-a-0h-deste-domingo-17\/\"]}]},{\"@type\":\"Person\",\"@id\":\"https:\/\/www.polisrecreio.com.br\/site\/#\/schema\/person\/3363c1c78e1e28e1329d97adb387638e\",\"name\":\"Leonardo Ribeiro\",\"image\":{\"@type\":\"ImageObject\",\"@id\":\"https:\/\/www.polisrecreio.com.br\/site\/#personlogo\",\"inLanguage\":\"pt-BR\",\"url\":\"https:\/\/secure.gravatar.com\/avatar\/6ba92a37d621e1a83e23710251178a12?s=96&d=mm&r=g\",\"caption\":\"Leonardo Ribeiro\"},\"sameAs\":[\"http:\/\/www.polisrecreio.com.br\"]}]}<\/script>\n<!-- \/ Yoast SEO plugin. -->","_links":{"self":[{"href":"https:\/\/www.polisrecreio.com.br\/site\/wp-json\/wp\/v2\/posts\/13001"}],"collection":[{"href":"https:\/\/www.polisrecreio.com.br\/site\/wp-json\/wp\/v2\/posts"}],"about":[{"href":"https:\/\/www.polisrecreio.com.br\/site\/wp-json\/wp\/v2\/types\/post"}],"author":[{"embeddable":true,"href":"https:\/\/www.polisrecreio.com.br\/site\/wp-json\/wp\/v2\/users\/3"}],"replies":[{"embeddable":true,"href":"https:\/\/www.polisrecreio.com.br\/site\/wp-json\/wp\/v2\/comments?post=13001"}],"version-history":[{"count":3,"href":"https:\/\/www.polisrecreio.com.br\/site\/wp-json\/wp\/v2\/posts\/13001\/revisions"}],"predecessor-version":[{"id":13005,"href":"https:\/\/www.polisrecreio.com.br\/site\/wp-json\/wp\/v2\/posts\/13001\/revisions\/13005"}],"wp:featuredmedia":[{"embeddable":true,"href":"https:\/\/www.polisrecreio.com.br\/site\/wp-json\/wp\/v2\/media\/13002"}],"wp:attachment":[{"href":"https:\/\/www.polisrecreio.com.br\/site\/wp-json\/wp\/v2\/media?parent=13001"}],"wp:term":[{"taxonomy":"category","embeddable":true,"href":"https:\/\/www.polisrecreio.com.br\/site\/wp-json\/wp\/v2\/categories?post=13001"},{"taxonomy":"post_tag","embeddable":true,"href":"https:\/\/www.polisrecreio.com.br\/site\/wp-json\/wp\/v2\/tags?post=13001"}],"curies":[{"name":"wp","href":"https:\/\/api.w.org\/{rel}","templated":true}]}}