{"id":13006,"date":"2019-02-16T18:24:47","date_gmt":"2019-02-16T21:24:47","guid":{"rendered":"http:\/\/www.polisrecreio.com.br\/site\/?p=13006"},"modified":"2019-02-16T18:28:45","modified_gmt":"2019-02-16T21:28:45","slug":"recreio-recebe-novo-veiculo-para-transporte-de-pacientes-em-tratamentos-de-saude-nas-cidades-da-regiao","status":"publish","type":"post","link":"https:\/\/www.polisrecreio.com.br\/site\/2019\/02\/16\/recreio-recebe-novo-veiculo-para-transporte-de-pacientes-em-tratamentos-de-saude-nas-cidades-da-regiao\/","title":{"rendered":"Recreio recebe novo ve\u00edculo para transporte de pacientes em tratamentos de sa\u00fade nas cidades da regi\u00e3o"},"content":{"rendered":"<p style=\"text-align: justify;\">A cidade de Recreio recebeu atrav\u00e9s de recursos federais um novo ve\u00edculo para transporte de pacientes em tratamentos de sa\u00fade nas cidades da regi\u00e3o. O prefeito Jos\u00e9 Maria Barros e os vereadores Pororoca (presidente da C\u00e2mara) e Paulinho Pintor receberam o micro-\u00f4nibus na manh\u00e3 deste s\u00e1bado (16).<\/p>\n<p><!--more--><\/p>\n<figure id=\"attachment_13007\" aria-describedby=\"caption-attachment-13007\" style=\"width: 750px\" class=\"wp-caption aligncenter\"><a href=\"http:\/\/www.polisrecreio.com.br\/site\/wp-content\/uploads\/2019\/02\/DSC_0046.jpg\"><img loading=\"lazy\" class=\"size-full wp-image-13007\" src=\"http:\/\/www.polisrecreio.com.br\/site\/wp-content\/uploads\/2019\/02\/DSC_0046.jpg\" alt=\"\" width=\"750\" height=\"500\" srcset=\"https:\/\/www.polisrecreio.com.br\/site\/wp-content\/uploads\/2019\/02\/DSC_0046.jpg 750w, https:\/\/www.polisrecreio.com.br\/site\/wp-content\/uploads\/2019\/02\/DSC_0046-300x200.jpg 300w\" sizes=\"(max-width: 750px) 100vw, 750px\" \/><\/a><figcaption id=\"caption-attachment-13007\" class=\"wp-caption-text\">Pororoca (presidente da C\u00e2mara), Jos\u00e9 Maria Barros (prefeito de Recreio) e Paulinho Pintor (vereador).<\/figcaption><\/figure>\n<p style=\"text-align: justify;\">Segundo v\u00eddeo publicado no <a href=\"https:\/\/www.facebook.com\/prefeituraderecreio\/\" target=\"_blank\" rel=\"noopener\">Facebook da Prefeitura Municipal de Recreio<\/a>, o ve\u00edculo foi adquirido atrav\u00e9s de emenda parlamentar em conjunto dos deputados Federais, Patrus Ananias (PT), Margarida Salom\u00e3o (PT) e J\u00falio Delgado (PSB), com contrapartida da Prefeitura Municipal no valor de R$ 24 mil. O ve\u00edculo, adaptado para pacientes com necessidades especiais, custou mais de R$ 270 mil.<\/p>\n<p style=\"text-align: justify;\">Nos pr\u00f3ximos dias o ve\u00edculo passar\u00e1 pelos procedimentos de licenciamento e emplacamento.<\/p>\n<p><a href=\"http:\/\/www.polisrecreio.com.br\/site\/wp-content\/uploads\/2019\/02\/DSC_0050.jpg\"><img loading=\"lazy\" class=\"aligncenter size-full wp-image-13008\" src=\"http:\/\/www.polisrecreio.com.br\/site\/wp-content\/uploads\/2019\/02\/DSC_0050.jpg\" alt=\"\" width=\"750\" height=\"498\" srcset=\"https:\/\/www.polisrecreio.com.br\/site\/wp-content\/uploads\/2019\/02\/DSC_0050.jpg 750w, https:\/\/www.polisrecreio.com.br\/site\/wp-content\/uploads\/2019\/02\/DSC_0050-300x199.jpg 300w\" sizes=\"(max-width: 750px) 100vw, 750px\" \/><\/a><\/p>\n","protected":false},"excerpt":{"rendered":"<p>A cidade de Recreio recebeu atrav\u00e9s de recursos federais um novo ve\u00edculo para transporte de pacientes em tratamentos de sa\u00fade nas cidades da regi\u00e3o. O prefeito Jos\u00e9 Maria Barros e os vereadores Pororoca (presidente da C\u00e2mara) e Paulinho Pintor receberam o micro-\u00f4nibus na manh\u00e3 deste s\u00e1bado (16).<\/p>\n","protected":false},"author":3,"featured_media":13007,"comment_status":"open","ping_status":"open","sticky":false,"template":"","format":"standard","meta":[],"categories":[6],"tags":[],"yoast_head":"<!-- This site is optimized with the Yoast SEO plugin v15.6.2 - https:\/\/yoast.com\/wordpress\/plugins\/seo\/ -->\n<meta name=\"robots\" content=\"index, follow, max-snippet:-1, max-image-preview:large, max-video-preview:-1\" \/>\n<link rel=\"canonical\" href=\"http:\/\/www.polisrecreio.com.br\/site\/2019\/02\/16\/recreio-recebe-novo-veiculo-para-transporte-de-pacientes-em-tratamentos-de-saude-nas-cidades-da-regiao\/\" \/>\n<meta property=\"og:locale\" content=\"pt_BR\" \/>\n<meta property=\"og:type\" content=\"article\" \/>\n<meta property=\"og:title\" content=\"Recreio recebe novo ve\u00edculo para transporte de pacientes em tratamentos de sa\u00fade nas cidades da regi\u00e3o - P\u00f3lis Recreio\" \/>\n<meta property=\"og:description\" content=\"A cidade de Recreio recebeu atrav\u00e9s de recursos federais um novo ve\u00edculo para transporte de pacientes em tratamentos de sa\u00fade nas cidades da regi\u00e3o. O prefeito Jos\u00e9 Maria Barros e os vereadores Pororoca (presidente da C\u00e2mara) e Paulinho Pintor receberam o micro-\u00f4nibus na manh\u00e3 deste s\u00e1bado (16).\" \/>\n<meta property=\"og:url\" content=\"http:\/\/www.polisrecreio.com.br\/site\/2019\/02\/16\/recreio-recebe-novo-veiculo-para-transporte-de-pacientes-em-tratamentos-de-saude-nas-cidades-da-regiao\/\" \/>\n<meta property=\"og:site_name\" content=\"P\u00f3lis Recreio\" \/>\n<meta property=\"article:publisher\" content=\"https:\/\/www.facebook.com\/Site-P%c3%b3lis-Recreio-MG-181941708571019\/\" \/>\n<meta property=\"article:published_time\" content=\"2019-02-16T21:24:47+00:00\" \/>\n<meta property=\"article:modified_time\" content=\"2019-02-16T21:28:45+00:00\" \/>\n<meta property=\"og:image\" content=\"https:\/\/www.polisrecreio.com.br\/site\/wp-content\/uploads\/2019\/02\/DSC_0046.jpg\" \/>\n\t<meta property=\"og:image:width\" content=\"750\" \/>\n\t<meta property=\"og:image:height\" content=\"500\" \/>\n<meta name=\"twitter:card\" content=\"summary_large_image\" \/>\n<meta name=\"twitter:creator\" content=\"@PolisRecreio\" \/>\n<meta name=\"twitter:site\" content=\"@PolisRecreio\" \/>\n<meta name=\"twitter:label1\" content=\"Est. reading time\">\n\t<meta name=\"twitter:data1\" content=\"1 minuto\">\n<script type=\"application\/ld+json\" class=\"yoast-schema-graph\">{\"@context\":\"https:\/\/schema.org\",\"@graph\":[{\"@type\":\"WebSite\",\"@id\":\"https:\/\/www.polisrecreio.com.br\/site\/#website\",\"url\":\"https:\/\/www.polisrecreio.com.br\/site\/\",\"name\":\"P\\u00f3lis Recreio\",\"description\":\"\",\"potentialAction\":[{\"@type\":\"SearchAction\",\"target\":\"https:\/\/www.polisrecreio.com.br\/site\/?s={search_term_string}\",\"query-input\":\"required name=search_term_string\"}],\"inLanguage\":\"pt-BR\"},{\"@type\":\"ImageObject\",\"@id\":\"http:\/\/www.polisrecreio.com.br\/site\/2019\/02\/16\/recreio-recebe-novo-veiculo-para-transporte-de-pacientes-em-tratamentos-de-saude-nas-cidades-da-regiao\/#primaryimage\",\"inLanguage\":\"pt-BR\",\"url\":\"https:\/\/www.polisrecreio.com.br\/site\/wp-content\/uploads\/2019\/02\/DSC_0046.jpg\",\"width\":750,\"height\":500,\"caption\":\"Pororoca (presidente da C\\u00e2mara), Jos\\u00e9 Maria Barros (prefeito de Recreio) e Paulinho Pintor (vereador).\"},{\"@type\":\"WebPage\",\"@id\":\"http:\/\/www.polisrecreio.com.br\/site\/2019\/02\/16\/recreio-recebe-novo-veiculo-para-transporte-de-pacientes-em-tratamentos-de-saude-nas-cidades-da-regiao\/#webpage\",\"url\":\"http:\/\/www.polisrecreio.com.br\/site\/2019\/02\/16\/recreio-recebe-novo-veiculo-para-transporte-de-pacientes-em-tratamentos-de-saude-nas-cidades-da-regiao\/\",\"name\":\"Recreio recebe novo ve\\u00edculo para transporte de pacientes em tratamentos de sa\\u00fade nas cidades da regi\\u00e3o - P\\u00f3lis Recreio\",\"isPartOf\":{\"@id\":\"https:\/\/www.polisrecreio.com.br\/site\/#website\"},\"primaryImageOfPage\":{\"@id\":\"http:\/\/www.polisrecreio.com.br\/site\/2019\/02\/16\/recreio-recebe-novo-veiculo-para-transporte-de-pacientes-em-tratamentos-de-saude-nas-cidades-da-regiao\/#primaryimage\"},\"datePublished\":\"2019-02-16T21:24:47+00:00\",\"dateModified\":\"2019-02-16T21:28:45+00:00\",\"author\":{\"@id\":\"https:\/\/www.polisrecreio.com.br\/site\/#\/schema\/person\/3363c1c78e1e28e1329d97adb387638e\"},\"inLanguage\":\"pt-BR\",\"potentialAction\":[{\"@type\":\"ReadAction\",\"target\":[\"http:\/\/www.polisrecreio.com.br\/site\/2019\/02\/16\/recreio-recebe-novo-veiculo-para-transporte-de-pacientes-em-tratamentos-de-saude-nas-cidades-da-regiao\/\"]}]},{\"@type\":\"Person\",\"@id\":\"https:\/\/www.polisrecreio.com.br\/site\/#\/schema\/person\/3363c1c78e1e28e1329d97adb387638e\",\"name\":\"Leonardo Ribeiro\",\"image\":{\"@type\":\"ImageObject\",\"@id\":\"https:\/\/www.polisrecreio.com.br\/site\/#personlogo\",\"inLanguage\":\"pt-BR\",\"url\":\"https:\/\/secure.gravatar.com\/avatar\/6ba92a37d621e1a83e23710251178a12?s=96&d=mm&r=g\",\"caption\":\"Leonardo Ribeiro\"},\"sameAs\":[\"http:\/\/www.polisrecreio.com.br\"]}]}<\/script>\n<!-- \/ Yoast SEO plugin. -->","_links":{"self":[{"href":"https:\/\/www.polisrecreio.com.br\/site\/wp-json\/wp\/v2\/posts\/13006"}],"collection":[{"href":"https:\/\/www.polisrecreio.com.br\/site\/wp-json\/wp\/v2\/posts"}],"about":[{"href":"https:\/\/www.polisrecreio.com.br\/site\/wp-json\/wp\/v2\/types\/post"}],"author":[{"embeddable":true,"href":"https:\/\/www.polisrecreio.com.br\/site\/wp-json\/wp\/v2\/users\/3"}],"replies":[{"embeddable":true,"href":"https:\/\/www.polisrecreio.com.br\/site\/wp-json\/wp\/v2\/comments?post=13006"}],"version-history":[{"count":4,"href":"https:\/\/www.polisrecreio.com.br\/site\/wp-json\/wp\/v2\/posts\/13006\/revisions"}],"predecessor-version":[{"id":13012,"href":"https:\/\/www.polisrecreio.com.br\/site\/wp-json\/wp\/v2\/posts\/13006\/revisions\/13012"}],"wp:featuredmedia":[{"embeddable":true,"href":"https:\/\/www.polisrecreio.com.br\/site\/wp-json\/wp\/v2\/media\/13007"}],"wp:attachment":[{"href":"https:\/\/www.polisrecreio.com.br\/site\/wp-json\/wp\/v2\/media?parent=13006"}],"wp:term":[{"taxonomy":"category","embeddable":true,"href":"https:\/\/www.polisrecreio.com.br\/site\/wp-json\/wp\/v2\/categories?post=13006"},{"taxonomy":"post_tag","embeddable":true,"href":"https:\/\/www.polisrecreio.com.br\/site\/wp-json\/wp\/v2\/tags?post=13006"}],"curies":[{"name":"wp","href":"https:\/\/api.w.org\/{rel}","templated":true}]}}