{"id":13013,"date":"2019-02-17T10:35:16","date_gmt":"2019-02-17T13:35:16","guid":{"rendered":"http:\/\/www.polisrecreio.com.br\/site\/?p=13013"},"modified":"2019-02-17T10:38:18","modified_gmt":"2019-02-17T13:38:18","slug":"rodada-do-campeonato-rural-deste-domingo-17-no-campo-do-recreio-e-suspensa","status":"publish","type":"post","link":"https:\/\/www.polisrecreio.com.br\/site\/2019\/02\/17\/rodada-do-campeonato-rural-deste-domingo-17-no-campo-do-recreio-e-suspensa\/","title":{"rendered":"Rodada do Campeonato Rural deste domingo (17) no campo do Recreio \u00e9 suspensa"},"content":{"rendered":"<p style=\"text-align: justify;\">A 2\u00aa rodada do grupo A do Campeonato Rural de 2019, organizado pela dire\u00e7\u00e3o do Recreio E.C, no Est\u00e1dio Euvaldo Lodi \u2013 campo do Recreio \u2013 que aconteceria neste domingo (17) foi suspensa devido \u00e0s chuvas dos \u00faltimos dias.<\/p>\n<p><!--more--><\/p>\n<p><a href=\"http:\/\/www.polisrecreio.com.br\/site\/wp-content\/uploads\/2019\/01\/23.jpg\"><img loading=\"lazy\" class=\"aligncenter size-full wp-image-12654\" src=\"http:\/\/www.polisrecreio.com.br\/site\/wp-content\/uploads\/2019\/01\/23.jpg\" alt=\"\" width=\"750\" height=\"446\" srcset=\"https:\/\/www.polisrecreio.com.br\/site\/wp-content\/uploads\/2019\/01\/23.jpg 750w, https:\/\/www.polisrecreio.com.br\/site\/wp-content\/uploads\/2019\/01\/23-300x178.jpg 300w\" sizes=\"(max-width: 750px) 100vw, 750px\" \/><\/a><\/p>\n<p style=\"text-align: justify;\">Os jogos seriam entre Concei\u00e7\u00e3o e Cambalacho. Segundo informa\u00e7\u00f5es, a suspens\u00e3o da rodada \u00e9 para evitar maiores desgastes do gramado. Desde quarta-feira (13) tem chovido diariamente em Recreio.<\/p>\n<p style=\"text-align: justify;\">Ainda n\u00e3o h\u00e1 informa\u00e7\u00f5es sobre a nova data dos jogos.<\/p>\n","protected":false},"excerpt":{"rendered":"<p>A 2\u00aa rodada do grupo A do Campeonato Rural de 2019, organizado pela dire\u00e7\u00e3o do Recreio E.C, no Est\u00e1dio Euvaldo Lodi \u2013 campo do Recreio \u2013 que aconteceria neste domingo (17) foi suspensa devido \u00e0s chuvas dos \u00faltimos dias.<\/p>\n","protected":false},"author":3,"featured_media":12654,"comment_status":"open","ping_status":"open","sticky":false,"template":"","format":"standard","meta":[],"categories":[4],"tags":[],"yoast_head":"<!-- This site is optimized with the Yoast SEO plugin v15.6.2 - https:\/\/yoast.com\/wordpress\/plugins\/seo\/ -->\n<meta name=\"robots\" content=\"index, follow, max-snippet:-1, max-image-preview:large, max-video-preview:-1\" \/>\n<link rel=\"canonical\" href=\"http:\/\/www.polisrecreio.com.br\/site\/2019\/02\/17\/rodada-do-campeonato-rural-deste-domingo-17-no-campo-do-recreio-e-suspensa\/\" \/>\n<meta property=\"og:locale\" content=\"pt_BR\" \/>\n<meta property=\"og:type\" content=\"article\" \/>\n<meta property=\"og:title\" content=\"Rodada do Campeonato Rural deste domingo (17) no campo do Recreio \u00e9 suspensa - P\u00f3lis Recreio\" \/>\n<meta property=\"og:description\" content=\"A 2\u00aa rodada do grupo A do Campeonato Rural de 2019, organizado pela dire\u00e7\u00e3o do Recreio E.C, no Est\u00e1dio Euvaldo Lodi \u2013 campo do Recreio \u2013 que aconteceria neste domingo (17) foi suspensa devido \u00e0s chuvas dos \u00faltimos dias.\" \/>\n<meta property=\"og:url\" content=\"http:\/\/www.polisrecreio.com.br\/site\/2019\/02\/17\/rodada-do-campeonato-rural-deste-domingo-17-no-campo-do-recreio-e-suspensa\/\" \/>\n<meta property=\"og:site_name\" content=\"P\u00f3lis Recreio\" \/>\n<meta property=\"article:publisher\" content=\"https:\/\/www.facebook.com\/Site-P%c3%b3lis-Recreio-MG-181941708571019\/\" \/>\n<meta property=\"article:published_time\" content=\"2019-02-17T13:35:16+00:00\" \/>\n<meta property=\"article:modified_time\" content=\"2019-02-17T13:38:18+00:00\" \/>\n<meta property=\"og:image\" content=\"https:\/\/www.polisrecreio.com.br\/site\/wp-content\/uploads\/2019\/01\/23.jpg\" \/>\n\t<meta property=\"og:image:width\" content=\"750\" \/>\n\t<meta property=\"og:image:height\" content=\"446\" \/>\n<meta name=\"twitter:card\" content=\"summary_large_image\" \/>\n<meta name=\"twitter:creator\" content=\"@PolisRecreio\" \/>\n<meta name=\"twitter:site\" content=\"@PolisRecreio\" \/>\n<script type=\"application\/ld+json\" class=\"yoast-schema-graph\">{\"@context\":\"https:\/\/schema.org\",\"@graph\":[{\"@type\":\"WebSite\",\"@id\":\"https:\/\/www.polisrecreio.com.br\/site\/#website\",\"url\":\"https:\/\/www.polisrecreio.com.br\/site\/\",\"name\":\"P\\u00f3lis Recreio\",\"description\":\"\",\"potentialAction\":[{\"@type\":\"SearchAction\",\"target\":\"https:\/\/www.polisrecreio.com.br\/site\/?s={search_term_string}\",\"query-input\":\"required name=search_term_string\"}],\"inLanguage\":\"pt-BR\"},{\"@type\":\"ImageObject\",\"@id\":\"http:\/\/www.polisrecreio.com.br\/site\/2019\/02\/17\/rodada-do-campeonato-rural-deste-domingo-17-no-campo-do-recreio-e-suspensa\/#primaryimage\",\"inLanguage\":\"pt-BR\",\"url\":\"https:\/\/www.polisrecreio.com.br\/site\/wp-content\/uploads\/2019\/01\/23.jpg\",\"width\":750,\"height\":446},{\"@type\":\"WebPage\",\"@id\":\"http:\/\/www.polisrecreio.com.br\/site\/2019\/02\/17\/rodada-do-campeonato-rural-deste-domingo-17-no-campo-do-recreio-e-suspensa\/#webpage\",\"url\":\"http:\/\/www.polisrecreio.com.br\/site\/2019\/02\/17\/rodada-do-campeonato-rural-deste-domingo-17-no-campo-do-recreio-e-suspensa\/\",\"name\":\"Rodada do Campeonato Rural deste domingo (17) no campo do Recreio \\u00e9 suspensa - P\\u00f3lis Recreio\",\"isPartOf\":{\"@id\":\"https:\/\/www.polisrecreio.com.br\/site\/#website\"},\"primaryImageOfPage\":{\"@id\":\"http:\/\/www.polisrecreio.com.br\/site\/2019\/02\/17\/rodada-do-campeonato-rural-deste-domingo-17-no-campo-do-recreio-e-suspensa\/#primaryimage\"},\"datePublished\":\"2019-02-17T13:35:16+00:00\",\"dateModified\":\"2019-02-17T13:38:18+00:00\",\"author\":{\"@id\":\"https:\/\/www.polisrecreio.com.br\/site\/#\/schema\/person\/3363c1c78e1e28e1329d97adb387638e\"},\"inLanguage\":\"pt-BR\",\"potentialAction\":[{\"@type\":\"ReadAction\",\"target\":[\"http:\/\/www.polisrecreio.com.br\/site\/2019\/02\/17\/rodada-do-campeonato-rural-deste-domingo-17-no-campo-do-recreio-e-suspensa\/\"]}]},{\"@type\":\"Person\",\"@id\":\"https:\/\/www.polisrecreio.com.br\/site\/#\/schema\/person\/3363c1c78e1e28e1329d97adb387638e\",\"name\":\"Leonardo Ribeiro\",\"image\":{\"@type\":\"ImageObject\",\"@id\":\"https:\/\/www.polisrecreio.com.br\/site\/#personlogo\",\"inLanguage\":\"pt-BR\",\"url\":\"https:\/\/secure.gravatar.com\/avatar\/6ba92a37d621e1a83e23710251178a12?s=96&d=mm&r=g\",\"caption\":\"Leonardo Ribeiro\"},\"sameAs\":[\"http:\/\/www.polisrecreio.com.br\"]}]}<\/script>\n<!-- \/ Yoast SEO plugin. -->","_links":{"self":[{"href":"https:\/\/www.polisrecreio.com.br\/site\/wp-json\/wp\/v2\/posts\/13013"}],"collection":[{"href":"https:\/\/www.polisrecreio.com.br\/site\/wp-json\/wp\/v2\/posts"}],"about":[{"href":"https:\/\/www.polisrecreio.com.br\/site\/wp-json\/wp\/v2\/types\/post"}],"author":[{"embeddable":true,"href":"https:\/\/www.polisrecreio.com.br\/site\/wp-json\/wp\/v2\/users\/3"}],"replies":[{"embeddable":true,"href":"https:\/\/www.polisrecreio.com.br\/site\/wp-json\/wp\/v2\/comments?post=13013"}],"version-history":[{"count":3,"href":"https:\/\/www.polisrecreio.com.br\/site\/wp-json\/wp\/v2\/posts\/13013\/revisions"}],"predecessor-version":[{"id":13016,"href":"https:\/\/www.polisrecreio.com.br\/site\/wp-json\/wp\/v2\/posts\/13013\/revisions\/13016"}],"wp:featuredmedia":[{"embeddable":true,"href":"https:\/\/www.polisrecreio.com.br\/site\/wp-json\/wp\/v2\/media\/12654"}],"wp:attachment":[{"href":"https:\/\/www.polisrecreio.com.br\/site\/wp-json\/wp\/v2\/media?parent=13013"}],"wp:term":[{"taxonomy":"category","embeddable":true,"href":"https:\/\/www.polisrecreio.com.br\/site\/wp-json\/wp\/v2\/categories?post=13013"},{"taxonomy":"post_tag","embeddable":true,"href":"https:\/\/www.polisrecreio.com.br\/site\/wp-json\/wp\/v2\/tags?post=13013"}],"curies":[{"name":"wp","href":"https:\/\/api.w.org\/{rel}","templated":true}]}}