{"id":13017,"date":"2019-02-17T13:12:04","date_gmt":"2019-02-17T16:12:04","guid":{"rendered":"http:\/\/www.polisrecreio.com.br\/site\/?p=13017"},"modified":"2019-02-17T13:16:33","modified_gmt":"2019-02-17T16:16:33","slug":"moradores-da-area-rural-de-recreio-reclamam-da-drenagem-pluvial-nas-estradas","status":"publish","type":"post","link":"https:\/\/www.polisrecreio.com.br\/site\/2019\/02\/17\/moradores-da-area-rural-de-recreio-reclamam-da-drenagem-pluvial-nas-estradas\/","title":{"rendered":"Moradores da \u00e1rea rural de Recreio reclamam da drenagem pluvial nas estradas"},"content":{"rendered":"<p style=\"text-align: justify;\">Com a chuva intensa da \u00faltima semana em Recreio um problema ficou vis\u00edvel nas estradas vicinais: a situa\u00e7\u00e3o da drenagem pluvial. Os moradores da \u00e1rea rural reclamaram de v\u00e1rios trechos com \u00e1gua parada, mesmo depois que a chuva termina, por causa dos drenos entupidos.<\/p>\n<p><!--more--><\/p>\n<p><a href=\"http:\/\/www.polisrecreio.com.br\/site\/wp-content\/uploads\/2019\/02\/52117922_2110955718970945_28463014558564352_n.jpg\"><img loading=\"lazy\" class=\"aligncenter size-full wp-image-13018\" src=\"http:\/\/www.polisrecreio.com.br\/site\/wp-content\/uploads\/2019\/02\/52117922_2110955718970945_28463014558564352_n.jpg\" alt=\"\" width=\"750\" height=\"422\" srcset=\"https:\/\/www.polisrecreio.com.br\/site\/wp-content\/uploads\/2019\/02\/52117922_2110955718970945_28463014558564352_n.jpg 750w, https:\/\/www.polisrecreio.com.br\/site\/wp-content\/uploads\/2019\/02\/52117922_2110955718970945_28463014558564352_n-300x169.jpg 300w\" sizes=\"(max-width: 750px) 100vw, 750px\" \/><\/a><\/p>\n<p style=\"text-align: justify;\">Na estrada Recreio-Angaturama, a Prefeitura Municipal, atrav\u00e9s da Secretaria de Desenvolvimento Rural, come\u00e7ou a patrolar a via e em alguns locais foram feitos aterros. Com a chuva os trechos aterrados ficaram intransit\u00e1veis no momento chuvoso, al\u00e9m dos pontos tamb\u00e9m com drenos entupidos. Os problemas com o escoamento da \u00e1gua de chuva foram registrados na estrada Recreio-Pirapetinga e na Concei\u00e7\u00e3o-Barreiros.<\/p>\n<p style=\"text-align: justify;\">Para o in\u00edcio desta semana h\u00e1 previs\u00e3o de continuidade das chuvas, entretanto, a precipita\u00e7\u00e3o e a probabilidade s\u00e3o baixas.<\/p>\n","protected":false},"excerpt":{"rendered":"<p>Com a chuva intensa da \u00faltima semana em Recreio um problema ficou vis\u00edvel nas estradas vicinais: a situa\u00e7\u00e3o da drenagem pluvial. Os moradores da \u00e1rea rural reclamaram de v\u00e1rios trechos com \u00e1gua parada, mesmo depois que a chuva termina, por causa dos drenos entupidos.<\/p>\n","protected":false},"author":3,"featured_media":13018,"comment_status":"open","ping_status":"open","sticky":false,"template":"","format":"standard","meta":[],"categories":[15],"tags":[],"yoast_head":"<!-- This site is optimized with the Yoast SEO plugin v15.6.2 - https:\/\/yoast.com\/wordpress\/plugins\/seo\/ -->\n<meta name=\"robots\" content=\"index, follow, max-snippet:-1, max-image-preview:large, max-video-preview:-1\" \/>\n<link rel=\"canonical\" href=\"http:\/\/www.polisrecreio.com.br\/site\/2019\/02\/17\/moradores-da-area-rural-de-recreio-reclamam-da-drenagem-pluvial-nas-estradas\/\" \/>\n<meta property=\"og:locale\" content=\"pt_BR\" \/>\n<meta property=\"og:type\" content=\"article\" \/>\n<meta property=\"og:title\" content=\"Moradores da \u00e1rea rural de Recreio reclamam da drenagem pluvial nas estradas - P\u00f3lis Recreio\" \/>\n<meta property=\"og:description\" content=\"Com a chuva intensa da \u00faltima semana em Recreio um problema ficou vis\u00edvel nas estradas vicinais: a situa\u00e7\u00e3o da drenagem pluvial. Os moradores da \u00e1rea rural reclamaram de v\u00e1rios trechos com \u00e1gua parada, mesmo depois que a chuva termina, por causa dos drenos entupidos.\" \/>\n<meta property=\"og:url\" content=\"http:\/\/www.polisrecreio.com.br\/site\/2019\/02\/17\/moradores-da-area-rural-de-recreio-reclamam-da-drenagem-pluvial-nas-estradas\/\" \/>\n<meta property=\"og:site_name\" content=\"P\u00f3lis Recreio\" \/>\n<meta property=\"article:publisher\" content=\"https:\/\/www.facebook.com\/Site-P%c3%b3lis-Recreio-MG-181941708571019\/\" \/>\n<meta property=\"article:published_time\" content=\"2019-02-17T16:12:04+00:00\" \/>\n<meta property=\"article:modified_time\" content=\"2019-02-17T16:16:33+00:00\" \/>\n<meta property=\"og:image\" content=\"https:\/\/www.polisrecreio.com.br\/site\/wp-content\/uploads\/2019\/02\/52117922_2110955718970945_28463014558564352_n.jpg\" \/>\n\t<meta property=\"og:image:width\" content=\"750\" \/>\n\t<meta property=\"og:image:height\" content=\"422\" \/>\n<meta name=\"twitter:card\" content=\"summary_large_image\" \/>\n<meta name=\"twitter:creator\" content=\"@PolisRecreio\" \/>\n<meta name=\"twitter:site\" content=\"@PolisRecreio\" \/>\n<meta name=\"twitter:label1\" content=\"Est. reading time\">\n\t<meta name=\"twitter:data1\" content=\"1 minuto\">\n<script type=\"application\/ld+json\" class=\"yoast-schema-graph\">{\"@context\":\"https:\/\/schema.org\",\"@graph\":[{\"@type\":\"WebSite\",\"@id\":\"https:\/\/www.polisrecreio.com.br\/site\/#website\",\"url\":\"https:\/\/www.polisrecreio.com.br\/site\/\",\"name\":\"P\\u00f3lis Recreio\",\"description\":\"\",\"potentialAction\":[{\"@type\":\"SearchAction\",\"target\":\"https:\/\/www.polisrecreio.com.br\/site\/?s={search_term_string}\",\"query-input\":\"required name=search_term_string\"}],\"inLanguage\":\"pt-BR\"},{\"@type\":\"ImageObject\",\"@id\":\"http:\/\/www.polisrecreio.com.br\/site\/2019\/02\/17\/moradores-da-area-rural-de-recreio-reclamam-da-drenagem-pluvial-nas-estradas\/#primaryimage\",\"inLanguage\":\"pt-BR\",\"url\":\"https:\/\/www.polisrecreio.com.br\/site\/wp-content\/uploads\/2019\/02\/52117922_2110955718970945_28463014558564352_n.jpg\",\"width\":750,\"height\":422},{\"@type\":\"WebPage\",\"@id\":\"http:\/\/www.polisrecreio.com.br\/site\/2019\/02\/17\/moradores-da-area-rural-de-recreio-reclamam-da-drenagem-pluvial-nas-estradas\/#webpage\",\"url\":\"http:\/\/www.polisrecreio.com.br\/site\/2019\/02\/17\/moradores-da-area-rural-de-recreio-reclamam-da-drenagem-pluvial-nas-estradas\/\",\"name\":\"Moradores da \\u00e1rea rural de Recreio reclamam da drenagem pluvial nas estradas - P\\u00f3lis Recreio\",\"isPartOf\":{\"@id\":\"https:\/\/www.polisrecreio.com.br\/site\/#website\"},\"primaryImageOfPage\":{\"@id\":\"http:\/\/www.polisrecreio.com.br\/site\/2019\/02\/17\/moradores-da-area-rural-de-recreio-reclamam-da-drenagem-pluvial-nas-estradas\/#primaryimage\"},\"datePublished\":\"2019-02-17T16:12:04+00:00\",\"dateModified\":\"2019-02-17T16:16:33+00:00\",\"author\":{\"@id\":\"https:\/\/www.polisrecreio.com.br\/site\/#\/schema\/person\/3363c1c78e1e28e1329d97adb387638e\"},\"inLanguage\":\"pt-BR\",\"potentialAction\":[{\"@type\":\"ReadAction\",\"target\":[\"http:\/\/www.polisrecreio.com.br\/site\/2019\/02\/17\/moradores-da-area-rural-de-recreio-reclamam-da-drenagem-pluvial-nas-estradas\/\"]}]},{\"@type\":\"Person\",\"@id\":\"https:\/\/www.polisrecreio.com.br\/site\/#\/schema\/person\/3363c1c78e1e28e1329d97adb387638e\",\"name\":\"Leonardo Ribeiro\",\"image\":{\"@type\":\"ImageObject\",\"@id\":\"https:\/\/www.polisrecreio.com.br\/site\/#personlogo\",\"inLanguage\":\"pt-BR\",\"url\":\"https:\/\/secure.gravatar.com\/avatar\/6ba92a37d621e1a83e23710251178a12?s=96&d=mm&r=g\",\"caption\":\"Leonardo Ribeiro\"},\"sameAs\":[\"http:\/\/www.polisrecreio.com.br\"]}]}<\/script>\n<!-- \/ Yoast SEO plugin. -->","_links":{"self":[{"href":"https:\/\/www.polisrecreio.com.br\/site\/wp-json\/wp\/v2\/posts\/13017"}],"collection":[{"href":"https:\/\/www.polisrecreio.com.br\/site\/wp-json\/wp\/v2\/posts"}],"about":[{"href":"https:\/\/www.polisrecreio.com.br\/site\/wp-json\/wp\/v2\/types\/post"}],"author":[{"embeddable":true,"href":"https:\/\/www.polisrecreio.com.br\/site\/wp-json\/wp\/v2\/users\/3"}],"replies":[{"embeddable":true,"href":"https:\/\/www.polisrecreio.com.br\/site\/wp-json\/wp\/v2\/comments?post=13017"}],"version-history":[{"count":4,"href":"https:\/\/www.polisrecreio.com.br\/site\/wp-json\/wp\/v2\/posts\/13017\/revisions"}],"predecessor-version":[{"id":13022,"href":"https:\/\/www.polisrecreio.com.br\/site\/wp-json\/wp\/v2\/posts\/13017\/revisions\/13022"}],"wp:featuredmedia":[{"embeddable":true,"href":"https:\/\/www.polisrecreio.com.br\/site\/wp-json\/wp\/v2\/media\/13018"}],"wp:attachment":[{"href":"https:\/\/www.polisrecreio.com.br\/site\/wp-json\/wp\/v2\/media?parent=13017"}],"wp:term":[{"taxonomy":"category","embeddable":true,"href":"https:\/\/www.polisrecreio.com.br\/site\/wp-json\/wp\/v2\/categories?post=13017"},{"taxonomy":"post_tag","embeddable":true,"href":"https:\/\/www.polisrecreio.com.br\/site\/wp-json\/wp\/v2\/tags?post=13017"}],"curies":[{"name":"wp","href":"https:\/\/api.w.org\/{rel}","templated":true}]}}