{"id":13023,"date":"2019-02-18T08:07:39","date_gmt":"2019-02-18T11:07:39","guid":{"rendered":"http:\/\/www.polisrecreio.com.br\/site\/?p=13023"},"modified":"2019-02-18T08:07:39","modified_gmt":"2019-02-18T11:07:39","slug":"prefeito-de-recreio-anuncia-reajuste-salarial-de-417-aos-professores","status":"publish","type":"post","link":"https:\/\/www.polisrecreio.com.br\/site\/2019\/02\/18\/prefeito-de-recreio-anuncia-reajuste-salarial-de-417-aos-professores\/","title":{"rendered":"Prefeito de Recreio anuncia reajuste salarial de 4,17% aos professores"},"content":{"rendered":"<p style=\"text-align: justify;\">O prefeito de Recreio, Jos\u00e9 Maria Barros, anunciou no \u00faltimo domingo (17) o reajuste salarial de 4,17% aos professores da rede municipal, fundamentado na legisla\u00e7\u00e3o federal n\u00ba 11.738\/2008, que instituiu o Piso Nacional do Magist\u00e9rio.<\/p>\n<p><!--more--><\/p>\n<figure id=\"attachment_12809\" aria-describedby=\"caption-attachment-12809\" style=\"width: 750px\" class=\"wp-caption aligncenter\"><a href=\"http:\/\/www.polisrecreio.com.br\/site\/wp-content\/uploads\/2019\/01\/DSC_0416.jpg\"><img loading=\"lazy\" class=\"size-full wp-image-12809\" src=\"http:\/\/www.polisrecreio.com.br\/site\/wp-content\/uploads\/2019\/01\/DSC_0416.jpg\" alt=\"\" width=\"750\" height=\"500\" srcset=\"https:\/\/www.polisrecreio.com.br\/site\/wp-content\/uploads\/2019\/01\/DSC_0416.jpg 750w, https:\/\/www.polisrecreio.com.br\/site\/wp-content\/uploads\/2019\/01\/DSC_0416-300x200.jpg 300w\" sizes=\"(max-width: 750px) 100vw, 750px\" \/><\/a><figcaption id=\"caption-attachment-12809\" class=\"wp-caption-text\">Prefeito de Recreio, Jos\u00e9 Maria Barros.<\/figcaption><\/figure>\n<p style=\"text-align: justify;\">Antes, a proposta precisa ser analisada e votada na C\u00e2mara Municipal. No an\u00fancio, atrav\u00e9s de v\u00eddeo, postado no <a href=\"https:\/\/www.facebook.com\/prefeituraderecreio\/\" target=\"_blank\" rel=\"noopener\">Facebook da Prefeitura Municipal de Recreio<\/a>, o chefe do executivo diz que o projeto de lei ser\u00e1 enviado ao legislativo nos pr\u00f3ximos dias.<\/p>\n<p style=\"text-align: justify;\">O prefeito destaca tamb\u00e9m no v\u00eddeo a dif\u00edcil situa\u00e7\u00e3o financeira do Munic\u00edpio, influenciada pela d\u00edvida do Governo do Estado com a Prefeitura. \u201cSe os sal\u00e1rios de todos os servidores da Prefeitura, inclusive da educa\u00e7\u00e3o, est\u00e3o em dia \u00e9 porque estamos utilizando os recursos pr\u00f3prios. Somente na \u00e1rea da educa\u00e7\u00e3o o Estado deve a Recreio at\u00e9 o m\u00eas de janeiro mais de R$ 1,5 milh\u00e3o (FUNDEB e Transporte Escolar) \u201d, disse.<\/p>\n<p style=\"text-align: justify;\">Em Recreio, as aulas nas escolas municipais retornaram nesta segunda-feira (18). A\u00a0rede \u00e9 formada por 6 unidades educacionais (3 \u00e1rea rural e 3 \u00e1rea urbana) e atende mais de 1 mil estudantes.<\/p>\n","protected":false},"excerpt":{"rendered":"<p>O prefeito de Recreio, Jos\u00e9 Maria Barros, anunciou no \u00faltimo domingo (17) o reajuste salarial de 4,17% aos professores da rede municipal, fundamentado na legisla\u00e7\u00e3o federal n\u00ba 11.738\/2008, que instituiu o Piso Nacional do Magist\u00e9rio.<\/p>\n","protected":false},"author":3,"featured_media":12809,"comment_status":"open","ping_status":"open","sticky":false,"template":"","format":"standard","meta":[],"categories":[9],"tags":[],"yoast_head":"<!-- This site is optimized with the Yoast SEO plugin v15.6.2 - https:\/\/yoast.com\/wordpress\/plugins\/seo\/ -->\n<meta name=\"robots\" content=\"index, follow, max-snippet:-1, max-image-preview:large, max-video-preview:-1\" \/>\n<link rel=\"canonical\" href=\"http:\/\/www.polisrecreio.com.br\/site\/2019\/02\/18\/prefeito-de-recreio-anuncia-reajuste-salarial-de-417-aos-professores\/\" \/>\n<meta property=\"og:locale\" content=\"pt_BR\" \/>\n<meta property=\"og:type\" content=\"article\" \/>\n<meta property=\"og:title\" content=\"Prefeito de Recreio anuncia reajuste salarial de 4,17% aos professores - P\u00f3lis Recreio\" \/>\n<meta property=\"og:description\" content=\"O prefeito de Recreio, Jos\u00e9 Maria Barros, anunciou no \u00faltimo domingo (17) o reajuste salarial de 4,17% aos professores da rede municipal, fundamentado na legisla\u00e7\u00e3o federal n\u00ba 11.738\/2008, que instituiu o Piso Nacional do Magist\u00e9rio.\" \/>\n<meta property=\"og:url\" content=\"http:\/\/www.polisrecreio.com.br\/site\/2019\/02\/18\/prefeito-de-recreio-anuncia-reajuste-salarial-de-417-aos-professores\/\" \/>\n<meta property=\"og:site_name\" content=\"P\u00f3lis Recreio\" \/>\n<meta property=\"article:publisher\" content=\"https:\/\/www.facebook.com\/Site-P%c3%b3lis-Recreio-MG-181941708571019\/\" \/>\n<meta property=\"article:published_time\" content=\"2019-02-18T11:07:39+00:00\" \/>\n<meta property=\"og:image\" content=\"https:\/\/www.polisrecreio.com.br\/site\/wp-content\/uploads\/2019\/01\/DSC_0416.jpg\" \/>\n\t<meta property=\"og:image:width\" content=\"750\" \/>\n\t<meta property=\"og:image:height\" content=\"500\" \/>\n<meta name=\"twitter:card\" content=\"summary_large_image\" \/>\n<meta name=\"twitter:creator\" content=\"@PolisRecreio\" \/>\n<meta name=\"twitter:site\" content=\"@PolisRecreio\" \/>\n<meta name=\"twitter:label1\" content=\"Est. reading time\">\n\t<meta name=\"twitter:data1\" content=\"1 minuto\">\n<script type=\"application\/ld+json\" class=\"yoast-schema-graph\">{\"@context\":\"https:\/\/schema.org\",\"@graph\":[{\"@type\":\"WebSite\",\"@id\":\"https:\/\/www.polisrecreio.com.br\/site\/#website\",\"url\":\"https:\/\/www.polisrecreio.com.br\/site\/\",\"name\":\"P\\u00f3lis Recreio\",\"description\":\"\",\"potentialAction\":[{\"@type\":\"SearchAction\",\"target\":\"https:\/\/www.polisrecreio.com.br\/site\/?s={search_term_string}\",\"query-input\":\"required name=search_term_string\"}],\"inLanguage\":\"pt-BR\"},{\"@type\":\"ImageObject\",\"@id\":\"http:\/\/www.polisrecreio.com.br\/site\/2019\/02\/18\/prefeito-de-recreio-anuncia-reajuste-salarial-de-417-aos-professores\/#primaryimage\",\"inLanguage\":\"pt-BR\",\"url\":\"https:\/\/www.polisrecreio.com.br\/site\/wp-content\/uploads\/2019\/01\/DSC_0416.jpg\",\"width\":750,\"height\":500,\"caption\":\"Prefeito de Recreio, Jos\\u00e9 Maria Barros.\"},{\"@type\":\"WebPage\",\"@id\":\"http:\/\/www.polisrecreio.com.br\/site\/2019\/02\/18\/prefeito-de-recreio-anuncia-reajuste-salarial-de-417-aos-professores\/#webpage\",\"url\":\"http:\/\/www.polisrecreio.com.br\/site\/2019\/02\/18\/prefeito-de-recreio-anuncia-reajuste-salarial-de-417-aos-professores\/\",\"name\":\"Prefeito de Recreio anuncia reajuste salarial de 4,17% aos professores - P\\u00f3lis Recreio\",\"isPartOf\":{\"@id\":\"https:\/\/www.polisrecreio.com.br\/site\/#website\"},\"primaryImageOfPage\":{\"@id\":\"http:\/\/www.polisrecreio.com.br\/site\/2019\/02\/18\/prefeito-de-recreio-anuncia-reajuste-salarial-de-417-aos-professores\/#primaryimage\"},\"datePublished\":\"2019-02-18T11:07:39+00:00\",\"dateModified\":\"2019-02-18T11:07:39+00:00\",\"author\":{\"@id\":\"https:\/\/www.polisrecreio.com.br\/site\/#\/schema\/person\/3363c1c78e1e28e1329d97adb387638e\"},\"inLanguage\":\"pt-BR\",\"potentialAction\":[{\"@type\":\"ReadAction\",\"target\":[\"http:\/\/www.polisrecreio.com.br\/site\/2019\/02\/18\/prefeito-de-recreio-anuncia-reajuste-salarial-de-417-aos-professores\/\"]}]},{\"@type\":\"Person\",\"@id\":\"https:\/\/www.polisrecreio.com.br\/site\/#\/schema\/person\/3363c1c78e1e28e1329d97adb387638e\",\"name\":\"Leonardo Ribeiro\",\"image\":{\"@type\":\"ImageObject\",\"@id\":\"https:\/\/www.polisrecreio.com.br\/site\/#personlogo\",\"inLanguage\":\"pt-BR\",\"url\":\"https:\/\/secure.gravatar.com\/avatar\/6ba92a37d621e1a83e23710251178a12?s=96&d=mm&r=g\",\"caption\":\"Leonardo Ribeiro\"},\"sameAs\":[\"http:\/\/www.polisrecreio.com.br\"]}]}<\/script>\n<!-- \/ Yoast SEO plugin. -->","_links":{"self":[{"href":"https:\/\/www.polisrecreio.com.br\/site\/wp-json\/wp\/v2\/posts\/13023"}],"collection":[{"href":"https:\/\/www.polisrecreio.com.br\/site\/wp-json\/wp\/v2\/posts"}],"about":[{"href":"https:\/\/www.polisrecreio.com.br\/site\/wp-json\/wp\/v2\/types\/post"}],"author":[{"embeddable":true,"href":"https:\/\/www.polisrecreio.com.br\/site\/wp-json\/wp\/v2\/users\/3"}],"replies":[{"embeddable":true,"href":"https:\/\/www.polisrecreio.com.br\/site\/wp-json\/wp\/v2\/comments?post=13023"}],"version-history":[{"count":1,"href":"https:\/\/www.polisrecreio.com.br\/site\/wp-json\/wp\/v2\/posts\/13023\/revisions"}],"predecessor-version":[{"id":13024,"href":"https:\/\/www.polisrecreio.com.br\/site\/wp-json\/wp\/v2\/posts\/13023\/revisions\/13024"}],"wp:featuredmedia":[{"embeddable":true,"href":"https:\/\/www.polisrecreio.com.br\/site\/wp-json\/wp\/v2\/media\/12809"}],"wp:attachment":[{"href":"https:\/\/www.polisrecreio.com.br\/site\/wp-json\/wp\/v2\/media?parent=13023"}],"wp:term":[{"taxonomy":"category","embeddable":true,"href":"https:\/\/www.polisrecreio.com.br\/site\/wp-json\/wp\/v2\/categories?post=13023"},{"taxonomy":"post_tag","embeddable":true,"href":"https:\/\/www.polisrecreio.com.br\/site\/wp-json\/wp\/v2\/tags?post=13023"}],"curies":[{"name":"wp","href":"https:\/\/api.w.org\/{rel}","templated":true}]}}