{"id":13032,"date":"2019-02-18T18:40:19","date_gmt":"2019-02-18T21:40:19","guid":{"rendered":"http:\/\/www.polisrecreio.com.br\/site\/?p=13032"},"modified":"2019-02-18T18:41:27","modified_gmt":"2019-02-18T21:41:27","slug":"em-recreio-grupos-de-carnaval-devem-solicitar-alvara-na-prefeitura-ate-o-dia-27","status":"publish","type":"post","link":"https:\/\/www.polisrecreio.com.br\/site\/2019\/02\/18\/em-recreio-grupos-de-carnaval-devem-solicitar-alvara-na-prefeitura-ate-o-dia-27\/","title":{"rendered":"Em Recreio, grupos de carnaval devem solicitar alvar\u00e1 na Prefeitura at\u00e9 o dia 27"},"content":{"rendered":"<p style=\"text-align: justify;\">Em Recreio, os grupos de carnaval (blocos de rua, escola de samba e outras manifesta\u00e7\u00f5es) devem solicitar o alvar\u00e1 na Prefeitura Municipal at\u00e9 o dia 27 de fevereiro. O documento \u00e9 gratuito, entretanto, h\u00e1 exig\u00eancia da declara\u00e7\u00e3o de informa\u00e7\u00e3o do evento ao Corpo de Bombeiros.<\/p>\n<p><!--more--><\/p>\n<p><a href=\"http:\/\/www.polisrecreio.com.br\/site\/wp-content\/uploads\/2019\/01\/z6.jpg\"><img loading=\"lazy\" class=\"aligncenter size-full wp-image-12728\" src=\"http:\/\/www.polisrecreio.com.br\/site\/wp-content\/uploads\/2019\/01\/z6.jpg\" alt=\"\" width=\"750\" height=\"500\" srcset=\"https:\/\/www.polisrecreio.com.br\/site\/wp-content\/uploads\/2019\/01\/z6.jpg 750w, https:\/\/www.polisrecreio.com.br\/site\/wp-content\/uploads\/2019\/01\/z6-300x200.jpg 300w\" sizes=\"(max-width: 750px) 100vw, 750px\" \/><\/a><\/p>\n<p style=\"text-align: justify;\">Segundo informa\u00e7\u00f5es, at\u00e9 esta segunda-feira (18) apenas dois representantes de blocos solicitaram o alvar\u00e1 com o documento do Corpo de Bombeiros: Bloco do X\u00f4 Mosquito e do Tega na Mantega.<\/p>\n<p style=\"text-align: justify;\">Ap\u00f3s a autoriza\u00e7\u00e3o da Prefeitura, o requerente deve levar o alvar\u00e1 e a declara\u00e7\u00e3o no destacamento de Recreio da Pol\u00edcia Militar. O alvar\u00e1 \u00e9 obrigat\u00f3rio tanto para os grupos que se apresentam entre os dias 2 e 5 de mar\u00e7o, como tamb\u00e9m para os blocos do pr\u00e9-carnaval.<\/p>\n<p style=\"text-align: justify;\">A declara\u00e7\u00e3o do evento no Corpo de Bombeiros deve ser feita atrav\u00e9s do <a href=\"https:\/\/www.prevencaobombeiros.mg.gov.br\/a1ip\/f\/t\/cadastrareventodeclaratorioman\" target=\"_blank\" rel=\"noopener\">site<\/a> da corpora\u00e7\u00e3o. O documento \u00e9 tamb\u00e9m obrigat\u00f3rio e gratuito.<\/p>\n<p style=\"text-align: justify;\">Neste ano, o Carnaval de Recreio n\u00e3o contar\u00e1 com recursos financeiros da Prefeitura por causa da crise nos cofres p\u00fablicos, ocasionada pela d\u00edvida do Governo do Estado que j\u00e1 passou de R$ 3 milh\u00f5es.<\/p>\n","protected":false},"excerpt":{"rendered":"<p>Em Recreio, os grupos de carnaval (blocos de rua, escola de samba e outras manifesta\u00e7\u00f5es) devem solicitar o alvar\u00e1 na Prefeitura Municipal at\u00e9 o dia 27 de fevereiro. O documento \u00e9 gratuito, entretanto, h\u00e1 exig\u00eancia da declara\u00e7\u00e3o de informa\u00e7\u00e3o do evento ao Corpo de Bombeiros.<\/p>\n","protected":false},"author":3,"featured_media":12962,"comment_status":"open","ping_status":"open","sticky":false,"template":"","format":"standard","meta":[],"categories":[2],"tags":[],"yoast_head":"<!-- This site is optimized with the Yoast SEO plugin v15.6.2 - https:\/\/yoast.com\/wordpress\/plugins\/seo\/ -->\n<meta name=\"robots\" content=\"index, follow, max-snippet:-1, max-image-preview:large, max-video-preview:-1\" \/>\n<link rel=\"canonical\" href=\"https:\/\/www.polisrecreio.com.br\/site\/2019\/02\/18\/em-recreio-grupos-de-carnaval-devem-solicitar-alvara-na-prefeitura-ate-o-dia-27\/\" \/>\n<meta property=\"og:locale\" content=\"pt_BR\" \/>\n<meta property=\"og:type\" content=\"article\" \/>\n<meta property=\"og:title\" content=\"Em Recreio, grupos de carnaval devem solicitar alvar\u00e1 na Prefeitura at\u00e9 o dia 27 - P\u00f3lis Recreio\" \/>\n<meta property=\"og:description\" content=\"Em Recreio, os grupos de carnaval (blocos de rua, escola de samba e outras manifesta\u00e7\u00f5es) devem solicitar o alvar\u00e1 na Prefeitura Municipal at\u00e9 o dia 27 de fevereiro. O documento \u00e9 gratuito, entretanto, h\u00e1 exig\u00eancia da declara\u00e7\u00e3o de informa\u00e7\u00e3o do evento ao Corpo de Bombeiros.\" \/>\n<meta property=\"og:url\" content=\"https:\/\/www.polisrecreio.com.br\/site\/2019\/02\/18\/em-recreio-grupos-de-carnaval-devem-solicitar-alvara-na-prefeitura-ate-o-dia-27\/\" \/>\n<meta property=\"og:site_name\" content=\"P\u00f3lis Recreio\" \/>\n<meta property=\"article:publisher\" content=\"https:\/\/www.facebook.com\/Site-P%c3%b3lis-Recreio-MG-181941708571019\/\" \/>\n<meta property=\"article:published_time\" content=\"2019-02-18T21:40:19+00:00\" \/>\n<meta property=\"article:modified_time\" content=\"2019-02-18T21:41:27+00:00\" \/>\n<meta property=\"og:image\" content=\"https:\/\/www.polisrecreio.com.br\/site\/wp-content\/uploads\/2019\/02\/02.2019-tecnologias-e-artes-faca-sua-fantasia-de-carnaval.jpg\" \/>\n\t<meta property=\"og:image:width\" content=\"750\" \/>\n\t<meta property=\"og:image:height\" content=\"498\" \/>\n<meta name=\"twitter:card\" content=\"summary_large_image\" \/>\n<meta name=\"twitter:creator\" content=\"@PolisRecreio\" \/>\n<meta name=\"twitter:site\" content=\"@PolisRecreio\" \/>\n<meta name=\"twitter:label1\" content=\"Est. reading time\">\n\t<meta name=\"twitter:data1\" content=\"1 minuto\">\n<script type=\"application\/ld+json\" class=\"yoast-schema-graph\">{\"@context\":\"https:\/\/schema.org\",\"@graph\":[{\"@type\":\"WebSite\",\"@id\":\"https:\/\/www.polisrecreio.com.br\/site\/#website\",\"url\":\"https:\/\/www.polisrecreio.com.br\/site\/\",\"name\":\"P\\u00f3lis Recreio\",\"description\":\"\",\"potentialAction\":[{\"@type\":\"SearchAction\",\"target\":\"https:\/\/www.polisrecreio.com.br\/site\/?s={search_term_string}\",\"query-input\":\"required name=search_term_string\"}],\"inLanguage\":\"pt-BR\"},{\"@type\":\"ImageObject\",\"@id\":\"https:\/\/www.polisrecreio.com.br\/site\/2019\/02\/18\/em-recreio-grupos-de-carnaval-devem-solicitar-alvara-na-prefeitura-ate-o-dia-27\/#primaryimage\",\"inLanguage\":\"pt-BR\",\"url\":\"https:\/\/www.polisrecreio.com.br\/site\/wp-content\/uploads\/2019\/02\/02.2019-tecnologias-e-artes-faca-sua-fantasia-de-carnaval.jpg\",\"width\":750,\"height\":498},{\"@type\":\"WebPage\",\"@id\":\"https:\/\/www.polisrecreio.com.br\/site\/2019\/02\/18\/em-recreio-grupos-de-carnaval-devem-solicitar-alvara-na-prefeitura-ate-o-dia-27\/#webpage\",\"url\":\"https:\/\/www.polisrecreio.com.br\/site\/2019\/02\/18\/em-recreio-grupos-de-carnaval-devem-solicitar-alvara-na-prefeitura-ate-o-dia-27\/\",\"name\":\"Em Recreio, grupos de carnaval devem solicitar alvar\\u00e1 na Prefeitura at\\u00e9 o dia 27 - P\\u00f3lis Recreio\",\"isPartOf\":{\"@id\":\"https:\/\/www.polisrecreio.com.br\/site\/#website\"},\"primaryImageOfPage\":{\"@id\":\"https:\/\/www.polisrecreio.com.br\/site\/2019\/02\/18\/em-recreio-grupos-de-carnaval-devem-solicitar-alvara-na-prefeitura-ate-o-dia-27\/#primaryimage\"},\"datePublished\":\"2019-02-18T21:40:19+00:00\",\"dateModified\":\"2019-02-18T21:41:27+00:00\",\"author\":{\"@id\":\"https:\/\/www.polisrecreio.com.br\/site\/#\/schema\/person\/3363c1c78e1e28e1329d97adb387638e\"},\"inLanguage\":\"pt-BR\",\"potentialAction\":[{\"@type\":\"ReadAction\",\"target\":[\"https:\/\/www.polisrecreio.com.br\/site\/2019\/02\/18\/em-recreio-grupos-de-carnaval-devem-solicitar-alvara-na-prefeitura-ate-o-dia-27\/\"]}]},{\"@type\":\"Person\",\"@id\":\"https:\/\/www.polisrecreio.com.br\/site\/#\/schema\/person\/3363c1c78e1e28e1329d97adb387638e\",\"name\":\"Leonardo Ribeiro\",\"image\":{\"@type\":\"ImageObject\",\"@id\":\"https:\/\/www.polisrecreio.com.br\/site\/#personlogo\",\"inLanguage\":\"pt-BR\",\"url\":\"https:\/\/secure.gravatar.com\/avatar\/6ba92a37d621e1a83e23710251178a12?s=96&d=mm&r=g\",\"caption\":\"Leonardo Ribeiro\"},\"sameAs\":[\"http:\/\/www.polisrecreio.com.br\"]}]}<\/script>\n<!-- \/ Yoast SEO plugin. -->","_links":{"self":[{"href":"https:\/\/www.polisrecreio.com.br\/site\/wp-json\/wp\/v2\/posts\/13032"}],"collection":[{"href":"https:\/\/www.polisrecreio.com.br\/site\/wp-json\/wp\/v2\/posts"}],"about":[{"href":"https:\/\/www.polisrecreio.com.br\/site\/wp-json\/wp\/v2\/types\/post"}],"author":[{"embeddable":true,"href":"https:\/\/www.polisrecreio.com.br\/site\/wp-json\/wp\/v2\/users\/3"}],"replies":[{"embeddable":true,"href":"https:\/\/www.polisrecreio.com.br\/site\/wp-json\/wp\/v2\/comments?post=13032"}],"version-history":[{"count":1,"href":"https:\/\/www.polisrecreio.com.br\/site\/wp-json\/wp\/v2\/posts\/13032\/revisions"}],"predecessor-version":[{"id":13033,"href":"https:\/\/www.polisrecreio.com.br\/site\/wp-json\/wp\/v2\/posts\/13032\/revisions\/13033"}],"wp:featuredmedia":[{"embeddable":true,"href":"https:\/\/www.polisrecreio.com.br\/site\/wp-json\/wp\/v2\/media\/12962"}],"wp:attachment":[{"href":"https:\/\/www.polisrecreio.com.br\/site\/wp-json\/wp\/v2\/media?parent=13032"}],"wp:term":[{"taxonomy":"category","embeddable":true,"href":"https:\/\/www.polisrecreio.com.br\/site\/wp-json\/wp\/v2\/categories?post=13032"},{"taxonomy":"post_tag","embeddable":true,"href":"https:\/\/www.polisrecreio.com.br\/site\/wp-json\/wp\/v2\/tags?post=13032"}],"curies":[{"name":"wp","href":"https:\/\/api.w.org\/{rel}","templated":true}]}}