{"id":13034,"date":"2019-02-18T22:09:21","date_gmt":"2019-02-19T01:09:21","guid":{"rendered":"http:\/\/www.polisrecreio.com.br\/site\/?p=13034"},"modified":"2019-02-18T22:13:02","modified_gmt":"2019-02-19T01:13:02","slug":"reajuste-para-professores-supervisores-vice-diretores-e-diretores-de-recreio-e-aprovado-na-camara-municipal","status":"publish","type":"post","link":"https:\/\/www.polisrecreio.com.br\/site\/2019\/02\/18\/reajuste-para-professores-supervisores-vice-diretores-e-diretores-de-recreio-e-aprovado-na-camara-municipal\/","title":{"rendered":"Reajuste para professores, supervisores, vice-diretores e diretores de Recreio \u00e9 aprovado na C\u00e2mara Municipal"},"content":{"rendered":"<p style=\"text-align: justify;\">O projeto de lei do reajuste de 4,17% para os professores, supervisores, vice-diretores e diretores da rede municipal de educa\u00e7\u00e3o de Recreio foi aprovado na C\u00e2mara Municipal na sess\u00e3o desta segunda-feira (18). O documento segue para san\u00e7\u00e3o do prefeito Jos\u00e9 Maria Barros.<\/p>\n<p><!--more--><\/p>\n<figure id=\"attachment_13035\" aria-describedby=\"caption-attachment-13035\" style=\"width: 750px\" class=\"wp-caption aligncenter\"><a href=\"http:\/\/www.polisrecreio.com.br\/site\/wp-content\/uploads\/2019\/02\/DSC_0053.jpg\"><img loading=\"lazy\" class=\"size-full wp-image-13035\" src=\"http:\/\/www.polisrecreio.com.br\/site\/wp-content\/uploads\/2019\/02\/DSC_0053.jpg\" alt=\"\" width=\"750\" height=\"500\" srcset=\"https:\/\/www.polisrecreio.com.br\/site\/wp-content\/uploads\/2019\/02\/DSC_0053.jpg 750w, https:\/\/www.polisrecreio.com.br\/site\/wp-content\/uploads\/2019\/02\/DSC_0053-300x200.jpg 300w\" sizes=\"(max-width: 750px) 100vw, 750px\" \/><\/a><figcaption id=\"caption-attachment-13035\" class=\"wp-caption-text\">Sess\u00e3o desta segunda-feira (18).<\/figcaption><\/figure>\n<p style=\"text-align: justify;\">De acordo com o presidente da C\u00e2mara, Pororoca (PSB), a proposta chegou \u00e0 C\u00e2mara por volta das 13h. O parlamentar solicitou o posicionamento dos demais sobre a aprecia\u00e7\u00e3o do reajuste ou n\u00e3o na sess\u00e3o, pois segundo as ordens regimentais, os projetos devem chegar ao legislativo no prazo de 48 horas de anteced\u00eancia. Nenhum vereador foi contra colocar o projeto em vota\u00e7\u00e3o, assim como n\u00e3o foram contra o reajuste.<\/p>\n<p style=\"text-align: justify;\">O projeto de lei foi baseado na Lei Federal 11.738\/2008, que instituiu o Piso Nacional dos Professores. Conforme o documento os novos vencimentos ser\u00e3o retroativos a janeiro de 2019. Ter\u00e3o direito ao reajuste de 4,17% os profissionais ativos e inativos de carreira do Magist\u00e9rio P\u00fablico Municipal da Educa\u00e7\u00e3o B\u00e1sica do Munic\u00edpio de Recreio<\/p>\n<p style=\"text-align: justify;\">Os vereadores votaram e aprovaram tamb\u00e9m um projeto de lei complementar que cria um novo programa de Recupera\u00e7\u00e3o Fiscal \u201cREFIS\u201d e uma altera\u00e7\u00e3o na Lei 1.679\/2019. Al\u00e9m de indica\u00e7\u00f5es e pedidos de provid\u00eancias encaminhados ao executivo.<\/p>\n","protected":false},"excerpt":{"rendered":"<p>O projeto de lei do reajuste de 4,17% para os professores, supervisores, vice-diretores e diretores da rede municipal de educa\u00e7\u00e3o de Recreio foi aprovado na C\u00e2mara Municipal na sess\u00e3o desta segunda-feira (18). O documento segue para san\u00e7\u00e3o do prefeito Jos\u00e9 Maria Barros.<\/p>\n","protected":false},"author":3,"featured_media":13035,"comment_status":"open","ping_status":"open","sticky":false,"template":"","format":"standard","meta":[],"categories":[6],"tags":[],"yoast_head":"<!-- This site is optimized with the Yoast SEO plugin v15.6.2 - https:\/\/yoast.com\/wordpress\/plugins\/seo\/ -->\n<meta name=\"robots\" content=\"index, follow, max-snippet:-1, max-image-preview:large, max-video-preview:-1\" \/>\n<link rel=\"canonical\" href=\"https:\/\/www.polisrecreio.com.br\/site\/2019\/02\/18\/reajuste-para-professores-supervisores-vice-diretores-e-diretores-de-recreio-e-aprovado-na-camara-municipal\/\" \/>\n<meta property=\"og:locale\" content=\"pt_BR\" \/>\n<meta property=\"og:type\" content=\"article\" \/>\n<meta property=\"og:title\" content=\"Reajuste para professores, supervisores, vice-diretores e diretores de Recreio \u00e9 aprovado na C\u00e2mara Municipal - P\u00f3lis Recreio\" \/>\n<meta property=\"og:description\" content=\"O projeto de lei do reajuste de 4,17% para os professores, supervisores, vice-diretores e diretores da rede municipal de educa\u00e7\u00e3o de Recreio foi aprovado na C\u00e2mara Municipal na sess\u00e3o desta segunda-feira (18). O documento segue para san\u00e7\u00e3o do prefeito Jos\u00e9 Maria Barros.\" \/>\n<meta property=\"og:url\" content=\"https:\/\/www.polisrecreio.com.br\/site\/2019\/02\/18\/reajuste-para-professores-supervisores-vice-diretores-e-diretores-de-recreio-e-aprovado-na-camara-municipal\/\" \/>\n<meta property=\"og:site_name\" content=\"P\u00f3lis Recreio\" \/>\n<meta property=\"article:publisher\" content=\"https:\/\/www.facebook.com\/Site-P%c3%b3lis-Recreio-MG-181941708571019\/\" \/>\n<meta property=\"article:published_time\" content=\"2019-02-19T01:09:21+00:00\" \/>\n<meta property=\"article:modified_time\" content=\"2019-02-19T01:13:02+00:00\" \/>\n<meta property=\"og:image\" content=\"https:\/\/www.polisrecreio.com.br\/site\/wp-content\/uploads\/2019\/02\/DSC_0053.jpg\" \/>\n\t<meta property=\"og:image:width\" content=\"750\" \/>\n\t<meta property=\"og:image:height\" content=\"500\" \/>\n<meta name=\"twitter:card\" content=\"summary_large_image\" \/>\n<meta name=\"twitter:creator\" content=\"@PolisRecreio\" \/>\n<meta name=\"twitter:site\" content=\"@PolisRecreio\" \/>\n<meta name=\"twitter:label1\" content=\"Est. reading time\">\n\t<meta name=\"twitter:data1\" content=\"1 minuto\">\n<script type=\"application\/ld+json\" class=\"yoast-schema-graph\">{\"@context\":\"https:\/\/schema.org\",\"@graph\":[{\"@type\":\"WebSite\",\"@id\":\"https:\/\/www.polisrecreio.com.br\/site\/#website\",\"url\":\"https:\/\/www.polisrecreio.com.br\/site\/\",\"name\":\"P\\u00f3lis Recreio\",\"description\":\"\",\"potentialAction\":[{\"@type\":\"SearchAction\",\"target\":\"https:\/\/www.polisrecreio.com.br\/site\/?s={search_term_string}\",\"query-input\":\"required name=search_term_string\"}],\"inLanguage\":\"pt-BR\"},{\"@type\":\"ImageObject\",\"@id\":\"https:\/\/www.polisrecreio.com.br\/site\/2019\/02\/18\/reajuste-para-professores-supervisores-vice-diretores-e-diretores-de-recreio-e-aprovado-na-camara-municipal\/#primaryimage\",\"inLanguage\":\"pt-BR\",\"url\":\"https:\/\/www.polisrecreio.com.br\/site\/wp-content\/uploads\/2019\/02\/DSC_0053.jpg\",\"width\":750,\"height\":500,\"caption\":\"Sess\\u00e3o desta segunda-feira (18).\"},{\"@type\":\"WebPage\",\"@id\":\"https:\/\/www.polisrecreio.com.br\/site\/2019\/02\/18\/reajuste-para-professores-supervisores-vice-diretores-e-diretores-de-recreio-e-aprovado-na-camara-municipal\/#webpage\",\"url\":\"https:\/\/www.polisrecreio.com.br\/site\/2019\/02\/18\/reajuste-para-professores-supervisores-vice-diretores-e-diretores-de-recreio-e-aprovado-na-camara-municipal\/\",\"name\":\"Reajuste para professores, supervisores, vice-diretores e diretores de Recreio \\u00e9 aprovado na C\\u00e2mara Municipal - P\\u00f3lis Recreio\",\"isPartOf\":{\"@id\":\"https:\/\/www.polisrecreio.com.br\/site\/#website\"},\"primaryImageOfPage\":{\"@id\":\"https:\/\/www.polisrecreio.com.br\/site\/2019\/02\/18\/reajuste-para-professores-supervisores-vice-diretores-e-diretores-de-recreio-e-aprovado-na-camara-municipal\/#primaryimage\"},\"datePublished\":\"2019-02-19T01:09:21+00:00\",\"dateModified\":\"2019-02-19T01:13:02+00:00\",\"author\":{\"@id\":\"https:\/\/www.polisrecreio.com.br\/site\/#\/schema\/person\/3363c1c78e1e28e1329d97adb387638e\"},\"inLanguage\":\"pt-BR\",\"potentialAction\":[{\"@type\":\"ReadAction\",\"target\":[\"https:\/\/www.polisrecreio.com.br\/site\/2019\/02\/18\/reajuste-para-professores-supervisores-vice-diretores-e-diretores-de-recreio-e-aprovado-na-camara-municipal\/\"]}]},{\"@type\":\"Person\",\"@id\":\"https:\/\/www.polisrecreio.com.br\/site\/#\/schema\/person\/3363c1c78e1e28e1329d97adb387638e\",\"name\":\"Leonardo Ribeiro\",\"image\":{\"@type\":\"ImageObject\",\"@id\":\"https:\/\/www.polisrecreio.com.br\/site\/#personlogo\",\"inLanguage\":\"pt-BR\",\"url\":\"https:\/\/secure.gravatar.com\/avatar\/6ba92a37d621e1a83e23710251178a12?s=96&d=mm&r=g\",\"caption\":\"Leonardo Ribeiro\"},\"sameAs\":[\"http:\/\/www.polisrecreio.com.br\"]}]}<\/script>\n<!-- \/ Yoast SEO plugin. -->","_links":{"self":[{"href":"https:\/\/www.polisrecreio.com.br\/site\/wp-json\/wp\/v2\/posts\/13034"}],"collection":[{"href":"https:\/\/www.polisrecreio.com.br\/site\/wp-json\/wp\/v2\/posts"}],"about":[{"href":"https:\/\/www.polisrecreio.com.br\/site\/wp-json\/wp\/v2\/types\/post"}],"author":[{"embeddable":true,"href":"https:\/\/www.polisrecreio.com.br\/site\/wp-json\/wp\/v2\/users\/3"}],"replies":[{"embeddable":true,"href":"https:\/\/www.polisrecreio.com.br\/site\/wp-json\/wp\/v2\/comments?post=13034"}],"version-history":[{"count":4,"href":"https:\/\/www.polisrecreio.com.br\/site\/wp-json\/wp\/v2\/posts\/13034\/revisions"}],"predecessor-version":[{"id":13039,"href":"https:\/\/www.polisrecreio.com.br\/site\/wp-json\/wp\/v2\/posts\/13034\/revisions\/13039"}],"wp:featuredmedia":[{"embeddable":true,"href":"https:\/\/www.polisrecreio.com.br\/site\/wp-json\/wp\/v2\/media\/13035"}],"wp:attachment":[{"href":"https:\/\/www.polisrecreio.com.br\/site\/wp-json\/wp\/v2\/media?parent=13034"}],"wp:term":[{"taxonomy":"category","embeddable":true,"href":"https:\/\/www.polisrecreio.com.br\/site\/wp-json\/wp\/v2\/categories?post=13034"},{"taxonomy":"post_tag","embeddable":true,"href":"https:\/\/www.polisrecreio.com.br\/site\/wp-json\/wp\/v2\/tags?post=13034"}],"curies":[{"name":"wp","href":"https:\/\/api.w.org\/{rel}","templated":true}]}}