{"id":13040,"date":"2019-02-19T16:19:58","date_gmt":"2019-02-19T19:19:58","guid":{"rendered":"http:\/\/www.polisrecreio.com.br\/site\/?p=13040"},"modified":"2019-02-19T16:22:17","modified_gmt":"2019-02-19T19:22:17","slug":"bloco-do-chiclete-abre-pre-carnaval-de-recreio-neste-sabado-23","status":"publish","type":"post","link":"https:\/\/www.polisrecreio.com.br\/site\/2019\/02\/19\/bloco-do-chiclete-abre-pre-carnaval-de-recreio-neste-sabado-23\/","title":{"rendered":"Bloco do Chiclete abre pr\u00e9-carnaval de Recreio neste s\u00e1bado (23)"},"content":{"rendered":"<p style=\"text-align: justify;\">O bloco do Chiclete abre o pr\u00e9-carnaval de Recreio neste s\u00e1bado (23), a partir das 18h, no Churrasquinho Du Serj\u00e3o, na Rua Domingues Vieira, no Centro. Uma das atra\u00e7\u00f5es \u00e9 a banda de marchinhas do mestre Jo\u00e3o de Pirapetinga.<\/p>\n<p><!--more--><\/p>\n<figure id=\"attachment_13041\" aria-describedby=\"caption-attachment-13041\" style=\"width: 960px\" class=\"wp-caption aligncenter\"><a href=\"http:\/\/www.polisrecreio.com.br\/site\/wp-content\/uploads\/2019\/02\/Preocupados-de-Souza-M\u00e1rnio.jpg\"><img loading=\"lazy\" class=\"size-full wp-image-13041\" src=\"http:\/\/www.polisrecreio.com.br\/site\/wp-content\/uploads\/2019\/02\/Preocupados-de-Souza-M\u00e1rnio.jpg\" alt=\"\" width=\"960\" height=\"720\" srcset=\"https:\/\/www.polisrecreio.com.br\/site\/wp-content\/uploads\/2019\/02\/Preocupados-de-Souza-M\u00e1rnio.jpg 960w, https:\/\/www.polisrecreio.com.br\/site\/wp-content\/uploads\/2019\/02\/Preocupados-de-Souza-M\u00e1rnio-300x225.jpg 300w, https:\/\/www.polisrecreio.com.br\/site\/wp-content\/uploads\/2019\/02\/Preocupados-de-Souza-M\u00e1rnio-768x576.jpg 768w\" sizes=\"(max-width: 960px) 100vw, 960px\" \/><\/a><figcaption id=\"caption-attachment-13041\" class=\"wp-caption-text\">Banda de marchinhas de Pirapetinga. Foto: Arquivo.<\/figcaption><\/figure>\n<p style=\"text-align: justify;\">A banda de marchinhas que se apresenta pelo segundo ano consecutivo no Chiclete \u00e9 conhecida do foli\u00e3o recreiense, ela puxa o bloco decano do Carnaval de Recreio, o Preocupados de Souza \u201cPapel Higi\u00eanico\u201d.<\/p>\n<p style=\"text-align: justify;\">Na concentra\u00e7\u00e3o est\u00e1 programada tamb\u00e9m a apresenta\u00e7\u00e3o musical de Celso Tchakabum e de DJ. Os foli\u00f5es melhor fantasiados poder\u00e3o ganhar abad\u00e1s dos blocos Iey, Do Bem e Era Sol Que Me Faltava.<\/p>\n<p style=\"text-align: justify;\">Em 2019, o bloco do Chiclete chega \u00e0 sua 8\u00aa edi\u00e7\u00e3o.<\/p>\n<p><strong>Blocos do pr\u00e9-carnaval<\/strong><\/p>\n<p>23\/02 \u2013 sexta-feira<\/p>\n<ul>\n<li>Bloco do Chiclete &#8211; Churrasquinho Du Serj\u00e3o (Centro);<\/li>\n<\/ul>\n<p>01\/03 \u2013 sexta-feira<\/p>\n<ul>\n<li>Bloco X\u00f4 Mosquito &#8211; Bar na Chapa (Planalto);<\/li>\n<li>Bloco Era Sol Que Me Faltava &#8211; Churrasquinho Du Serj\u00e3o (Centro).<\/li>\n<\/ul>\n","protected":false},"excerpt":{"rendered":"<p>O bloco do Chiclete abre o pr\u00e9-carnaval de Recreio neste s\u00e1bado (23), a partir das 18h, no Churrasquinho Du Serj\u00e3o, na Rua Domingues Vieira, no Centro. Uma das atra\u00e7\u00f5es \u00e9 a banda de marchinhas do mestre Jo\u00e3o de Pirapetinga.<\/p>\n","protected":false},"author":3,"featured_media":13041,"comment_status":"open","ping_status":"open","sticky":false,"template":"","format":"standard","meta":[],"categories":[2],"tags":[],"yoast_head":"<!-- This site is optimized with the Yoast SEO plugin v15.6.2 - https:\/\/yoast.com\/wordpress\/plugins\/seo\/ -->\n<meta name=\"robots\" content=\"index, follow, max-snippet:-1, max-image-preview:large, max-video-preview:-1\" \/>\n<link rel=\"canonical\" href=\"https:\/\/www.polisrecreio.com.br\/site\/2019\/02\/19\/bloco-do-chiclete-abre-pre-carnaval-de-recreio-neste-sabado-23\/\" \/>\n<meta property=\"og:locale\" content=\"pt_BR\" \/>\n<meta property=\"og:type\" content=\"article\" \/>\n<meta property=\"og:title\" content=\"Bloco do Chiclete abre pr\u00e9-carnaval de Recreio neste s\u00e1bado (23) - P\u00f3lis Recreio\" \/>\n<meta property=\"og:description\" content=\"O bloco do Chiclete abre o pr\u00e9-carnaval de Recreio neste s\u00e1bado (23), a partir das 18h, no Churrasquinho Du Serj\u00e3o, na Rua Domingues Vieira, no Centro. Uma das atra\u00e7\u00f5es \u00e9 a banda de marchinhas do mestre Jo\u00e3o de Pirapetinga.\" \/>\n<meta property=\"og:url\" content=\"https:\/\/www.polisrecreio.com.br\/site\/2019\/02\/19\/bloco-do-chiclete-abre-pre-carnaval-de-recreio-neste-sabado-23\/\" \/>\n<meta property=\"og:site_name\" content=\"P\u00f3lis Recreio\" \/>\n<meta property=\"article:publisher\" content=\"https:\/\/www.facebook.com\/Site-P%c3%b3lis-Recreio-MG-181941708571019\/\" \/>\n<meta property=\"article:published_time\" content=\"2019-02-19T19:19:58+00:00\" \/>\n<meta property=\"article:modified_time\" content=\"2019-02-19T19:22:17+00:00\" \/>\n<meta property=\"og:image\" content=\"https:\/\/www.polisrecreio.com.br\/site\/wp-content\/uploads\/2019\/02\/Preocupados-de-Souza-M\u00e1rnio.jpg\" \/>\n\t<meta property=\"og:image:width\" content=\"960\" \/>\n\t<meta property=\"og:image:height\" content=\"720\" \/>\n<meta name=\"twitter:card\" content=\"summary_large_image\" \/>\n<meta name=\"twitter:creator\" content=\"@PolisRecreio\" \/>\n<meta name=\"twitter:site\" content=\"@PolisRecreio\" \/>\n<meta name=\"twitter:label1\" content=\"Est. reading time\">\n\t<meta name=\"twitter:data1\" content=\"1 minuto\">\n<script type=\"application\/ld+json\" class=\"yoast-schema-graph\">{\"@context\":\"https:\/\/schema.org\",\"@graph\":[{\"@type\":\"WebSite\",\"@id\":\"https:\/\/www.polisrecreio.com.br\/site\/#website\",\"url\":\"https:\/\/www.polisrecreio.com.br\/site\/\",\"name\":\"P\\u00f3lis Recreio\",\"description\":\"\",\"potentialAction\":[{\"@type\":\"SearchAction\",\"target\":\"https:\/\/www.polisrecreio.com.br\/site\/?s={search_term_string}\",\"query-input\":\"required name=search_term_string\"}],\"inLanguage\":\"pt-BR\"},{\"@type\":\"ImageObject\",\"@id\":\"https:\/\/www.polisrecreio.com.br\/site\/2019\/02\/19\/bloco-do-chiclete-abre-pre-carnaval-de-recreio-neste-sabado-23\/#primaryimage\",\"inLanguage\":\"pt-BR\",\"url\":\"https:\/\/www.polisrecreio.com.br\/site\/wp-content\/uploads\/2019\/02\/Preocupados-de-Souza-M\\u00e1rnio.jpg\",\"width\":960,\"height\":720,\"caption\":\"Banda de marchinhas de Pirapetinga. Foto: Arquivo.\"},{\"@type\":\"WebPage\",\"@id\":\"https:\/\/www.polisrecreio.com.br\/site\/2019\/02\/19\/bloco-do-chiclete-abre-pre-carnaval-de-recreio-neste-sabado-23\/#webpage\",\"url\":\"https:\/\/www.polisrecreio.com.br\/site\/2019\/02\/19\/bloco-do-chiclete-abre-pre-carnaval-de-recreio-neste-sabado-23\/\",\"name\":\"Bloco do Chiclete abre pr\\u00e9-carnaval de Recreio neste s\\u00e1bado (23) - P\\u00f3lis Recreio\",\"isPartOf\":{\"@id\":\"https:\/\/www.polisrecreio.com.br\/site\/#website\"},\"primaryImageOfPage\":{\"@id\":\"https:\/\/www.polisrecreio.com.br\/site\/2019\/02\/19\/bloco-do-chiclete-abre-pre-carnaval-de-recreio-neste-sabado-23\/#primaryimage\"},\"datePublished\":\"2019-02-19T19:19:58+00:00\",\"dateModified\":\"2019-02-19T19:22:17+00:00\",\"author\":{\"@id\":\"https:\/\/www.polisrecreio.com.br\/site\/#\/schema\/person\/3363c1c78e1e28e1329d97adb387638e\"},\"inLanguage\":\"pt-BR\",\"potentialAction\":[{\"@type\":\"ReadAction\",\"target\":[\"https:\/\/www.polisrecreio.com.br\/site\/2019\/02\/19\/bloco-do-chiclete-abre-pre-carnaval-de-recreio-neste-sabado-23\/\"]}]},{\"@type\":\"Person\",\"@id\":\"https:\/\/www.polisrecreio.com.br\/site\/#\/schema\/person\/3363c1c78e1e28e1329d97adb387638e\",\"name\":\"Leonardo Ribeiro\",\"image\":{\"@type\":\"ImageObject\",\"@id\":\"https:\/\/www.polisrecreio.com.br\/site\/#personlogo\",\"inLanguage\":\"pt-BR\",\"url\":\"https:\/\/secure.gravatar.com\/avatar\/6ba92a37d621e1a83e23710251178a12?s=96&d=mm&r=g\",\"caption\":\"Leonardo Ribeiro\"},\"sameAs\":[\"http:\/\/www.polisrecreio.com.br\"]}]}<\/script>\n<!-- \/ Yoast SEO plugin. -->","_links":{"self":[{"href":"https:\/\/www.polisrecreio.com.br\/site\/wp-json\/wp\/v2\/posts\/13040"}],"collection":[{"href":"https:\/\/www.polisrecreio.com.br\/site\/wp-json\/wp\/v2\/posts"}],"about":[{"href":"https:\/\/www.polisrecreio.com.br\/site\/wp-json\/wp\/v2\/types\/post"}],"author":[{"embeddable":true,"href":"https:\/\/www.polisrecreio.com.br\/site\/wp-json\/wp\/v2\/users\/3"}],"replies":[{"embeddable":true,"href":"https:\/\/www.polisrecreio.com.br\/site\/wp-json\/wp\/v2\/comments?post=13040"}],"version-history":[{"count":3,"href":"https:\/\/www.polisrecreio.com.br\/site\/wp-json\/wp\/v2\/posts\/13040\/revisions"}],"predecessor-version":[{"id":13044,"href":"https:\/\/www.polisrecreio.com.br\/site\/wp-json\/wp\/v2\/posts\/13040\/revisions\/13044"}],"wp:featuredmedia":[{"embeddable":true,"href":"https:\/\/www.polisrecreio.com.br\/site\/wp-json\/wp\/v2\/media\/13041"}],"wp:attachment":[{"href":"https:\/\/www.polisrecreio.com.br\/site\/wp-json\/wp\/v2\/media?parent=13040"}],"wp:term":[{"taxonomy":"category","embeddable":true,"href":"https:\/\/www.polisrecreio.com.br\/site\/wp-json\/wp\/v2\/categories?post=13040"},{"taxonomy":"post_tag","embeddable":true,"href":"https:\/\/www.polisrecreio.com.br\/site\/wp-json\/wp\/v2\/tags?post=13040"}],"curies":[{"name":"wp","href":"https:\/\/api.w.org\/{rel}","templated":true}]}}