{"id":13045,"date":"2019-02-19T20:14:21","date_gmt":"2019-02-19T23:14:21","guid":{"rendered":"http:\/\/www.polisrecreio.com.br\/site\/?p=13045"},"modified":"2019-02-19T20:17:24","modified_gmt":"2019-02-19T23:17:24","slug":"comecou-magisterio-2019-2020-da-e-e-olavo-bilac","status":"publish","type":"post","link":"https:\/\/www.polisrecreio.com.br\/site\/2019\/02\/19\/comecou-magisterio-2019-2020-da-e-e-olavo-bilac\/","title":{"rendered":"Come\u00e7ou Magist\u00e9rio 2019\/2020 da E.E Olavo Bilac"},"content":{"rendered":"<p style=\"text-align: justify;\">Come\u00e7ou nesta ter\u00e7a-feira (19) as aulas da turma 2019\/2020 do curso de Magist\u00e9rio da E.E Olavo Bilac de Recreio. Ao todo 40 estudantes almejam a forma\u00e7\u00e3o de n\u00edvel m\u00e9dio com certifica\u00e7\u00e3o para atuarem na primeira etapa da Educa\u00e7\u00e3o B\u00e1sica (creche e pr\u00e9-escola).<\/p>\n<p><!--more--><\/p>\n<p><a href=\"http:\/\/www.polisrecreio.com.br\/site\/wp-content\/uploads\/2019\/02\/DSC_0057.jpg\"><img loading=\"lazy\" class=\"aligncenter size-full wp-image-13047\" src=\"http:\/\/www.polisrecreio.com.br\/site\/wp-content\/uploads\/2019\/02\/DSC_0057.jpg\" alt=\"\" width=\"750\" height=\"500\" srcset=\"https:\/\/www.polisrecreio.com.br\/site\/wp-content\/uploads\/2019\/02\/DSC_0057.jpg 750w, https:\/\/www.polisrecreio.com.br\/site\/wp-content\/uploads\/2019\/02\/DSC_0057-300x200.jpg 300w\" sizes=\"(max-width: 750px) 100vw, 750px\" \/><\/a><\/p>\n<p style=\"text-align: justify;\">Na aula inaugural o diretor, Ruan Ferreira Brito, destacou a import\u00e2ncia da manuten\u00e7\u00e3o do curso, que ao final de 2018 formou 35 novos docentes. Segundo ele, a continuidade do Magist\u00e9rio deve-se \u00e0 grande demanda de estudantes; ao apoio da Prefeitura Municipal e da Secretaria Municipal de Educa\u00e7\u00e3o e Cultura que criaram o programa de est\u00e1gio remunerado; e ao incentivo da Superintend\u00eancia Regional de Ensino de Leopoldina e da Secretaria de Estado de Educa\u00e7\u00e3o de Minas Gerais.<\/p>\n<p><a href=\"http:\/\/www.polisrecreio.com.br\/site\/wp-content\/uploads\/2019\/02\/DSC_0056.jpg\"><img loading=\"lazy\" class=\"aligncenter size-full wp-image-13046\" src=\"http:\/\/www.polisrecreio.com.br\/site\/wp-content\/uploads\/2019\/02\/DSC_0056.jpg\" alt=\"\" width=\"750\" height=\"500\" srcset=\"https:\/\/www.polisrecreio.com.br\/site\/wp-content\/uploads\/2019\/02\/DSC_0056.jpg 750w, https:\/\/www.polisrecreio.com.br\/site\/wp-content\/uploads\/2019\/02\/DSC_0056-300x200.jpg 300w\" sizes=\"(max-width: 750px) 100vw, 750px\" \/><\/a><\/p>\n<p style=\"text-align: justify;\">Neste primeiro dia as professoras que estar\u00e3o \u00e0 frente do curso nos pr\u00f3ximos 18 meses (3 per\u00edodos de 6 meses) foram apresentadas: Vera Duarte de Medeiros e T\u00e2nia Meirelles de Moraes.<\/p>\n<p style=\"text-align: justify;\">O curso de Magist\u00e9rio foi resgatado em 2017 na E.E Olavo Bilac, ap\u00f3s quase 20 anos.<\/p>\n<p><a href=\"http:\/\/www.polisrecreio.com.br\/site\/wp-content\/uploads\/2019\/02\/DSC_0062.jpg\"><img loading=\"lazy\" class=\"aligncenter size-full wp-image-13048\" src=\"http:\/\/www.polisrecreio.com.br\/site\/wp-content\/uploads\/2019\/02\/DSC_0062.jpg\" alt=\"\" width=\"750\" height=\"500\" srcset=\"https:\/\/www.polisrecreio.com.br\/site\/wp-content\/uploads\/2019\/02\/DSC_0062.jpg 750w, https:\/\/www.polisrecreio.com.br\/site\/wp-content\/uploads\/2019\/02\/DSC_0062-300x200.jpg 300w\" sizes=\"(max-width: 750px) 100vw, 750px\" \/><\/a><\/p>\n","protected":false},"excerpt":{"rendered":"<p>Come\u00e7ou nesta ter\u00e7a-feira (19) as aulas da turma 2019\/2020 do curso de Magist\u00e9rio da E.E Olavo Bilac de Recreio. Ao todo 40 estudantes almejam a forma\u00e7\u00e3o de n\u00edvel m\u00e9dio com certifica\u00e7\u00e3o para atuarem na primeira etapa da Educa\u00e7\u00e3o B\u00e1sica (creche e pr\u00e9-escola).<\/p>\n","protected":false},"author":3,"featured_media":13047,"comment_status":"open","ping_status":"open","sticky":false,"template":"","format":"standard","meta":[],"categories":[9],"tags":[],"yoast_head":"<!-- This site is optimized with the Yoast SEO plugin v15.6.2 - https:\/\/yoast.com\/wordpress\/plugins\/seo\/ -->\n<meta name=\"robots\" content=\"index, follow, max-snippet:-1, max-image-preview:large, max-video-preview:-1\" \/>\n<link rel=\"canonical\" href=\"http:\/\/www.polisrecreio.com.br\/site\/2019\/02\/19\/comecou-magisterio-2019-2020-da-e-e-olavo-bilac\/\" \/>\n<meta property=\"og:locale\" content=\"pt_BR\" \/>\n<meta property=\"og:type\" content=\"article\" \/>\n<meta property=\"og:title\" content=\"Come\u00e7ou Magist\u00e9rio 2019\/2020 da E.E Olavo Bilac - P\u00f3lis Recreio\" \/>\n<meta property=\"og:description\" content=\"Come\u00e7ou nesta ter\u00e7a-feira (19) as aulas da turma 2019\/2020 do curso de Magist\u00e9rio da E.E Olavo Bilac de Recreio. Ao todo 40 estudantes almejam a forma\u00e7\u00e3o de n\u00edvel m\u00e9dio com certifica\u00e7\u00e3o para atuarem na primeira etapa da Educa\u00e7\u00e3o B\u00e1sica (creche e pr\u00e9-escola).\" \/>\n<meta property=\"og:url\" content=\"http:\/\/www.polisrecreio.com.br\/site\/2019\/02\/19\/comecou-magisterio-2019-2020-da-e-e-olavo-bilac\/\" \/>\n<meta property=\"og:site_name\" content=\"P\u00f3lis Recreio\" \/>\n<meta property=\"article:publisher\" content=\"https:\/\/www.facebook.com\/Site-P%c3%b3lis-Recreio-MG-181941708571019\/\" \/>\n<meta property=\"article:published_time\" content=\"2019-02-19T23:14:21+00:00\" \/>\n<meta property=\"article:modified_time\" content=\"2019-02-19T23:17:24+00:00\" \/>\n<meta property=\"og:image\" content=\"https:\/\/www.polisrecreio.com.br\/site\/wp-content\/uploads\/2019\/02\/DSC_0057.jpg\" \/>\n\t<meta property=\"og:image:width\" content=\"750\" \/>\n\t<meta property=\"og:image:height\" content=\"500\" \/>\n<meta name=\"twitter:card\" content=\"summary_large_image\" \/>\n<meta name=\"twitter:creator\" content=\"@PolisRecreio\" \/>\n<meta name=\"twitter:site\" content=\"@PolisRecreio\" \/>\n<meta name=\"twitter:label1\" content=\"Est. reading time\">\n\t<meta name=\"twitter:data1\" content=\"1 minuto\">\n<script type=\"application\/ld+json\" class=\"yoast-schema-graph\">{\"@context\":\"https:\/\/schema.org\",\"@graph\":[{\"@type\":\"WebSite\",\"@id\":\"https:\/\/www.polisrecreio.com.br\/site\/#website\",\"url\":\"https:\/\/www.polisrecreio.com.br\/site\/\",\"name\":\"P\\u00f3lis Recreio\",\"description\":\"\",\"potentialAction\":[{\"@type\":\"SearchAction\",\"target\":\"https:\/\/www.polisrecreio.com.br\/site\/?s={search_term_string}\",\"query-input\":\"required name=search_term_string\"}],\"inLanguage\":\"pt-BR\"},{\"@type\":\"ImageObject\",\"@id\":\"http:\/\/www.polisrecreio.com.br\/site\/2019\/02\/19\/comecou-magisterio-2019-2020-da-e-e-olavo-bilac\/#primaryimage\",\"inLanguage\":\"pt-BR\",\"url\":\"https:\/\/www.polisrecreio.com.br\/site\/wp-content\/uploads\/2019\/02\/DSC_0057.jpg\",\"width\":750,\"height\":500},{\"@type\":\"WebPage\",\"@id\":\"http:\/\/www.polisrecreio.com.br\/site\/2019\/02\/19\/comecou-magisterio-2019-2020-da-e-e-olavo-bilac\/#webpage\",\"url\":\"http:\/\/www.polisrecreio.com.br\/site\/2019\/02\/19\/comecou-magisterio-2019-2020-da-e-e-olavo-bilac\/\",\"name\":\"Come\\u00e7ou Magist\\u00e9rio 2019\/2020 da E.E Olavo Bilac - P\\u00f3lis Recreio\",\"isPartOf\":{\"@id\":\"https:\/\/www.polisrecreio.com.br\/site\/#website\"},\"primaryImageOfPage\":{\"@id\":\"http:\/\/www.polisrecreio.com.br\/site\/2019\/02\/19\/comecou-magisterio-2019-2020-da-e-e-olavo-bilac\/#primaryimage\"},\"datePublished\":\"2019-02-19T23:14:21+00:00\",\"dateModified\":\"2019-02-19T23:17:24+00:00\",\"author\":{\"@id\":\"https:\/\/www.polisrecreio.com.br\/site\/#\/schema\/person\/3363c1c78e1e28e1329d97adb387638e\"},\"inLanguage\":\"pt-BR\",\"potentialAction\":[{\"@type\":\"ReadAction\",\"target\":[\"http:\/\/www.polisrecreio.com.br\/site\/2019\/02\/19\/comecou-magisterio-2019-2020-da-e-e-olavo-bilac\/\"]}]},{\"@type\":\"Person\",\"@id\":\"https:\/\/www.polisrecreio.com.br\/site\/#\/schema\/person\/3363c1c78e1e28e1329d97adb387638e\",\"name\":\"Leonardo Ribeiro\",\"image\":{\"@type\":\"ImageObject\",\"@id\":\"https:\/\/www.polisrecreio.com.br\/site\/#personlogo\",\"inLanguage\":\"pt-BR\",\"url\":\"https:\/\/secure.gravatar.com\/avatar\/6ba92a37d621e1a83e23710251178a12?s=96&d=mm&r=g\",\"caption\":\"Leonardo Ribeiro\"},\"sameAs\":[\"http:\/\/www.polisrecreio.com.br\"]}]}<\/script>\n<!-- \/ Yoast SEO plugin. -->","_links":{"self":[{"href":"https:\/\/www.polisrecreio.com.br\/site\/wp-json\/wp\/v2\/posts\/13045"}],"collection":[{"href":"https:\/\/www.polisrecreio.com.br\/site\/wp-json\/wp\/v2\/posts"}],"about":[{"href":"https:\/\/www.polisrecreio.com.br\/site\/wp-json\/wp\/v2\/types\/post"}],"author":[{"embeddable":true,"href":"https:\/\/www.polisrecreio.com.br\/site\/wp-json\/wp\/v2\/users\/3"}],"replies":[{"embeddable":true,"href":"https:\/\/www.polisrecreio.com.br\/site\/wp-json\/wp\/v2\/comments?post=13045"}],"version-history":[{"count":6,"href":"https:\/\/www.polisrecreio.com.br\/site\/wp-json\/wp\/v2\/posts\/13045\/revisions"}],"predecessor-version":[{"id":13054,"href":"https:\/\/www.polisrecreio.com.br\/site\/wp-json\/wp\/v2\/posts\/13045\/revisions\/13054"}],"wp:featuredmedia":[{"embeddable":true,"href":"https:\/\/www.polisrecreio.com.br\/site\/wp-json\/wp\/v2\/media\/13047"}],"wp:attachment":[{"href":"https:\/\/www.polisrecreio.com.br\/site\/wp-json\/wp\/v2\/media?parent=13045"}],"wp:term":[{"taxonomy":"category","embeddable":true,"href":"https:\/\/www.polisrecreio.com.br\/site\/wp-json\/wp\/v2\/categories?post=13045"},{"taxonomy":"post_tag","embeddable":true,"href":"https:\/\/www.polisrecreio.com.br\/site\/wp-json\/wp\/v2\/tags?post=13045"}],"curies":[{"name":"wp","href":"https:\/\/api.w.org\/{rel}","templated":true}]}}