{"id":13061,"date":"2019-02-20T15:11:31","date_gmt":"2019-02-20T18:11:31","guid":{"rendered":"http:\/\/www.polisrecreio.com.br\/site\/?p=13061"},"modified":"2019-02-20T16:16:53","modified_gmt":"2019-02-20T19:16:53","slug":"em-recreio-tabela-da-fase-municipal-do-jemg-esta-definida","status":"publish","type":"post","link":"https:\/\/www.polisrecreio.com.br\/site\/2019\/02\/20\/em-recreio-tabela-da-fase-municipal-do-jemg-esta-definida\/","title":{"rendered":"Em Recreio, tabela da fase municipal do JEMG est\u00e1 definida"},"content":{"rendered":"<p style=\"text-align: justify;\">Em Recreio, a tabela da primeira fase (municipal) dos Jogos Escolares de Minas Gerais est\u00e1 definida. As competi\u00e7\u00f5es municipais de futsal feminino e masculino ser\u00e3o disputadas na \u00e1rea urbana, em local a ser definido, entre os dias 12 e 14 de mar\u00e7o.<\/p>\n<p><!--more--><\/p>\n<p><a href=\"http:\/\/www.polisrecreio.com.br\/site\/wp-content\/uploads\/2019\/02\/111.jpg\"><img loading=\"lazy\" class=\"aligncenter size-full wp-image-12981\" src=\"http:\/\/www.polisrecreio.com.br\/site\/wp-content\/uploads\/2019\/02\/111.jpg\" alt=\"\" width=\"750\" height=\"438\" srcset=\"https:\/\/www.polisrecreio.com.br\/site\/wp-content\/uploads\/2019\/02\/111.jpg 750w, https:\/\/www.polisrecreio.com.br\/site\/wp-content\/uploads\/2019\/02\/111-300x175.jpg 300w\" sizes=\"(max-width: 750px) 100vw, 750px\" \/><\/a><\/p>\n<p style=\"text-align: justify;\">Estar\u00e3o disputando uma vaga na etapa microrregional as seguintes escolas: E.M Jo\u00e3o Damasceno Ferreira, E.M Professora Nice Damasceno de Almeida Muniz, E.E Olavo Bilac e E.E Presidente Carlos Luz (Concei\u00e7\u00e3o da Boa Vista).<\/p>\n<p style=\"text-align: justify;\">O JEMG \u00e9 de responsabilidade da Federa\u00e7\u00e3o de Esportes Estudantis de Minas Gerais \u2013 FEMMG. Participam da competi\u00e7\u00e3o jovens de 12 a 17 anos das escolas p\u00fablicas e particulares de Minas Gerais. A organiza\u00e7\u00e3o da fase municipal fica a cargo da Prefeitura Municipal.<\/p>\n<p><strong>Confira a tabela<\/strong><\/p>\n<p>Ter\u00e7a-feira \u2013 12 de mar\u00e7o:<\/p>\n<ul>\n<li>8h \u2013 Futsal Feminino I: E.M Jo\u00e3o D. Ferreira X E.M Profa. Nice D. A. Muniz<\/li>\n<li>8:40h \u2013 Futsal Feminino II: E.M Jo\u00e3o D. Ferreira X E.E Olavo Bilac<\/li>\n<li>9:20h \u2013 Futsal Masculino I: E.M Jo\u00e3o D. Ferreira X E.M Profa. Nice D. A. Muniz<\/li>\n<li>10h \u2013 Futsal Masculino II: E.E Pres. Carlos Luz X E.E Olavo Bilac<\/li>\n<li>10:40h \u2013 Futsal Masculino II: E.M Jo\u00e3o D. Ferreira X E.M Profa. Nice D. A. Muniz<\/li>\n<\/ul>\n<p>Quarta-feira \u2013 13 de mar\u00e7o:<\/p>\n<ul>\n<li>8h \u2013 Futsal Feminino I: E.M Jo\u00e3o D. Ferreira X E.E Pres. Carlos Luz<\/li>\n<li>8:40h \u2013 Futsal Masculino I: E.M Jo\u00e3o D. Ferreira X E.E Pres. Carlos Luz<\/li>\n<li>9:20h \u2013 Futsal Masculino II: E.M Jo\u00e3o D. Ferreira X E.E Pres. Carlos Luz<\/li>\n<li>10h \u2013 Futsal Masculino II: E.M Profa. Nice D. A. Muniz X E.E Olavo Bilac<\/li>\n<\/ul>\n<p>Quinta-feira \u2013 14 de mar\u00e7o:<\/p>\n<ul>\n<li>8h \u2013 Futsal Feminino I: E.M Profa. Nice D. A. Muniz X E.E Pres. Carlos Luz<\/li>\n<li>8:40h \u2013 Futsal Masculino I: E.M Profa. Nice D. A. Muniz X E.E Pres. Carlos Luz<\/li>\n<li>9:20h \u2013 Futsal Masculino II: E.M Profa. Nice D. A. Muniz X E.E Pres. Carlos Luz<\/li>\n<li>10h \u2013 Futsal Masculino II: E.M Jo\u00e3o D. Ferreira X E.E Olavo Bilac<\/li>\n<\/ul>\n","protected":false},"excerpt":{"rendered":"<p>Em Recreio, a tabela da primeira fase (municipal) dos Jogos Escolares de Minas Gerais est\u00e1 definida. As competi\u00e7\u00f5es municipais de futsal feminino e masculino ser\u00e3o disputadas na \u00e1rea urbana, em local a ser definido, entre os dias 12 e 14 de mar\u00e7o.<\/p>\n","protected":false},"author":3,"featured_media":12981,"comment_status":"open","ping_status":"open","sticky":false,"template":"","format":"standard","meta":[],"categories":[9],"tags":[],"yoast_head":"<!-- This site is optimized with the Yoast SEO plugin v15.6.2 - https:\/\/yoast.com\/wordpress\/plugins\/seo\/ -->\n<meta name=\"robots\" content=\"index, follow, max-snippet:-1, max-image-preview:large, max-video-preview:-1\" \/>\n<link rel=\"canonical\" href=\"https:\/\/www.polisrecreio.com.br\/site\/2019\/02\/20\/em-recreio-tabela-da-fase-municipal-do-jemg-esta-definida\/\" \/>\n<meta property=\"og:locale\" content=\"pt_BR\" \/>\n<meta property=\"og:type\" content=\"article\" \/>\n<meta property=\"og:title\" content=\"Em Recreio, tabela da fase municipal do JEMG est\u00e1 definida - P\u00f3lis Recreio\" \/>\n<meta property=\"og:description\" content=\"Em Recreio, a tabela da primeira fase (municipal) dos Jogos Escolares de Minas Gerais est\u00e1 definida. As competi\u00e7\u00f5es municipais de futsal feminino e masculino ser\u00e3o disputadas na \u00e1rea urbana, em local a ser definido, entre os dias 12 e 14 de mar\u00e7o.\" \/>\n<meta property=\"og:url\" content=\"https:\/\/www.polisrecreio.com.br\/site\/2019\/02\/20\/em-recreio-tabela-da-fase-municipal-do-jemg-esta-definida\/\" \/>\n<meta property=\"og:site_name\" content=\"P\u00f3lis Recreio\" \/>\n<meta property=\"article:publisher\" content=\"https:\/\/www.facebook.com\/Site-P%c3%b3lis-Recreio-MG-181941708571019\/\" \/>\n<meta property=\"article:published_time\" content=\"2019-02-20T18:11:31+00:00\" \/>\n<meta property=\"article:modified_time\" content=\"2019-02-20T19:16:53+00:00\" \/>\n<meta property=\"og:image\" content=\"https:\/\/www.polisrecreio.com.br\/site\/wp-content\/uploads\/2019\/02\/111.jpg\" \/>\n\t<meta property=\"og:image:width\" content=\"750\" \/>\n\t<meta property=\"og:image:height\" content=\"438\" \/>\n<meta name=\"twitter:card\" content=\"summary_large_image\" \/>\n<meta name=\"twitter:creator\" content=\"@PolisRecreio\" \/>\n<meta name=\"twitter:site\" content=\"@PolisRecreio\" \/>\n<meta name=\"twitter:label1\" content=\"Est. reading time\">\n\t<meta name=\"twitter:data1\" content=\"2 minutos\">\n<script type=\"application\/ld+json\" class=\"yoast-schema-graph\">{\"@context\":\"https:\/\/schema.org\",\"@graph\":[{\"@type\":\"WebSite\",\"@id\":\"https:\/\/www.polisrecreio.com.br\/site\/#website\",\"url\":\"https:\/\/www.polisrecreio.com.br\/site\/\",\"name\":\"P\\u00f3lis Recreio\",\"description\":\"\",\"potentialAction\":[{\"@type\":\"SearchAction\",\"target\":\"https:\/\/www.polisrecreio.com.br\/site\/?s={search_term_string}\",\"query-input\":\"required name=search_term_string\"}],\"inLanguage\":\"pt-BR\"},{\"@type\":\"ImageObject\",\"@id\":\"https:\/\/www.polisrecreio.com.br\/site\/2019\/02\/20\/em-recreio-tabela-da-fase-municipal-do-jemg-esta-definida\/#primaryimage\",\"inLanguage\":\"pt-BR\",\"url\":\"https:\/\/www.polisrecreio.com.br\/site\/wp-content\/uploads\/2019\/02\/111.jpg\",\"width\":750,\"height\":438},{\"@type\":\"WebPage\",\"@id\":\"https:\/\/www.polisrecreio.com.br\/site\/2019\/02\/20\/em-recreio-tabela-da-fase-municipal-do-jemg-esta-definida\/#webpage\",\"url\":\"https:\/\/www.polisrecreio.com.br\/site\/2019\/02\/20\/em-recreio-tabela-da-fase-municipal-do-jemg-esta-definida\/\",\"name\":\"Em Recreio, tabela da fase municipal do JEMG est\\u00e1 definida - P\\u00f3lis Recreio\",\"isPartOf\":{\"@id\":\"https:\/\/www.polisrecreio.com.br\/site\/#website\"},\"primaryImageOfPage\":{\"@id\":\"https:\/\/www.polisrecreio.com.br\/site\/2019\/02\/20\/em-recreio-tabela-da-fase-municipal-do-jemg-esta-definida\/#primaryimage\"},\"datePublished\":\"2019-02-20T18:11:31+00:00\",\"dateModified\":\"2019-02-20T19:16:53+00:00\",\"author\":{\"@id\":\"https:\/\/www.polisrecreio.com.br\/site\/#\/schema\/person\/3363c1c78e1e28e1329d97adb387638e\"},\"inLanguage\":\"pt-BR\",\"potentialAction\":[{\"@type\":\"ReadAction\",\"target\":[\"https:\/\/www.polisrecreio.com.br\/site\/2019\/02\/20\/em-recreio-tabela-da-fase-municipal-do-jemg-esta-definida\/\"]}]},{\"@type\":\"Person\",\"@id\":\"https:\/\/www.polisrecreio.com.br\/site\/#\/schema\/person\/3363c1c78e1e28e1329d97adb387638e\",\"name\":\"Leonardo Ribeiro\",\"image\":{\"@type\":\"ImageObject\",\"@id\":\"https:\/\/www.polisrecreio.com.br\/site\/#personlogo\",\"inLanguage\":\"pt-BR\",\"url\":\"https:\/\/secure.gravatar.com\/avatar\/6ba92a37d621e1a83e23710251178a12?s=96&d=mm&r=g\",\"caption\":\"Leonardo Ribeiro\"},\"sameAs\":[\"http:\/\/www.polisrecreio.com.br\"]}]}<\/script>\n<!-- \/ Yoast SEO plugin. -->","_links":{"self":[{"href":"https:\/\/www.polisrecreio.com.br\/site\/wp-json\/wp\/v2\/posts\/13061"}],"collection":[{"href":"https:\/\/www.polisrecreio.com.br\/site\/wp-json\/wp\/v2\/posts"}],"about":[{"href":"https:\/\/www.polisrecreio.com.br\/site\/wp-json\/wp\/v2\/types\/post"}],"author":[{"embeddable":true,"href":"https:\/\/www.polisrecreio.com.br\/site\/wp-json\/wp\/v2\/users\/3"}],"replies":[{"embeddable":true,"href":"https:\/\/www.polisrecreio.com.br\/site\/wp-json\/wp\/v2\/comments?post=13061"}],"version-history":[{"count":3,"href":"https:\/\/www.polisrecreio.com.br\/site\/wp-json\/wp\/v2\/posts\/13061\/revisions"}],"predecessor-version":[{"id":13064,"href":"https:\/\/www.polisrecreio.com.br\/site\/wp-json\/wp\/v2\/posts\/13061\/revisions\/13064"}],"wp:featuredmedia":[{"embeddable":true,"href":"https:\/\/www.polisrecreio.com.br\/site\/wp-json\/wp\/v2\/media\/12981"}],"wp:attachment":[{"href":"https:\/\/www.polisrecreio.com.br\/site\/wp-json\/wp\/v2\/media?parent=13061"}],"wp:term":[{"taxonomy":"category","embeddable":true,"href":"https:\/\/www.polisrecreio.com.br\/site\/wp-json\/wp\/v2\/categories?post=13061"},{"taxonomy":"post_tag","embeddable":true,"href":"https:\/\/www.polisrecreio.com.br\/site\/wp-json\/wp\/v2\/tags?post=13061"}],"curies":[{"name":"wp","href":"https:\/\/api.w.org\/{rel}","templated":true}]}}