{"id":13065,"date":"2019-02-20T20:27:19","date_gmt":"2019-02-20T23:27:19","guid":{"rendered":"http:\/\/www.polisrecreio.com.br\/site\/?p=13065"},"modified":"2019-02-20T20:29:00","modified_gmt":"2019-02-20T23:29:00","slug":"vigilancia-epidemiologica-de-recreio-registra-casos-suspeitos-de-dengue-no-canto-da-fabrica","status":"publish","type":"post","link":"https:\/\/www.polisrecreio.com.br\/site\/2019\/02\/20\/vigilancia-epidemiologica-de-recreio-registra-casos-suspeitos-de-dengue-no-canto-da-fabrica\/","title":{"rendered":"Vigil\u00e2ncia Epidemiol\u00f3gica de Recreio registra casos suspeitos de dengue no Canto da F\u00e1brica"},"content":{"rendered":"<p style=\"text-align: justify;\">A Vigil\u00e2ncia Epidemiol\u00f3gica Municipal de Recreio anunciou na \u00faltima ter\u00e7a-feira (19) o registro de 3 casos suspeitos de dengue no bairro do Canto da F\u00e1brica.<\/p>\n<p><!--more--><\/p>\n<p><a href=\"http:\/\/www.polisrecreio.com.br\/site\/wp-content\/uploads\/2019\/02\/new-way-to-prevent-dengue-fever-found.jpg\"><img loading=\"lazy\" class=\"aligncenter size-full wp-image-13068\" src=\"http:\/\/www.polisrecreio.com.br\/site\/wp-content\/uploads\/2019\/02\/new-way-to-prevent-dengue-fever-found.jpg\" alt=\"\" width=\"750\" height=\"500\" srcset=\"https:\/\/www.polisrecreio.com.br\/site\/wp-content\/uploads\/2019\/02\/new-way-to-prevent-dengue-fever-found.jpg 750w, https:\/\/www.polisrecreio.com.br\/site\/wp-content\/uploads\/2019\/02\/new-way-to-prevent-dengue-fever-found-300x200.jpg 300w\" sizes=\"(max-width: 750px) 100vw, 750px\" \/><\/a><\/p>\n<p style=\"text-align: justify;\">Segundo informa\u00e7\u00f5es, destas notifica\u00e7\u00f5es 1 caso foi descartado para a doen\u00e7a e os outros est\u00e3o em an\u00e1lise por meio de sorologia \u2013 exame utilizado para determinar se uma pessoa foi infectada com o v\u00edrus.<\/p>\n<p style=\"text-align: justify;\">\u201cA equipe de agentes (foto abaixo) est\u00e1 mobilizada, trabalhando na preven\u00e7\u00e3o, combate e bloqueio aos focos de forma intensificada no bairro. Por\u00e9m, os moradores devem colaborar, deixando os agentes entrarem em suas resid\u00eancias e que cada morador fa\u00e7a a sua parte com limpeza de quintais, terrenos e elimina\u00e7\u00e3o de materiais que possam acumular \u00e1gua\u201d, informou Leandra Rosa, refer\u00eancia t\u00e9cnica da Epidemiologia de Recreio.<\/p>\n<p><a href=\"http:\/\/www.polisrecreio.com.br\/site\/wp-content\/uploads\/2019\/02\/51895308_761124447590595_4052987442678988800_n.jpg\"><img loading=\"lazy\" class=\"aligncenter size-full wp-image-13067\" src=\"http:\/\/www.polisrecreio.com.br\/site\/wp-content\/uploads\/2019\/02\/51895308_761124447590595_4052987442678988800_n.jpg\" alt=\"\" width=\"675\" height=\"499\" srcset=\"https:\/\/www.polisrecreio.com.br\/site\/wp-content\/uploads\/2019\/02\/51895308_761124447590595_4052987442678988800_n.jpg 675w, https:\/\/www.polisrecreio.com.br\/site\/wp-content\/uploads\/2019\/02\/51895308_761124447590595_4052987442678988800_n-300x222.jpg 300w\" sizes=\"(max-width: 675px) 100vw, 675px\" \/><\/a><\/p>\n","protected":false},"excerpt":{"rendered":"<p>A Vigil\u00e2ncia Epidemiol\u00f3gica Municipal de Recreio anunciou na \u00faltima ter\u00e7a-feira (19) o registro de 3 casos suspeitos de dengue no bairro do Canto da F\u00e1brica.<\/p>\n","protected":false},"author":3,"featured_media":13068,"comment_status":"open","ping_status":"open","sticky":false,"template":"","format":"standard","meta":[],"categories":[7],"tags":[],"yoast_head":"<!-- This site is optimized with the Yoast SEO plugin v15.6.2 - https:\/\/yoast.com\/wordpress\/plugins\/seo\/ -->\n<meta name=\"robots\" content=\"index, follow, max-snippet:-1, max-image-preview:large, max-video-preview:-1\" \/>\n<link rel=\"canonical\" href=\"https:\/\/www.polisrecreio.com.br\/site\/2019\/02\/20\/vigilancia-epidemiologica-de-recreio-registra-casos-suspeitos-de-dengue-no-canto-da-fabrica\/\" \/>\n<meta property=\"og:locale\" content=\"pt_BR\" \/>\n<meta property=\"og:type\" content=\"article\" \/>\n<meta property=\"og:title\" content=\"Vigil\u00e2ncia Epidemiol\u00f3gica de Recreio registra casos suspeitos de dengue no Canto da F\u00e1brica - P\u00f3lis Recreio\" \/>\n<meta property=\"og:description\" content=\"A Vigil\u00e2ncia Epidemiol\u00f3gica Municipal de Recreio anunciou na \u00faltima ter\u00e7a-feira (19) o registro de 3 casos suspeitos de dengue no bairro do Canto da F\u00e1brica.\" \/>\n<meta property=\"og:url\" content=\"https:\/\/www.polisrecreio.com.br\/site\/2019\/02\/20\/vigilancia-epidemiologica-de-recreio-registra-casos-suspeitos-de-dengue-no-canto-da-fabrica\/\" \/>\n<meta property=\"og:site_name\" content=\"P\u00f3lis Recreio\" \/>\n<meta property=\"article:publisher\" content=\"https:\/\/www.facebook.com\/Site-P%c3%b3lis-Recreio-MG-181941708571019\/\" \/>\n<meta property=\"article:published_time\" content=\"2019-02-20T23:27:19+00:00\" \/>\n<meta property=\"article:modified_time\" content=\"2019-02-20T23:29:00+00:00\" \/>\n<meta property=\"og:image\" content=\"https:\/\/www.polisrecreio.com.br\/site\/wp-content\/uploads\/2019\/02\/new-way-to-prevent-dengue-fever-found.jpg\" \/>\n\t<meta property=\"og:image:width\" content=\"750\" \/>\n\t<meta property=\"og:image:height\" content=\"500\" \/>\n<meta name=\"twitter:card\" content=\"summary_large_image\" \/>\n<meta name=\"twitter:creator\" content=\"@PolisRecreio\" \/>\n<meta name=\"twitter:site\" content=\"@PolisRecreio\" \/>\n<meta name=\"twitter:label1\" content=\"Est. reading time\">\n\t<meta name=\"twitter:data1\" content=\"1 minuto\">\n<script type=\"application\/ld+json\" class=\"yoast-schema-graph\">{\"@context\":\"https:\/\/schema.org\",\"@graph\":[{\"@type\":\"WebSite\",\"@id\":\"https:\/\/www.polisrecreio.com.br\/site\/#website\",\"url\":\"https:\/\/www.polisrecreio.com.br\/site\/\",\"name\":\"P\\u00f3lis Recreio\",\"description\":\"\",\"potentialAction\":[{\"@type\":\"SearchAction\",\"target\":\"https:\/\/www.polisrecreio.com.br\/site\/?s={search_term_string}\",\"query-input\":\"required name=search_term_string\"}],\"inLanguage\":\"pt-BR\"},{\"@type\":\"ImageObject\",\"@id\":\"https:\/\/www.polisrecreio.com.br\/site\/2019\/02\/20\/vigilancia-epidemiologica-de-recreio-registra-casos-suspeitos-de-dengue-no-canto-da-fabrica\/#primaryimage\",\"inLanguage\":\"pt-BR\",\"url\":\"https:\/\/www.polisrecreio.com.br\/site\/wp-content\/uploads\/2019\/02\/new-way-to-prevent-dengue-fever-found.jpg\",\"width\":750,\"height\":500},{\"@type\":\"WebPage\",\"@id\":\"https:\/\/www.polisrecreio.com.br\/site\/2019\/02\/20\/vigilancia-epidemiologica-de-recreio-registra-casos-suspeitos-de-dengue-no-canto-da-fabrica\/#webpage\",\"url\":\"https:\/\/www.polisrecreio.com.br\/site\/2019\/02\/20\/vigilancia-epidemiologica-de-recreio-registra-casos-suspeitos-de-dengue-no-canto-da-fabrica\/\",\"name\":\"Vigil\\u00e2ncia Epidemiol\\u00f3gica de Recreio registra casos suspeitos de dengue no Canto da F\\u00e1brica - P\\u00f3lis Recreio\",\"isPartOf\":{\"@id\":\"https:\/\/www.polisrecreio.com.br\/site\/#website\"},\"primaryImageOfPage\":{\"@id\":\"https:\/\/www.polisrecreio.com.br\/site\/2019\/02\/20\/vigilancia-epidemiologica-de-recreio-registra-casos-suspeitos-de-dengue-no-canto-da-fabrica\/#primaryimage\"},\"datePublished\":\"2019-02-20T23:27:19+00:00\",\"dateModified\":\"2019-02-20T23:29:00+00:00\",\"author\":{\"@id\":\"https:\/\/www.polisrecreio.com.br\/site\/#\/schema\/person\/3363c1c78e1e28e1329d97adb387638e\"},\"inLanguage\":\"pt-BR\",\"potentialAction\":[{\"@type\":\"ReadAction\",\"target\":[\"https:\/\/www.polisrecreio.com.br\/site\/2019\/02\/20\/vigilancia-epidemiologica-de-recreio-registra-casos-suspeitos-de-dengue-no-canto-da-fabrica\/\"]}]},{\"@type\":\"Person\",\"@id\":\"https:\/\/www.polisrecreio.com.br\/site\/#\/schema\/person\/3363c1c78e1e28e1329d97adb387638e\",\"name\":\"Leonardo Ribeiro\",\"image\":{\"@type\":\"ImageObject\",\"@id\":\"https:\/\/www.polisrecreio.com.br\/site\/#personlogo\",\"inLanguage\":\"pt-BR\",\"url\":\"https:\/\/secure.gravatar.com\/avatar\/6ba92a37d621e1a83e23710251178a12?s=96&d=mm&r=g\",\"caption\":\"Leonardo Ribeiro\"},\"sameAs\":[\"http:\/\/www.polisrecreio.com.br\"]}]}<\/script>\n<!-- \/ Yoast SEO plugin. -->","_links":{"self":[{"href":"https:\/\/www.polisrecreio.com.br\/site\/wp-json\/wp\/v2\/posts\/13065"}],"collection":[{"href":"https:\/\/www.polisrecreio.com.br\/site\/wp-json\/wp\/v2\/posts"}],"about":[{"href":"https:\/\/www.polisrecreio.com.br\/site\/wp-json\/wp\/v2\/types\/post"}],"author":[{"embeddable":true,"href":"https:\/\/www.polisrecreio.com.br\/site\/wp-json\/wp\/v2\/users\/3"}],"replies":[{"embeddable":true,"href":"https:\/\/www.polisrecreio.com.br\/site\/wp-json\/wp\/v2\/comments?post=13065"}],"version-history":[{"count":2,"href":"https:\/\/www.polisrecreio.com.br\/site\/wp-json\/wp\/v2\/posts\/13065\/revisions"}],"predecessor-version":[{"id":13070,"href":"https:\/\/www.polisrecreio.com.br\/site\/wp-json\/wp\/v2\/posts\/13065\/revisions\/13070"}],"wp:featuredmedia":[{"embeddable":true,"href":"https:\/\/www.polisrecreio.com.br\/site\/wp-json\/wp\/v2\/media\/13068"}],"wp:attachment":[{"href":"https:\/\/www.polisrecreio.com.br\/site\/wp-json\/wp\/v2\/media?parent=13065"}],"wp:term":[{"taxonomy":"category","embeddable":true,"href":"https:\/\/www.polisrecreio.com.br\/site\/wp-json\/wp\/v2\/categories?post=13065"},{"taxonomy":"post_tag","embeddable":true,"href":"https:\/\/www.polisrecreio.com.br\/site\/wp-json\/wp\/v2\/tags?post=13065"}],"curies":[{"name":"wp","href":"https:\/\/api.w.org\/{rel}","templated":true}]}}