{"id":13071,"date":"2019-02-21T07:44:27","date_gmt":"2019-02-21T10:44:27","guid":{"rendered":"http:\/\/www.polisrecreio.com.br\/site\/?p=13071"},"modified":"2019-02-21T07:44:27","modified_gmt":"2019-02-21T10:44:27","slug":"ensaios-do-mineiro-pau-para-o-carnaval-2019-comecam-nesta-quinta-feira-21","status":"publish","type":"post","link":"https:\/\/www.polisrecreio.com.br\/site\/2019\/02\/21\/ensaios-do-mineiro-pau-para-o-carnaval-2019-comecam-nesta-quinta-feira-21\/","title":{"rendered":"Ensaios do Mineiro-Pau para o Carnaval 2019 come\u00e7am nesta quinta-feira (21)"},"content":{"rendered":"<p style=\"text-align: justify;\">Os ensaios de uma das grandes manifesta\u00e7\u00f5es culturais de Recreio, o Mineiro-Pau, come\u00e7am nesta quinta-feira (21), a partir das 19:30h, no bairro do Alto do Asilo. O grupo se apresenta na segunda-feira do Carnaval de Recreio, dia 4.<\/p>\n<p><!--more--><\/p>\n<p><a href=\"http:\/\/www.polisrecreio.com.br\/site\/wp-content\/uploads\/2019\/02\/DSC_0376.jpg\"><img loading=\"lazy\" class=\"aligncenter size-full wp-image-13072\" src=\"http:\/\/www.polisrecreio.com.br\/site\/wp-content\/uploads\/2019\/02\/DSC_0376.jpg\" alt=\"\" width=\"750\" height=\"500\" srcset=\"https:\/\/www.polisrecreio.com.br\/site\/wp-content\/uploads\/2019\/02\/DSC_0376.jpg 750w, https:\/\/www.polisrecreio.com.br\/site\/wp-content\/uploads\/2019\/02\/DSC_0376-300x200.jpg 300w\" sizes=\"(max-width: 750px) 100vw, 750px\" \/><\/a><\/p>\n<p style=\"text-align: justify;\">Confira o cronograma dos ensaios:<\/p>\n<ul>\n<li style=\"text-align: justify;\">21\/02 \u2013 quinta-feira \u2013 19:30h: bairro Alto do Asilo;<\/li>\n<li style=\"text-align: justify;\">22\/02 \u2013 sexta-feira \u2013 19:30h: bairro Alto do Asilo;<\/li>\n<li style=\"text-align: justify;\">28\/02 \u2013 quinta-feira \u2013 19:30h: Pra\u00e7a dos Ferrovi\u00e1rios (Centro).<\/li>\n<\/ul>\n<p style=\"text-align: justify;\">Segundo o mestre Toninho, este ano o grupo estar\u00e1 com novas vestimentas, diferentes coreografias e outras novidades.<\/p>\n","protected":false},"excerpt":{"rendered":"<p>Os ensaios de uma das grandes manifesta\u00e7\u00f5es culturais de Recreio, o Mineiro-Pau, come\u00e7am nesta quinta-feira (21), a partir das 19:30h, no bairro do Alto do Asilo. O grupo se apresenta na segunda-feira do Carnaval de Recreio, dia 4.<\/p>\n","protected":false},"author":3,"featured_media":13072,"comment_status":"open","ping_status":"open","sticky":false,"template":"","format":"standard","meta":[],"categories":[2],"tags":[],"yoast_head":"<!-- This site is optimized with the Yoast SEO plugin v15.6.2 - https:\/\/yoast.com\/wordpress\/plugins\/seo\/ -->\n<meta name=\"robots\" content=\"index, follow, max-snippet:-1, max-image-preview:large, max-video-preview:-1\" \/>\n<link rel=\"canonical\" href=\"https:\/\/www.polisrecreio.com.br\/site\/2019\/02\/21\/ensaios-do-mineiro-pau-para-o-carnaval-2019-comecam-nesta-quinta-feira-21\/\" \/>\n<meta property=\"og:locale\" content=\"pt_BR\" \/>\n<meta property=\"og:type\" content=\"article\" \/>\n<meta property=\"og:title\" content=\"Ensaios do Mineiro-Pau para o Carnaval 2019 come\u00e7am nesta quinta-feira (21) - P\u00f3lis Recreio\" \/>\n<meta property=\"og:description\" content=\"Os ensaios de uma das grandes manifesta\u00e7\u00f5es culturais de Recreio, o Mineiro-Pau, come\u00e7am nesta quinta-feira (21), a partir das 19:30h, no bairro do Alto do Asilo. O grupo se apresenta na segunda-feira do Carnaval de Recreio, dia 4.\" \/>\n<meta property=\"og:url\" content=\"https:\/\/www.polisrecreio.com.br\/site\/2019\/02\/21\/ensaios-do-mineiro-pau-para-o-carnaval-2019-comecam-nesta-quinta-feira-21\/\" \/>\n<meta property=\"og:site_name\" content=\"P\u00f3lis Recreio\" \/>\n<meta property=\"article:publisher\" content=\"https:\/\/www.facebook.com\/Site-P%c3%b3lis-Recreio-MG-181941708571019\/\" \/>\n<meta property=\"article:published_time\" content=\"2019-02-21T10:44:27+00:00\" \/>\n<meta property=\"og:image\" content=\"https:\/\/www.polisrecreio.com.br\/site\/wp-content\/uploads\/2019\/02\/DSC_0376.jpg\" \/>\n\t<meta property=\"og:image:width\" content=\"750\" \/>\n\t<meta property=\"og:image:height\" content=\"500\" \/>\n<meta name=\"twitter:card\" content=\"summary_large_image\" \/>\n<meta name=\"twitter:creator\" content=\"@PolisRecreio\" \/>\n<meta name=\"twitter:site\" content=\"@PolisRecreio\" \/>\n<script type=\"application\/ld+json\" class=\"yoast-schema-graph\">{\"@context\":\"https:\/\/schema.org\",\"@graph\":[{\"@type\":\"WebSite\",\"@id\":\"https:\/\/www.polisrecreio.com.br\/site\/#website\",\"url\":\"https:\/\/www.polisrecreio.com.br\/site\/\",\"name\":\"P\\u00f3lis Recreio\",\"description\":\"\",\"potentialAction\":[{\"@type\":\"SearchAction\",\"target\":\"https:\/\/www.polisrecreio.com.br\/site\/?s={search_term_string}\",\"query-input\":\"required name=search_term_string\"}],\"inLanguage\":\"pt-BR\"},{\"@type\":\"ImageObject\",\"@id\":\"https:\/\/www.polisrecreio.com.br\/site\/2019\/02\/21\/ensaios-do-mineiro-pau-para-o-carnaval-2019-comecam-nesta-quinta-feira-21\/#primaryimage\",\"inLanguage\":\"pt-BR\",\"url\":\"https:\/\/www.polisrecreio.com.br\/site\/wp-content\/uploads\/2019\/02\/DSC_0376.jpg\",\"width\":750,\"height\":500},{\"@type\":\"WebPage\",\"@id\":\"https:\/\/www.polisrecreio.com.br\/site\/2019\/02\/21\/ensaios-do-mineiro-pau-para-o-carnaval-2019-comecam-nesta-quinta-feira-21\/#webpage\",\"url\":\"https:\/\/www.polisrecreio.com.br\/site\/2019\/02\/21\/ensaios-do-mineiro-pau-para-o-carnaval-2019-comecam-nesta-quinta-feira-21\/\",\"name\":\"Ensaios do Mineiro-Pau para o Carnaval 2019 come\\u00e7am nesta quinta-feira (21) - P\\u00f3lis Recreio\",\"isPartOf\":{\"@id\":\"https:\/\/www.polisrecreio.com.br\/site\/#website\"},\"primaryImageOfPage\":{\"@id\":\"https:\/\/www.polisrecreio.com.br\/site\/2019\/02\/21\/ensaios-do-mineiro-pau-para-o-carnaval-2019-comecam-nesta-quinta-feira-21\/#primaryimage\"},\"datePublished\":\"2019-02-21T10:44:27+00:00\",\"dateModified\":\"2019-02-21T10:44:27+00:00\",\"author\":{\"@id\":\"https:\/\/www.polisrecreio.com.br\/site\/#\/schema\/person\/3363c1c78e1e28e1329d97adb387638e\"},\"inLanguage\":\"pt-BR\",\"potentialAction\":[{\"@type\":\"ReadAction\",\"target\":[\"https:\/\/www.polisrecreio.com.br\/site\/2019\/02\/21\/ensaios-do-mineiro-pau-para-o-carnaval-2019-comecam-nesta-quinta-feira-21\/\"]}]},{\"@type\":\"Person\",\"@id\":\"https:\/\/www.polisrecreio.com.br\/site\/#\/schema\/person\/3363c1c78e1e28e1329d97adb387638e\",\"name\":\"Leonardo Ribeiro\",\"image\":{\"@type\":\"ImageObject\",\"@id\":\"https:\/\/www.polisrecreio.com.br\/site\/#personlogo\",\"inLanguage\":\"pt-BR\",\"url\":\"https:\/\/secure.gravatar.com\/avatar\/6ba92a37d621e1a83e23710251178a12?s=96&d=mm&r=g\",\"caption\":\"Leonardo Ribeiro\"},\"sameAs\":[\"http:\/\/www.polisrecreio.com.br\"]}]}<\/script>\n<!-- \/ Yoast SEO plugin. -->","_links":{"self":[{"href":"https:\/\/www.polisrecreio.com.br\/site\/wp-json\/wp\/v2\/posts\/13071"}],"collection":[{"href":"https:\/\/www.polisrecreio.com.br\/site\/wp-json\/wp\/v2\/posts"}],"about":[{"href":"https:\/\/www.polisrecreio.com.br\/site\/wp-json\/wp\/v2\/types\/post"}],"author":[{"embeddable":true,"href":"https:\/\/www.polisrecreio.com.br\/site\/wp-json\/wp\/v2\/users\/3"}],"replies":[{"embeddable":true,"href":"https:\/\/www.polisrecreio.com.br\/site\/wp-json\/wp\/v2\/comments?post=13071"}],"version-history":[{"count":1,"href":"https:\/\/www.polisrecreio.com.br\/site\/wp-json\/wp\/v2\/posts\/13071\/revisions"}],"predecessor-version":[{"id":13073,"href":"https:\/\/www.polisrecreio.com.br\/site\/wp-json\/wp\/v2\/posts\/13071\/revisions\/13073"}],"wp:featuredmedia":[{"embeddable":true,"href":"https:\/\/www.polisrecreio.com.br\/site\/wp-json\/wp\/v2\/media\/13072"}],"wp:attachment":[{"href":"https:\/\/www.polisrecreio.com.br\/site\/wp-json\/wp\/v2\/media?parent=13071"}],"wp:term":[{"taxonomy":"category","embeddable":true,"href":"https:\/\/www.polisrecreio.com.br\/site\/wp-json\/wp\/v2\/categories?post=13071"},{"taxonomy":"post_tag","embeddable":true,"href":"https:\/\/www.polisrecreio.com.br\/site\/wp-json\/wp\/v2\/tags?post=13071"}],"curies":[{"name":"wp","href":"https:\/\/api.w.org\/{rel}","templated":true}]}}