{"id":13083,"date":"2019-02-22T08:24:22","date_gmt":"2019-02-22T11:24:22","guid":{"rendered":"http:\/\/www.polisrecreio.com.br\/site\/?p=13083"},"modified":"2019-02-22T08:24:22","modified_gmt":"2019-02-22T11:24:22","slug":"campeonato-rural-no-campo-do-recreio-tem-jogos-neste-sabado-23-e-domingo-24","status":"publish","type":"post","link":"https:\/\/www.polisrecreio.com.br\/site\/2019\/02\/22\/campeonato-rural-no-campo-do-recreio-tem-jogos-neste-sabado-23-e-domingo-24\/","title":{"rendered":"Campeonato Rural no campo do Recreio tem jogos neste s\u00e1bado (23) e domingo (24)"},"content":{"rendered":"<p style=\"text-align: justify;\">O Campeonato Rural 2019, organizado pela dire\u00e7\u00e3o do Recreio E.C, tem jogos neste s\u00e1bado (23) e domingo (24), no Est\u00e1dio Euvaldo Lodi \u2013 campo do Recreio. As rodadas come\u00e7am \u00e0s 14h.<\/p>\n<p><!--more--><\/p>\n<figure id=\"attachment_12590\" aria-describedby=\"caption-attachment-12590\" style=\"width: 750px\" class=\"wp-caption aligncenter\"><a href=\"http:\/\/www.polisrecreio.com.br\/site\/wp-content\/uploads\/2019\/01\/32.jpg\"><img loading=\"lazy\" class=\"size-full wp-image-12590\" src=\"http:\/\/www.polisrecreio.com.br\/site\/wp-content\/uploads\/2019\/01\/32.jpg\" alt=\"\" width=\"750\" height=\"495\" srcset=\"https:\/\/www.polisrecreio.com.br\/site\/wp-content\/uploads\/2019\/01\/32.jpg 750w, https:\/\/www.polisrecreio.com.br\/site\/wp-content\/uploads\/2019\/01\/32-300x198.jpg 300w\" sizes=\"(max-width: 750px) 100vw, 750px\" \/><\/a><figcaption id=\"caption-attachment-12590\" class=\"wp-caption-text\">Est\u00e1dio Euvaldo Lodi.<\/figcaption><\/figure>\n<p style=\"text-align: justify;\">A rodada do grupo A, entre Concei\u00e7\u00e3o X Cambalacho, no primeiro e segundo quadro, acontece no s\u00e1bado. Estes jogos estavam marcados para o domingo da semana passada, entretanto, por causa das chuvas a rodada foi suspensa.<\/p>\n<p style=\"text-align: justify;\">No domingo entram em campo os dois times de Leopoldina que est\u00e3o no grupo B: Provid\u00eancia X Divanis. Os jogos ser\u00e3o no segundo quadro, veterano e primeiro quadro.<\/p>\n","protected":false},"excerpt":{"rendered":"<p>O Campeonato Rural 2019, organizado pela dire\u00e7\u00e3o do Recreio E.C, tem jogos neste s\u00e1bado (23) e domingo (24), no Est\u00e1dio Euvaldo Lodi \u2013 campo do Recreio. As rodadas come\u00e7am \u00e0s 14h.<\/p>\n","protected":false},"author":3,"featured_media":12654,"comment_status":"open","ping_status":"open","sticky":false,"template":"","format":"standard","meta":[],"categories":[4],"tags":[],"yoast_head":"<!-- This site is optimized with the Yoast SEO plugin v15.6.2 - https:\/\/yoast.com\/wordpress\/plugins\/seo\/ -->\n<meta name=\"robots\" content=\"index, follow, max-snippet:-1, max-image-preview:large, max-video-preview:-1\" \/>\n<link rel=\"canonical\" href=\"http:\/\/www.polisrecreio.com.br\/site\/2019\/02\/22\/campeonato-rural-no-campo-do-recreio-tem-jogos-neste-sabado-23-e-domingo-24\/\" \/>\n<meta property=\"og:locale\" content=\"pt_BR\" \/>\n<meta property=\"og:type\" content=\"article\" \/>\n<meta property=\"og:title\" content=\"Campeonato Rural no campo do Recreio tem jogos neste s\u00e1bado (23) e domingo (24) - P\u00f3lis Recreio\" \/>\n<meta property=\"og:description\" content=\"O Campeonato Rural 2019, organizado pela dire\u00e7\u00e3o do Recreio E.C, tem jogos neste s\u00e1bado (23) e domingo (24), no Est\u00e1dio Euvaldo Lodi \u2013 campo do Recreio. As rodadas come\u00e7am \u00e0s 14h.\" \/>\n<meta property=\"og:url\" content=\"http:\/\/www.polisrecreio.com.br\/site\/2019\/02\/22\/campeonato-rural-no-campo-do-recreio-tem-jogos-neste-sabado-23-e-domingo-24\/\" \/>\n<meta property=\"og:site_name\" content=\"P\u00f3lis Recreio\" \/>\n<meta property=\"article:publisher\" content=\"https:\/\/www.facebook.com\/Site-P%c3%b3lis-Recreio-MG-181941708571019\/\" \/>\n<meta property=\"article:published_time\" content=\"2019-02-22T11:24:22+00:00\" \/>\n<meta property=\"og:image\" content=\"https:\/\/www.polisrecreio.com.br\/site\/wp-content\/uploads\/2019\/01\/23.jpg\" \/>\n\t<meta property=\"og:image:width\" content=\"750\" \/>\n\t<meta property=\"og:image:height\" content=\"446\" \/>\n<meta name=\"twitter:card\" content=\"summary_large_image\" \/>\n<meta name=\"twitter:creator\" content=\"@PolisRecreio\" \/>\n<meta name=\"twitter:site\" content=\"@PolisRecreio\" \/>\n<meta name=\"twitter:label1\" content=\"Est. reading time\">\n\t<meta name=\"twitter:data1\" content=\"1 minuto\">\n<script type=\"application\/ld+json\" class=\"yoast-schema-graph\">{\"@context\":\"https:\/\/schema.org\",\"@graph\":[{\"@type\":\"WebSite\",\"@id\":\"https:\/\/www.polisrecreio.com.br\/site\/#website\",\"url\":\"https:\/\/www.polisrecreio.com.br\/site\/\",\"name\":\"P\\u00f3lis Recreio\",\"description\":\"\",\"potentialAction\":[{\"@type\":\"SearchAction\",\"target\":\"https:\/\/www.polisrecreio.com.br\/site\/?s={search_term_string}\",\"query-input\":\"required name=search_term_string\"}],\"inLanguage\":\"pt-BR\"},{\"@type\":\"ImageObject\",\"@id\":\"http:\/\/www.polisrecreio.com.br\/site\/2019\/02\/22\/campeonato-rural-no-campo-do-recreio-tem-jogos-neste-sabado-23-e-domingo-24\/#primaryimage\",\"inLanguage\":\"pt-BR\",\"url\":\"https:\/\/www.polisrecreio.com.br\/site\/wp-content\/uploads\/2019\/01\/23.jpg\",\"width\":750,\"height\":446},{\"@type\":\"WebPage\",\"@id\":\"http:\/\/www.polisrecreio.com.br\/site\/2019\/02\/22\/campeonato-rural-no-campo-do-recreio-tem-jogos-neste-sabado-23-e-domingo-24\/#webpage\",\"url\":\"http:\/\/www.polisrecreio.com.br\/site\/2019\/02\/22\/campeonato-rural-no-campo-do-recreio-tem-jogos-neste-sabado-23-e-domingo-24\/\",\"name\":\"Campeonato Rural no campo do Recreio tem jogos neste s\\u00e1bado (23) e domingo (24) - P\\u00f3lis Recreio\",\"isPartOf\":{\"@id\":\"https:\/\/www.polisrecreio.com.br\/site\/#website\"},\"primaryImageOfPage\":{\"@id\":\"http:\/\/www.polisrecreio.com.br\/site\/2019\/02\/22\/campeonato-rural-no-campo-do-recreio-tem-jogos-neste-sabado-23-e-domingo-24\/#primaryimage\"},\"datePublished\":\"2019-02-22T11:24:22+00:00\",\"dateModified\":\"2019-02-22T11:24:22+00:00\",\"author\":{\"@id\":\"https:\/\/www.polisrecreio.com.br\/site\/#\/schema\/person\/3363c1c78e1e28e1329d97adb387638e\"},\"inLanguage\":\"pt-BR\",\"potentialAction\":[{\"@type\":\"ReadAction\",\"target\":[\"http:\/\/www.polisrecreio.com.br\/site\/2019\/02\/22\/campeonato-rural-no-campo-do-recreio-tem-jogos-neste-sabado-23-e-domingo-24\/\"]}]},{\"@type\":\"Person\",\"@id\":\"https:\/\/www.polisrecreio.com.br\/site\/#\/schema\/person\/3363c1c78e1e28e1329d97adb387638e\",\"name\":\"Leonardo Ribeiro\",\"image\":{\"@type\":\"ImageObject\",\"@id\":\"https:\/\/www.polisrecreio.com.br\/site\/#personlogo\",\"inLanguage\":\"pt-BR\",\"url\":\"https:\/\/secure.gravatar.com\/avatar\/6ba92a37d621e1a83e23710251178a12?s=96&d=mm&r=g\",\"caption\":\"Leonardo Ribeiro\"},\"sameAs\":[\"http:\/\/www.polisrecreio.com.br\"]}]}<\/script>\n<!-- \/ Yoast SEO plugin. -->","_links":{"self":[{"href":"https:\/\/www.polisrecreio.com.br\/site\/wp-json\/wp\/v2\/posts\/13083"}],"collection":[{"href":"https:\/\/www.polisrecreio.com.br\/site\/wp-json\/wp\/v2\/posts"}],"about":[{"href":"https:\/\/www.polisrecreio.com.br\/site\/wp-json\/wp\/v2\/types\/post"}],"author":[{"embeddable":true,"href":"https:\/\/www.polisrecreio.com.br\/site\/wp-json\/wp\/v2\/users\/3"}],"replies":[{"embeddable":true,"href":"https:\/\/www.polisrecreio.com.br\/site\/wp-json\/wp\/v2\/comments?post=13083"}],"version-history":[{"count":1,"href":"https:\/\/www.polisrecreio.com.br\/site\/wp-json\/wp\/v2\/posts\/13083\/revisions"}],"predecessor-version":[{"id":13084,"href":"https:\/\/www.polisrecreio.com.br\/site\/wp-json\/wp\/v2\/posts\/13083\/revisions\/13084"}],"wp:featuredmedia":[{"embeddable":true,"href":"https:\/\/www.polisrecreio.com.br\/site\/wp-json\/wp\/v2\/media\/12654"}],"wp:attachment":[{"href":"https:\/\/www.polisrecreio.com.br\/site\/wp-json\/wp\/v2\/media?parent=13083"}],"wp:term":[{"taxonomy":"category","embeddable":true,"href":"https:\/\/www.polisrecreio.com.br\/site\/wp-json\/wp\/v2\/categories?post=13083"},{"taxonomy":"post_tag","embeddable":true,"href":"https:\/\/www.polisrecreio.com.br\/site\/wp-json\/wp\/v2\/tags?post=13083"}],"curies":[{"name":"wp","href":"https:\/\/api.w.org\/{rel}","templated":true}]}}