{"id":13085,"date":"2019-02-22T08:58:24","date_gmt":"2019-02-22T11:58:24","guid":{"rendered":"http:\/\/www.polisrecreio.com.br\/site\/?p=13085"},"modified":"2019-02-22T09:00:03","modified_gmt":"2019-02-22T12:00:03","slug":"atleta-recreiense-pedro-machado-do-bem-vence-mais-uma-competicao-internacional-de-jiu-jitsu","status":"publish","type":"post","link":"https:\/\/www.polisrecreio.com.br\/site\/2019\/02\/22\/atleta-recreiense-pedro-machado-do-bem-vence-mais-uma-competicao-internacional-de-jiu-jitsu\/","title":{"rendered":"Atleta recreiense, Pedro Machado do Bem, vence mais uma competi\u00e7\u00e3o internacional de Jiu-Jitsu"},"content":{"rendered":"<p style=\"text-align: justify;\">O atleta recreiense, Pedro Machado do Bem, venceu mais uma competi\u00e7\u00e3o internacional de Jiu-Jitsu. Desta vez, ele foi campe\u00e3o do Sul-Americano Profissional da Confedera\u00e7\u00e3o Brasileira de Lutas Profissionais, disputado em Vit\u00f3ria (ES), no \u00faltimo s\u00e1bado (16).<\/p>\n<p><!--more--><\/p>\n<p><a href=\"http:\/\/www.polisrecreio.com.br\/site\/wp-content\/uploads\/2019\/02\/52333413_1215979038552584_8681035998013947904_n.jpg\"><img loading=\"lazy\" class=\"aligncenter size-full wp-image-13086\" src=\"http:\/\/www.polisrecreio.com.br\/site\/wp-content\/uploads\/2019\/02\/52333413_1215979038552584_8681035998013947904_n.jpg\" alt=\"\" width=\"750\" height=\"527\" srcset=\"https:\/\/www.polisrecreio.com.br\/site\/wp-content\/uploads\/2019\/02\/52333413_1215979038552584_8681035998013947904_n.jpg 750w, https:\/\/www.polisrecreio.com.br\/site\/wp-content\/uploads\/2019\/02\/52333413_1215979038552584_8681035998013947904_n-300x211.jpg 300w\" sizes=\"(max-width: 750px) 100vw, 750px\" \/><\/a><\/p>\n<p style=\"text-align: justify;\">Em dezembro, o Site P\u00f3lis divulgou as conquistas do atleta de 32 anos. Naquele m\u00eas ele havia conquistado o bicampeonato do Belo Horizonte International Open Jiu-Jitsu IBJJF Championship.<\/p>\n<p style=\"text-align: justify;\">Pedro, que atualmente reside em Pedro Leopoldo, na regi\u00e3o metropolitana de Belo Horizonte, treina Jiu-Jitsu h\u00e1 pouco mais de 3 anos. Ele est\u00e1 na faixa roxa. Nascido em Recreio, o atleta \u00e9\u00a0filho de Pedro Carneiro do Bem e Maria Jos\u00e9 Machado do Bem, produtores rurais.<\/p>\n<p><a href=\"http:\/\/www.polisrecreio.com.br\/site\/wp-content\/uploads\/2019\/02\/52474471_1215979088552579_5466915467073421312_n.jpg\"><img loading=\"lazy\" class=\"aligncenter size-full wp-image-13087\" src=\"http:\/\/www.polisrecreio.com.br\/site\/wp-content\/uploads\/2019\/02\/52474471_1215979088552579_5466915467073421312_n.jpg\" alt=\"\" width=\"750\" height=\"594\" srcset=\"https:\/\/www.polisrecreio.com.br\/site\/wp-content\/uploads\/2019\/02\/52474471_1215979088552579_5466915467073421312_n.jpg 750w, https:\/\/www.polisrecreio.com.br\/site\/wp-content\/uploads\/2019\/02\/52474471_1215979088552579_5466915467073421312_n-300x238.jpg 300w\" sizes=\"(max-width: 750px) 100vw, 750px\" \/><\/a><\/p>\n","protected":false},"excerpt":{"rendered":"<p>O atleta recreiense, Pedro Machado do Bem, venceu mais uma competi\u00e7\u00e3o internacional de Jiu-Jitsu. Desta vez, ele foi campe\u00e3o do Sul-Americano Profissional da Confedera\u00e7\u00e3o Brasileira de Lutas Profissionais, disputado em Vit\u00f3ria (ES), no \u00faltimo s\u00e1bado (16).<\/p>\n","protected":false},"author":3,"featured_media":13086,"comment_status":"open","ping_status":"open","sticky":false,"template":"","format":"standard","meta":[],"categories":[4],"tags":[],"yoast_head":"<!-- This site is optimized with the Yoast SEO plugin v15.6.2 - https:\/\/yoast.com\/wordpress\/plugins\/seo\/ -->\n<meta name=\"robots\" content=\"index, follow, max-snippet:-1, max-image-preview:large, max-video-preview:-1\" \/>\n<link rel=\"canonical\" href=\"https:\/\/www.polisrecreio.com.br\/site\/2019\/02\/22\/atleta-recreiense-pedro-machado-do-bem-vence-mais-uma-competicao-internacional-de-jiu-jitsu\/\" \/>\n<meta property=\"og:locale\" content=\"pt_BR\" \/>\n<meta property=\"og:type\" content=\"article\" \/>\n<meta property=\"og:title\" content=\"Atleta recreiense, Pedro Machado do Bem, vence mais uma competi\u00e7\u00e3o internacional de Jiu-Jitsu - P\u00f3lis Recreio\" \/>\n<meta property=\"og:description\" content=\"O atleta recreiense, Pedro Machado do Bem, venceu mais uma competi\u00e7\u00e3o internacional de Jiu-Jitsu. Desta vez, ele foi campe\u00e3o do Sul-Americano Profissional da Confedera\u00e7\u00e3o Brasileira de Lutas Profissionais, disputado em Vit\u00f3ria (ES), no \u00faltimo s\u00e1bado (16).\" \/>\n<meta property=\"og:url\" content=\"https:\/\/www.polisrecreio.com.br\/site\/2019\/02\/22\/atleta-recreiense-pedro-machado-do-bem-vence-mais-uma-competicao-internacional-de-jiu-jitsu\/\" \/>\n<meta property=\"og:site_name\" content=\"P\u00f3lis Recreio\" \/>\n<meta property=\"article:publisher\" content=\"https:\/\/www.facebook.com\/Site-P%c3%b3lis-Recreio-MG-181941708571019\/\" \/>\n<meta property=\"article:published_time\" content=\"2019-02-22T11:58:24+00:00\" \/>\n<meta property=\"article:modified_time\" content=\"2019-02-22T12:00:03+00:00\" \/>\n<meta property=\"og:image\" content=\"https:\/\/www.polisrecreio.com.br\/site\/wp-content\/uploads\/2019\/02\/52333413_1215979038552584_8681035998013947904_n.jpg\" \/>\n\t<meta property=\"og:image:width\" content=\"750\" \/>\n\t<meta property=\"og:image:height\" content=\"527\" \/>\n<meta name=\"twitter:card\" content=\"summary_large_image\" \/>\n<meta name=\"twitter:creator\" content=\"@PolisRecreio\" \/>\n<meta name=\"twitter:site\" content=\"@PolisRecreio\" \/>\n<meta name=\"twitter:label1\" content=\"Est. reading time\">\n\t<meta name=\"twitter:data1\" content=\"1 minuto\">\n<script type=\"application\/ld+json\" class=\"yoast-schema-graph\">{\"@context\":\"https:\/\/schema.org\",\"@graph\":[{\"@type\":\"WebSite\",\"@id\":\"https:\/\/www.polisrecreio.com.br\/site\/#website\",\"url\":\"https:\/\/www.polisrecreio.com.br\/site\/\",\"name\":\"P\\u00f3lis Recreio\",\"description\":\"\",\"potentialAction\":[{\"@type\":\"SearchAction\",\"target\":\"https:\/\/www.polisrecreio.com.br\/site\/?s={search_term_string}\",\"query-input\":\"required name=search_term_string\"}],\"inLanguage\":\"pt-BR\"},{\"@type\":\"ImageObject\",\"@id\":\"https:\/\/www.polisrecreio.com.br\/site\/2019\/02\/22\/atleta-recreiense-pedro-machado-do-bem-vence-mais-uma-competicao-internacional-de-jiu-jitsu\/#primaryimage\",\"inLanguage\":\"pt-BR\",\"url\":\"https:\/\/www.polisrecreio.com.br\/site\/wp-content\/uploads\/2019\/02\/52333413_1215979038552584_8681035998013947904_n.jpg\",\"width\":750,\"height\":527},{\"@type\":\"WebPage\",\"@id\":\"https:\/\/www.polisrecreio.com.br\/site\/2019\/02\/22\/atleta-recreiense-pedro-machado-do-bem-vence-mais-uma-competicao-internacional-de-jiu-jitsu\/#webpage\",\"url\":\"https:\/\/www.polisrecreio.com.br\/site\/2019\/02\/22\/atleta-recreiense-pedro-machado-do-bem-vence-mais-uma-competicao-internacional-de-jiu-jitsu\/\",\"name\":\"Atleta recreiense, Pedro Machado do Bem, vence mais uma competi\\u00e7\\u00e3o internacional de Jiu-Jitsu - P\\u00f3lis Recreio\",\"isPartOf\":{\"@id\":\"https:\/\/www.polisrecreio.com.br\/site\/#website\"},\"primaryImageOfPage\":{\"@id\":\"https:\/\/www.polisrecreio.com.br\/site\/2019\/02\/22\/atleta-recreiense-pedro-machado-do-bem-vence-mais-uma-competicao-internacional-de-jiu-jitsu\/#primaryimage\"},\"datePublished\":\"2019-02-22T11:58:24+00:00\",\"dateModified\":\"2019-02-22T12:00:03+00:00\",\"author\":{\"@id\":\"https:\/\/www.polisrecreio.com.br\/site\/#\/schema\/person\/3363c1c78e1e28e1329d97adb387638e\"},\"inLanguage\":\"pt-BR\",\"potentialAction\":[{\"@type\":\"ReadAction\",\"target\":[\"https:\/\/www.polisrecreio.com.br\/site\/2019\/02\/22\/atleta-recreiense-pedro-machado-do-bem-vence-mais-uma-competicao-internacional-de-jiu-jitsu\/\"]}]},{\"@type\":\"Person\",\"@id\":\"https:\/\/www.polisrecreio.com.br\/site\/#\/schema\/person\/3363c1c78e1e28e1329d97adb387638e\",\"name\":\"Leonardo Ribeiro\",\"image\":{\"@type\":\"ImageObject\",\"@id\":\"https:\/\/www.polisrecreio.com.br\/site\/#personlogo\",\"inLanguage\":\"pt-BR\",\"url\":\"https:\/\/secure.gravatar.com\/avatar\/6ba92a37d621e1a83e23710251178a12?s=96&d=mm&r=g\",\"caption\":\"Leonardo Ribeiro\"},\"sameAs\":[\"http:\/\/www.polisrecreio.com.br\"]}]}<\/script>\n<!-- \/ Yoast SEO plugin. -->","_links":{"self":[{"href":"https:\/\/www.polisrecreio.com.br\/site\/wp-json\/wp\/v2\/posts\/13085"}],"collection":[{"href":"https:\/\/www.polisrecreio.com.br\/site\/wp-json\/wp\/v2\/posts"}],"about":[{"href":"https:\/\/www.polisrecreio.com.br\/site\/wp-json\/wp\/v2\/types\/post"}],"author":[{"embeddable":true,"href":"https:\/\/www.polisrecreio.com.br\/site\/wp-json\/wp\/v2\/users\/3"}],"replies":[{"embeddable":true,"href":"https:\/\/www.polisrecreio.com.br\/site\/wp-json\/wp\/v2\/comments?post=13085"}],"version-history":[{"count":3,"href":"https:\/\/www.polisrecreio.com.br\/site\/wp-json\/wp\/v2\/posts\/13085\/revisions"}],"predecessor-version":[{"id":13090,"href":"https:\/\/www.polisrecreio.com.br\/site\/wp-json\/wp\/v2\/posts\/13085\/revisions\/13090"}],"wp:featuredmedia":[{"embeddable":true,"href":"https:\/\/www.polisrecreio.com.br\/site\/wp-json\/wp\/v2\/media\/13086"}],"wp:attachment":[{"href":"https:\/\/www.polisrecreio.com.br\/site\/wp-json\/wp\/v2\/media?parent=13085"}],"wp:term":[{"taxonomy":"category","embeddable":true,"href":"https:\/\/www.polisrecreio.com.br\/site\/wp-json\/wp\/v2\/categories?post=13085"},{"taxonomy":"post_tag","embeddable":true,"href":"https:\/\/www.polisrecreio.com.br\/site\/wp-json\/wp\/v2\/tags?post=13085"}],"curies":[{"name":"wp","href":"https:\/\/api.w.org\/{rel}","templated":true}]}}