{"id":13094,"date":"2019-02-23T14:50:54","date_gmt":"2019-02-23T17:50:54","guid":{"rendered":"http:\/\/www.polisrecreio.com.br\/site\/?p=13094"},"modified":"2019-02-23T14:50:54","modified_gmt":"2019-02-23T17:50:54","slug":"8a-edicao-do-bloco-do-chiclete-da-pontape-inicial-para-o-carnaval-de-recreio","status":"publish","type":"post","link":"https:\/\/www.polisrecreio.com.br\/site\/2019\/02\/23\/8a-edicao-do-bloco-do-chiclete-da-pontape-inicial-para-o-carnaval-de-recreio\/","title":{"rendered":"8\u00aa edi\u00e7\u00e3o do bloco do Chiclete d\u00e1 \u201cpontap\u00e9\u201d inicial para o Carnaval de Recreio"},"content":{"rendered":"<p style=\"text-align: justify;\">A 8\u00aa edi\u00e7\u00e3o do bloco do Chiclete d\u00e1 o \u201cpontap\u00e9\u201d inicial para o Carnaval de Recreio 2019, neste s\u00e1bado (23), a partir das 18h, no Churrasquinho Du Serj\u00e3o, na Rua Domingues Vieira, no Centro de Recreio.<\/p>\n<p><!--more--><\/p>\n<figure id=\"attachment_13095\" aria-describedby=\"caption-attachment-13095\" style=\"width: 750px\" class=\"wp-caption aligncenter\"><a href=\"http:\/\/www.polisrecreio.com.br\/site\/wp-content\/uploads\/2019\/02\/carnaval-bauru-1240x540.jpg\"><img loading=\"lazy\" class=\"size-full wp-image-13095\" src=\"http:\/\/www.polisrecreio.com.br\/site\/wp-content\/uploads\/2019\/02\/carnaval-bauru-1240x540.jpg\" alt=\"\" width=\"750\" height=\"534\" srcset=\"https:\/\/www.polisrecreio.com.br\/site\/wp-content\/uploads\/2019\/02\/carnaval-bauru-1240x540.jpg 750w, https:\/\/www.polisrecreio.com.br\/site\/wp-content\/uploads\/2019\/02\/carnaval-bauru-1240x540-300x214.jpg 300w\" sizes=\"(max-width: 750px) 100vw, 750px\" \/><\/a><figcaption id=\"caption-attachment-13095\" class=\"wp-caption-text\">Imagem ilustrativa.<\/figcaption><\/figure>\n<p style=\"text-align: justify;\">Na programa\u00e7\u00e3o est\u00e3o Celso Tchakabum, com muita m\u00fasica; banda de marchinhas do mestre Jo\u00e3o de Pirapetinga, com os cl\u00e1ssicos do carnaval; e DJ.<\/p>\n<p style=\"text-align: justify;\">A galera do bloco vai premiar os foli\u00f5es mais bem fantasiados. Os pr\u00eamios s\u00e3o abad\u00e1s dos blocos:\u00a0Iey, Do Bem e Era Sol Que Me Faltava.<\/p>\n","protected":false},"excerpt":{"rendered":"<p>A 8\u00aa edi\u00e7\u00e3o do bloco do Chiclete d\u00e1 o \u201cpontap\u00e9\u201d inicial para o Carnaval de Recreio 2019, neste s\u00e1bado (23), a partir das 18h, no Churrasquinho Du Serj\u00e3o, na Rua Domingues Vieira, no Centro de Recreio.<\/p>\n","protected":false},"author":3,"featured_media":13095,"comment_status":"open","ping_status":"open","sticky":false,"template":"","format":"standard","meta":[],"categories":[2],"tags":[],"yoast_head":"<!-- This site is optimized with the Yoast SEO plugin v15.6.2 - https:\/\/yoast.com\/wordpress\/plugins\/seo\/ -->\n<meta name=\"robots\" content=\"index, follow, max-snippet:-1, max-image-preview:large, max-video-preview:-1\" \/>\n<link rel=\"canonical\" href=\"https:\/\/www.polisrecreio.com.br\/site\/2019\/02\/23\/8a-edicao-do-bloco-do-chiclete-da-pontape-inicial-para-o-carnaval-de-recreio\/\" \/>\n<meta property=\"og:locale\" content=\"pt_BR\" \/>\n<meta property=\"og:type\" content=\"article\" \/>\n<meta property=\"og:title\" content=\"8\u00aa edi\u00e7\u00e3o do bloco do Chiclete d\u00e1 \u201cpontap\u00e9\u201d inicial para o Carnaval de Recreio - P\u00f3lis Recreio\" \/>\n<meta property=\"og:description\" content=\"A 8\u00aa edi\u00e7\u00e3o do bloco do Chiclete d\u00e1 o \u201cpontap\u00e9\u201d inicial para o Carnaval de Recreio 2019, neste s\u00e1bado (23), a partir das 18h, no Churrasquinho Du Serj\u00e3o, na Rua Domingues Vieira, no Centro de Recreio.\" \/>\n<meta property=\"og:url\" content=\"https:\/\/www.polisrecreio.com.br\/site\/2019\/02\/23\/8a-edicao-do-bloco-do-chiclete-da-pontape-inicial-para-o-carnaval-de-recreio\/\" \/>\n<meta property=\"og:site_name\" content=\"P\u00f3lis Recreio\" \/>\n<meta property=\"article:publisher\" content=\"https:\/\/www.facebook.com\/Site-P%c3%b3lis-Recreio-MG-181941708571019\/\" \/>\n<meta property=\"article:published_time\" content=\"2019-02-23T17:50:54+00:00\" \/>\n<meta property=\"og:image\" content=\"https:\/\/www.polisrecreio.com.br\/site\/wp-content\/uploads\/2019\/02\/carnaval-bauru-1240x540.jpg\" \/>\n\t<meta property=\"og:image:width\" content=\"750\" \/>\n\t<meta property=\"og:image:height\" content=\"534\" \/>\n<meta name=\"twitter:card\" content=\"summary_large_image\" \/>\n<meta name=\"twitter:creator\" content=\"@PolisRecreio\" \/>\n<meta name=\"twitter:site\" content=\"@PolisRecreio\" \/>\n<meta name=\"twitter:label1\" content=\"Est. reading time\">\n\t<meta name=\"twitter:data1\" content=\"1 minuto\">\n<script type=\"application\/ld+json\" class=\"yoast-schema-graph\">{\"@context\":\"https:\/\/schema.org\",\"@graph\":[{\"@type\":\"WebSite\",\"@id\":\"https:\/\/www.polisrecreio.com.br\/site\/#website\",\"url\":\"https:\/\/www.polisrecreio.com.br\/site\/\",\"name\":\"P\\u00f3lis Recreio\",\"description\":\"\",\"potentialAction\":[{\"@type\":\"SearchAction\",\"target\":\"https:\/\/www.polisrecreio.com.br\/site\/?s={search_term_string}\",\"query-input\":\"required name=search_term_string\"}],\"inLanguage\":\"pt-BR\"},{\"@type\":\"ImageObject\",\"@id\":\"https:\/\/www.polisrecreio.com.br\/site\/2019\/02\/23\/8a-edicao-do-bloco-do-chiclete-da-pontape-inicial-para-o-carnaval-de-recreio\/#primaryimage\",\"inLanguage\":\"pt-BR\",\"url\":\"https:\/\/www.polisrecreio.com.br\/site\/wp-content\/uploads\/2019\/02\/carnaval-bauru-1240x540.jpg\",\"width\":750,\"height\":534,\"caption\":\"Imagem ilustrativa.\"},{\"@type\":\"WebPage\",\"@id\":\"https:\/\/www.polisrecreio.com.br\/site\/2019\/02\/23\/8a-edicao-do-bloco-do-chiclete-da-pontape-inicial-para-o-carnaval-de-recreio\/#webpage\",\"url\":\"https:\/\/www.polisrecreio.com.br\/site\/2019\/02\/23\/8a-edicao-do-bloco-do-chiclete-da-pontape-inicial-para-o-carnaval-de-recreio\/\",\"name\":\"8\\u00aa edi\\u00e7\\u00e3o do bloco do Chiclete d\\u00e1 \\u201cpontap\\u00e9\\u201d inicial para o Carnaval de Recreio - P\\u00f3lis Recreio\",\"isPartOf\":{\"@id\":\"https:\/\/www.polisrecreio.com.br\/site\/#website\"},\"primaryImageOfPage\":{\"@id\":\"https:\/\/www.polisrecreio.com.br\/site\/2019\/02\/23\/8a-edicao-do-bloco-do-chiclete-da-pontape-inicial-para-o-carnaval-de-recreio\/#primaryimage\"},\"datePublished\":\"2019-02-23T17:50:54+00:00\",\"dateModified\":\"2019-02-23T17:50:54+00:00\",\"author\":{\"@id\":\"https:\/\/www.polisrecreio.com.br\/site\/#\/schema\/person\/3363c1c78e1e28e1329d97adb387638e\"},\"inLanguage\":\"pt-BR\",\"potentialAction\":[{\"@type\":\"ReadAction\",\"target\":[\"https:\/\/www.polisrecreio.com.br\/site\/2019\/02\/23\/8a-edicao-do-bloco-do-chiclete-da-pontape-inicial-para-o-carnaval-de-recreio\/\"]}]},{\"@type\":\"Person\",\"@id\":\"https:\/\/www.polisrecreio.com.br\/site\/#\/schema\/person\/3363c1c78e1e28e1329d97adb387638e\",\"name\":\"Leonardo Ribeiro\",\"image\":{\"@type\":\"ImageObject\",\"@id\":\"https:\/\/www.polisrecreio.com.br\/site\/#personlogo\",\"inLanguage\":\"pt-BR\",\"url\":\"https:\/\/secure.gravatar.com\/avatar\/6ba92a37d621e1a83e23710251178a12?s=96&d=mm&r=g\",\"caption\":\"Leonardo Ribeiro\"},\"sameAs\":[\"http:\/\/www.polisrecreio.com.br\"]}]}<\/script>\n<!-- \/ Yoast SEO plugin. -->","_links":{"self":[{"href":"https:\/\/www.polisrecreio.com.br\/site\/wp-json\/wp\/v2\/posts\/13094"}],"collection":[{"href":"https:\/\/www.polisrecreio.com.br\/site\/wp-json\/wp\/v2\/posts"}],"about":[{"href":"https:\/\/www.polisrecreio.com.br\/site\/wp-json\/wp\/v2\/types\/post"}],"author":[{"embeddable":true,"href":"https:\/\/www.polisrecreio.com.br\/site\/wp-json\/wp\/v2\/users\/3"}],"replies":[{"embeddable":true,"href":"https:\/\/www.polisrecreio.com.br\/site\/wp-json\/wp\/v2\/comments?post=13094"}],"version-history":[{"count":1,"href":"https:\/\/www.polisrecreio.com.br\/site\/wp-json\/wp\/v2\/posts\/13094\/revisions"}],"predecessor-version":[{"id":13096,"href":"https:\/\/www.polisrecreio.com.br\/site\/wp-json\/wp\/v2\/posts\/13094\/revisions\/13096"}],"wp:featuredmedia":[{"embeddable":true,"href":"https:\/\/www.polisrecreio.com.br\/site\/wp-json\/wp\/v2\/media\/13095"}],"wp:attachment":[{"href":"https:\/\/www.polisrecreio.com.br\/site\/wp-json\/wp\/v2\/media?parent=13094"}],"wp:term":[{"taxonomy":"category","embeddable":true,"href":"https:\/\/www.polisrecreio.com.br\/site\/wp-json\/wp\/v2\/categories?post=13094"},{"taxonomy":"post_tag","embeddable":true,"href":"https:\/\/www.polisrecreio.com.br\/site\/wp-json\/wp\/v2\/tags?post=13094"}],"curies":[{"name":"wp","href":"https:\/\/api.w.org\/{rel}","templated":true}]}}