{"id":13097,"date":"2019-02-24T11:25:59","date_gmt":"2019-02-24T14:25:59","guid":{"rendered":"http:\/\/www.polisrecreio.com.br\/site\/?p=13097"},"modified":"2019-02-24T11:25:59","modified_gmt":"2019-02-24T14:25:59","slug":"governo-estadual-deve-quase-r-7-milhoes-para-o-cisdeste","status":"publish","type":"post","link":"https:\/\/www.polisrecreio.com.br\/site\/2019\/02\/24\/governo-estadual-deve-quase-r-7-milhoes-para-o-cisdeste\/","title":{"rendered":"Governo Estadual deve quase R$ 7 milh\u00f5es para o CISDESTE"},"content":{"rendered":"<p style=\"text-align: justify;\">O Cons\u00f3rcio Intermunicipal de Sa\u00fade da Regi\u00e3o Sudeste \u201cCISDESTE\u201d que administra o SAMU de 94 munic\u00edpios da macrorregi\u00e3o de Juiz de Fora &#8211; Recreio \u00e9 integrante do cons\u00f3rcio &#8211; est\u00e1 sem receber repasses mensais do Governo Estadual desde o ano passado. Em entrevista \u00e0 R\u00e1dio CBN Juiz de Fora, o secret\u00e1rio-executivo, Denys Arantes Carvalho, e o presidente do Conselho Fiscal do cons\u00f3rcio, Wellington Marcos Rodrigues, expuseram as dificuldades que o programa tem enfrentado para manter o padr\u00e3o de atendimento e afirmaram que, se o d\u00e9ficit or\u00e7ament\u00e1rio persistir durante o ano, pode haver grandes preju\u00edzos \u00e0 assist\u00eancia de cerca de 1,7 milh\u00e3o de pessoas.<\/p>\n<p><!--more--><\/p>\n<p><a href=\"http:\/\/www.polisrecreio.com.br\/site\/wp-content\/uploads\/2019\/02\/foto.jpg\"><img loading=\"lazy\" class=\"aligncenter size-full wp-image-13098\" src=\"http:\/\/www.polisrecreio.com.br\/site\/wp-content\/uploads\/2019\/02\/foto.jpg\" alt=\"\" width=\"750\" height=\"500\" srcset=\"https:\/\/www.polisrecreio.com.br\/site\/wp-content\/uploads\/2019\/02\/foto.jpg 750w, https:\/\/www.polisrecreio.com.br\/site\/wp-content\/uploads\/2019\/02\/foto-300x200.jpg 300w\" sizes=\"(max-width: 750px) 100vw, 750px\" \/><\/a><\/p>\n<p style=\"text-align: justify;\">De acordo com Denys, atualmente, o Governo de Minas Gerais deve quase R$ 7 milh\u00f5es para o CISDESTE. Desde setembro de 2018, o Estado n\u00e3o repassa os valores mensais \u2013 cerca de R$ 1,3 milh\u00e3o. A falta de repasse compromete, principalmente, a compra de materiais de urg\u00eancia e emerg\u00eancia, insumos, medicamentos e a manuten\u00e7\u00e3o das ambul\u00e2ncias.<\/p>\n<p style=\"text-align: justify;\">Wellington disse que, apesar de haver preocupa\u00e7\u00e3o sobre o atendimento ser prejudicado, a gest\u00e3o ainda est\u00e1 &#8220;suportando&#8221;. Por\u00e9m, a assist\u00eancia corre o risco de ser retida. &#8220;Em raz\u00e3o de um trabalho organizado feito com planejamento, n\u00f3s ainda estamos conseguindo cumprir com nosso compromisso. Mas corremos o risco de ter os mesmos problemas que os outros cons\u00f3rcios mineiros da rede de urg\u00eancia e emerg\u00eancia que est\u00e3o com dificuldade de honrar compromissos com fornecedores e pagamento de pessoal&#8221;, avaliou.<\/p>\n<p style=\"text-align: justify;\">Conforme o presidente, neste ano, foi quitada meia parcela referente ao repasse do m\u00eas de agosto do ano passado. Entretanto, o Estado n\u00e3o sinalizou uma data para regularizar a situa\u00e7\u00e3o e nem se as verbas futuras ser\u00e3o repassadas em dia. Em nota, a Secretaria de Estado de Sa\u00fade de Minas Gerais \u201cSES-MG\u201d informou que repassou &#8220;para seis SAMU\u2019s os 50% restantes da parcela de custeio mensal do servi\u00e7o referente a agosto de 2018, incluindo o da Regi\u00e3o Ampliada de Sa\u00fade \u201cRAS\u201d Sudeste, \u00e0 qual o munic\u00edpio de Juiz de Fora faz parte&#8221;. Segundo a pasta, foi transferido o montante de R$ 10.905.293,76 para custeio destas unidades no fim de 2018.<\/p>\n<p style=\"text-align: justify;\">Sobre a regulariza\u00e7\u00e3o da situa\u00e7\u00e3o, a assessoria informou que, no momento, o Governo realiza uma an\u00e1lise da situa\u00e7\u00e3o assistencial, estrutural e econ\u00f4mico-financeira no Estado &#8220;para, posteriormente, informar com assertividade e transpar\u00eancia os pr\u00f3ximos passos da gest\u00e3o&#8221;.<\/p>\n<p><strong>Frota est\u00e1 totalmente sucateada<\/strong><\/p>\n<p style=\"text-align: justify;\">Al\u00e9m do risco que o atendimento do CISDESTE sofre com a aus\u00eancia dos repasses, equipes do Servi\u00e7o de Atendimento M\u00f3vel de Urg\u00eancia SAMU e pacientes correm riscos durante o transporte nas ambul\u00e2ncias, que, conforme Wellington Rodrigues, est\u00e3o &#8220;totalmente sucateadas&#8221;. O presidente afirmou que h\u00e1 pelo menos cinco anos a frota n\u00e3o \u00e9 renovada. Ele explicou que, devido ao uso severo, as ambul\u00e2ncias precisam passar por constantes manuten\u00e7\u00f5es, o que pode deixar um ve\u00edculo fora de circula\u00e7\u00e3o por v\u00e1rios dias.<\/p>\n<p style=\"text-align: justify;\">&#8220;Hoje a gente est\u00e1 gastando cerca de R$ 100 mil para manuten\u00e7\u00e3o de frota. Houve uma promessa do Minist\u00e9rio da Sa\u00fade para a substitui\u00e7\u00e3o da frota, em 2019. Mas n\u00e3o tivemos nenhuma provid\u00eancia at\u00e9 o momento. A gente pretende comunicar devidamente ao Minist\u00e9rio P\u00fablico, pois estamos receosos de ter algum problema, j\u00e1 que as viaturas n\u00e3o est\u00e3o em condi\u00e7\u00e3o devida de fazer o transporte&#8221;, afirmou Wellington.<\/p>\n<p style=\"text-align: justify;\">Atualmente, o CISDESTE conta com 39 viaturas. Um estudo est\u00e1 sendo feito para que possa ser apresentado ao Estado e ao Minist\u00e9rio da Sa\u00fade para que tamb\u00e9m haja aumento em rela\u00e7\u00e3o ao n\u00famero de ambul\u00e2ncias do programa.<\/p>\n<p style=\"text-align: justify;\">Em nota, o Minist\u00e9rio da Sa\u00fade informou que as solicita\u00e7\u00f5es de amplia\u00e7\u00e3o e renova\u00e7\u00e3o de frota e reserva t\u00e9cnica ser\u00e3o analisadas pela \u00e1rea t\u00e9cnica da Coordena\u00e7\u00e3o Geral de Urg\u00eancia e Emerg\u00eancia e poder\u00e3o ser atendidas quando houver disponibilidade por parte do Minist\u00e9rio da Sa\u00fade, desde que estejam em conformidade com a legisla\u00e7\u00e3o de reg\u00eancia e com os crit\u00e9rios constantes do SAMU.<\/p>\n<p style=\"text-align: justify;\">O financiamento do CISDESTE \u00e9 tripartite, ou seja, feito com recursos oriundos da Uni\u00e3o, do Estado e do Munic\u00edpio. O Governo Estadual financia a maior parte dos repasses. Atualmente, o Estado \u00e9 respons\u00e1vel por quase 46% do or\u00e7amento mensal do cons\u00f3rcio. O Minist\u00e9rio da Sa\u00fade responde por 40% e os munic\u00edpios por cerca de 14% do repasse. &#8220;O Estado foi dividido em macrorregi\u00f5es, e os cons\u00f3rcios foram implantados. Foi uma medida muito inteligente e bem pensada. N\u00e3o podemos perder isso e tem que ser aprimorado para n\u00e3o ter retrocesso. A falta de repasse por parte do Estado gera um impacto muito grande no nosso planejamento&#8221;, pontuou Wellington.<\/p>\n<p><em>Com informa\u00e7\u00f5es: Site do Marcelo Lopes.<\/em><\/p>\n","protected":false},"excerpt":{"rendered":"<p>O Cons\u00f3rcio Intermunicipal de Sa\u00fade da Regi\u00e3o Sudeste \u201cCISDESTE\u201d que administra o SAMU de 94 munic\u00edpios da macrorregi\u00e3o de Juiz de Fora &#8211; Recreio \u00e9 integrante do cons\u00f3rcio &#8211; est\u00e1 sem receber repasses mensais do Governo Estadual desde o ano passado. Em entrevista \u00e0 R\u00e1dio CBN Juiz de Fora, o secret\u00e1rio-executivo, Denys Arantes Carvalho, e [&hellip;]<\/p>\n","protected":false},"author":3,"featured_media":13098,"comment_status":"open","ping_status":"open","sticky":false,"template":"","format":"standard","meta":[],"categories":[8],"tags":[],"yoast_head":"<!-- This site is optimized with the Yoast SEO plugin v15.6.2 - https:\/\/yoast.com\/wordpress\/plugins\/seo\/ -->\n<meta name=\"robots\" content=\"index, follow, max-snippet:-1, max-image-preview:large, max-video-preview:-1\" \/>\n<link rel=\"canonical\" href=\"http:\/\/www.polisrecreio.com.br\/site\/2019\/02\/24\/governo-estadual-deve-quase-r-7-milhoes-para-o-cisdeste\/\" \/>\n<meta property=\"og:locale\" content=\"pt_BR\" \/>\n<meta property=\"og:type\" content=\"article\" \/>\n<meta property=\"og:title\" content=\"Governo Estadual deve quase R$ 7 milh\u00f5es para o CISDESTE - P\u00f3lis Recreio\" \/>\n<meta property=\"og:description\" content=\"O Cons\u00f3rcio Intermunicipal de Sa\u00fade da Regi\u00e3o Sudeste \u201cCISDESTE\u201d que administra o SAMU de 94 munic\u00edpios da macrorregi\u00e3o de Juiz de Fora &#8211; Recreio \u00e9 integrante do cons\u00f3rcio &#8211; est\u00e1 sem receber repasses mensais do Governo Estadual desde o ano passado. Em entrevista \u00e0 R\u00e1dio CBN Juiz de Fora, o secret\u00e1rio-executivo, Denys Arantes Carvalho, e [&hellip;]\" \/>\n<meta property=\"og:url\" content=\"http:\/\/www.polisrecreio.com.br\/site\/2019\/02\/24\/governo-estadual-deve-quase-r-7-milhoes-para-o-cisdeste\/\" \/>\n<meta property=\"og:site_name\" content=\"P\u00f3lis Recreio\" \/>\n<meta property=\"article:publisher\" content=\"https:\/\/www.facebook.com\/Site-P%c3%b3lis-Recreio-MG-181941708571019\/\" \/>\n<meta property=\"article:published_time\" content=\"2019-02-24T14:25:59+00:00\" \/>\n<meta property=\"og:image\" content=\"https:\/\/www.polisrecreio.com.br\/site\/wp-content\/uploads\/2019\/02\/foto.jpg\" \/>\n\t<meta property=\"og:image:width\" content=\"750\" \/>\n\t<meta property=\"og:image:height\" content=\"500\" \/>\n<meta name=\"twitter:card\" content=\"summary_large_image\" \/>\n<meta name=\"twitter:creator\" content=\"@PolisRecreio\" \/>\n<meta name=\"twitter:site\" content=\"@PolisRecreio\" \/>\n<meta name=\"twitter:label1\" content=\"Est. reading time\">\n\t<meta name=\"twitter:data1\" content=\"4 minutos\">\n<script type=\"application\/ld+json\" class=\"yoast-schema-graph\">{\"@context\":\"https:\/\/schema.org\",\"@graph\":[{\"@type\":\"WebSite\",\"@id\":\"https:\/\/www.polisrecreio.com.br\/site\/#website\",\"url\":\"https:\/\/www.polisrecreio.com.br\/site\/\",\"name\":\"P\\u00f3lis Recreio\",\"description\":\"\",\"potentialAction\":[{\"@type\":\"SearchAction\",\"target\":\"https:\/\/www.polisrecreio.com.br\/site\/?s={search_term_string}\",\"query-input\":\"required name=search_term_string\"}],\"inLanguage\":\"pt-BR\"},{\"@type\":\"ImageObject\",\"@id\":\"http:\/\/www.polisrecreio.com.br\/site\/2019\/02\/24\/governo-estadual-deve-quase-r-7-milhoes-para-o-cisdeste\/#primaryimage\",\"inLanguage\":\"pt-BR\",\"url\":\"https:\/\/www.polisrecreio.com.br\/site\/wp-content\/uploads\/2019\/02\/foto.jpg\",\"width\":750,\"height\":500},{\"@type\":\"WebPage\",\"@id\":\"http:\/\/www.polisrecreio.com.br\/site\/2019\/02\/24\/governo-estadual-deve-quase-r-7-milhoes-para-o-cisdeste\/#webpage\",\"url\":\"http:\/\/www.polisrecreio.com.br\/site\/2019\/02\/24\/governo-estadual-deve-quase-r-7-milhoes-para-o-cisdeste\/\",\"name\":\"Governo Estadual deve quase R$ 7 milh\\u00f5es para o CISDESTE - P\\u00f3lis Recreio\",\"isPartOf\":{\"@id\":\"https:\/\/www.polisrecreio.com.br\/site\/#website\"},\"primaryImageOfPage\":{\"@id\":\"http:\/\/www.polisrecreio.com.br\/site\/2019\/02\/24\/governo-estadual-deve-quase-r-7-milhoes-para-o-cisdeste\/#primaryimage\"},\"datePublished\":\"2019-02-24T14:25:59+00:00\",\"dateModified\":\"2019-02-24T14:25:59+00:00\",\"author\":{\"@id\":\"https:\/\/www.polisrecreio.com.br\/site\/#\/schema\/person\/3363c1c78e1e28e1329d97adb387638e\"},\"inLanguage\":\"pt-BR\",\"potentialAction\":[{\"@type\":\"ReadAction\",\"target\":[\"http:\/\/www.polisrecreio.com.br\/site\/2019\/02\/24\/governo-estadual-deve-quase-r-7-milhoes-para-o-cisdeste\/\"]}]},{\"@type\":\"Person\",\"@id\":\"https:\/\/www.polisrecreio.com.br\/site\/#\/schema\/person\/3363c1c78e1e28e1329d97adb387638e\",\"name\":\"Leonardo Ribeiro\",\"image\":{\"@type\":\"ImageObject\",\"@id\":\"https:\/\/www.polisrecreio.com.br\/site\/#personlogo\",\"inLanguage\":\"pt-BR\",\"url\":\"https:\/\/secure.gravatar.com\/avatar\/6ba92a37d621e1a83e23710251178a12?s=96&d=mm&r=g\",\"caption\":\"Leonardo Ribeiro\"},\"sameAs\":[\"http:\/\/www.polisrecreio.com.br\"]}]}<\/script>\n<!-- \/ Yoast SEO plugin. -->","_links":{"self":[{"href":"https:\/\/www.polisrecreio.com.br\/site\/wp-json\/wp\/v2\/posts\/13097"}],"collection":[{"href":"https:\/\/www.polisrecreio.com.br\/site\/wp-json\/wp\/v2\/posts"}],"about":[{"href":"https:\/\/www.polisrecreio.com.br\/site\/wp-json\/wp\/v2\/types\/post"}],"author":[{"embeddable":true,"href":"https:\/\/www.polisrecreio.com.br\/site\/wp-json\/wp\/v2\/users\/3"}],"replies":[{"embeddable":true,"href":"https:\/\/www.polisrecreio.com.br\/site\/wp-json\/wp\/v2\/comments?post=13097"}],"version-history":[{"count":1,"href":"https:\/\/www.polisrecreio.com.br\/site\/wp-json\/wp\/v2\/posts\/13097\/revisions"}],"predecessor-version":[{"id":13099,"href":"https:\/\/www.polisrecreio.com.br\/site\/wp-json\/wp\/v2\/posts\/13097\/revisions\/13099"}],"wp:featuredmedia":[{"embeddable":true,"href":"https:\/\/www.polisrecreio.com.br\/site\/wp-json\/wp\/v2\/media\/13098"}],"wp:attachment":[{"href":"https:\/\/www.polisrecreio.com.br\/site\/wp-json\/wp\/v2\/media?parent=13097"}],"wp:term":[{"taxonomy":"category","embeddable":true,"href":"https:\/\/www.polisrecreio.com.br\/site\/wp-json\/wp\/v2\/categories?post=13097"},{"taxonomy":"post_tag","embeddable":true,"href":"https:\/\/www.polisrecreio.com.br\/site\/wp-json\/wp\/v2\/tags?post=13097"}],"curies":[{"name":"wp","href":"https:\/\/api.w.org\/{rel}","templated":true}]}}