{"id":13100,"date":"2019-02-25T08:44:34","date_gmt":"2019-02-25T11:44:34","guid":{"rendered":"http:\/\/www.polisrecreio.com.br\/site\/?p=13100"},"modified":"2019-02-25T08:44:34","modified_gmt":"2019-02-25T11:44:34","slug":"chiclete-abriu-o-pre-carnaval-de-recreio-no-sabado-23","status":"publish","type":"post","link":"https:\/\/www.polisrecreio.com.br\/site\/2019\/02\/25\/chiclete-abriu-o-pre-carnaval-de-recreio-no-sabado-23\/","title":{"rendered":"Chiclete abriu o pr\u00e9-carnaval de Recreio no s\u00e1bado (23)"},"content":{"rendered":"<p style=\"text-align: justify;\">O bloco do Chiclete abriu o pr\u00e9-carnaval de Recreio no \u00faltimo s\u00e1bado (23) e deu\u00a0o \u201cpontap\u00e9\u201d inicial para o Carnaval 2019. Pelo segundo ano consecutivo a grande atra\u00e7\u00e3o foi a banda de marchinhas do mestre Jo\u00e3o de Pirapetinga.<\/p>\n<p><!--more--><\/p>\n<p><a href=\"http:\/\/www.polisrecreio.com.br\/site\/wp-content\/uploads\/2019\/02\/IMG_20190223_234101420.jpg\"><img loading=\"lazy\" class=\"aligncenter size-full wp-image-13101\" src=\"http:\/\/www.polisrecreio.com.br\/site\/wp-content\/uploads\/2019\/02\/IMG_20190223_234101420.jpg\" alt=\"\" width=\"750\" height=\"563\" srcset=\"https:\/\/www.polisrecreio.com.br\/site\/wp-content\/uploads\/2019\/02\/IMG_20190223_234101420.jpg 750w, https:\/\/www.polisrecreio.com.br\/site\/wp-content\/uploads\/2019\/02\/IMG_20190223_234101420-300x225.jpg 300w\" sizes=\"(max-width: 750px) 100vw, 750px\" \/><\/a><\/p>\n<p style=\"text-align: justify;\">A 8\u00aa edi\u00e7\u00e3o do bloco n\u00e3o desfilou pelas ruas. A festa aconteceu na Rua Domingues Vieira, no Centro, no Churrasquinho Du Serj\u00e3o. Al\u00e9m da banda de marchinhas, houve m\u00fasica ao vivo com Celso Tchakabum e DJ.<\/p>\n<p style=\"text-align: justify;\">Na pr\u00f3xima sexta-feira (1) tem mais dois blocos na programa\u00e7\u00e3o do pr\u00e9-carnaval: X\u00f4 Mosquito, no Bar na Chapa (Planalto); e Era Sol Que Me Faltava, no Churasquinho Du Serj\u00e3o.<\/p>\n<p style=\"text-align: justify;\">Os quatro dias do Carnaval ser\u00e3o de 2 a 5 de mar\u00e7o. Em Recreio, a festa momesca n\u00e3o contar\u00e1 com dinheiro p\u00fablico por causa da crise financeira, influenciada pela d\u00edvida de mais de R$ 3 milh\u00f5es do Governo do Estado com a Prefeitura Municipal.<\/p>\n<p><a href=\"http:\/\/www.polisrecreio.com.br\/site\/wp-content\/uploads\/2019\/02\/IMG_20190223_234128882.jpg\"><img loading=\"lazy\" class=\"aligncenter size-full wp-image-13102\" src=\"http:\/\/www.polisrecreio.com.br\/site\/wp-content\/uploads\/2019\/02\/IMG_20190223_234128882.jpg\" alt=\"\" width=\"750\" height=\"563\" srcset=\"https:\/\/www.polisrecreio.com.br\/site\/wp-content\/uploads\/2019\/02\/IMG_20190223_234128882.jpg 750w, https:\/\/www.polisrecreio.com.br\/site\/wp-content\/uploads\/2019\/02\/IMG_20190223_234128882-300x225.jpg 300w\" sizes=\"(max-width: 750px) 100vw, 750px\" \/><\/a><\/p>\n","protected":false},"excerpt":{"rendered":"<p>O bloco do Chiclete abriu o pr\u00e9-carnaval de Recreio no \u00faltimo s\u00e1bado (23) e deu\u00a0o \u201cpontap\u00e9\u201d inicial para o Carnaval 2019. Pelo segundo ano consecutivo a grande atra\u00e7\u00e3o foi a banda de marchinhas do mestre Jo\u00e3o de Pirapetinga.<\/p>\n","protected":false},"author":3,"featured_media":13101,"comment_status":"open","ping_status":"open","sticky":false,"template":"","format":"standard","meta":[],"categories":[2],"tags":[],"yoast_head":"<!-- This site is optimized with the Yoast SEO plugin v15.6.2 - https:\/\/yoast.com\/wordpress\/plugins\/seo\/ -->\n<meta name=\"robots\" content=\"index, follow, max-snippet:-1, max-image-preview:large, max-video-preview:-1\" \/>\n<link rel=\"canonical\" href=\"https:\/\/www.polisrecreio.com.br\/site\/2019\/02\/25\/chiclete-abriu-o-pre-carnaval-de-recreio-no-sabado-23\/\" \/>\n<meta property=\"og:locale\" content=\"pt_BR\" \/>\n<meta property=\"og:type\" content=\"article\" \/>\n<meta property=\"og:title\" content=\"Chiclete abriu o pr\u00e9-carnaval de Recreio no s\u00e1bado (23) - P\u00f3lis Recreio\" \/>\n<meta property=\"og:description\" content=\"O bloco do Chiclete abriu o pr\u00e9-carnaval de Recreio no \u00faltimo s\u00e1bado (23) e deu\u00a0o \u201cpontap\u00e9\u201d inicial para o Carnaval 2019. Pelo segundo ano consecutivo a grande atra\u00e7\u00e3o foi a banda de marchinhas do mestre Jo\u00e3o de Pirapetinga.\" \/>\n<meta property=\"og:url\" content=\"https:\/\/www.polisrecreio.com.br\/site\/2019\/02\/25\/chiclete-abriu-o-pre-carnaval-de-recreio-no-sabado-23\/\" \/>\n<meta property=\"og:site_name\" content=\"P\u00f3lis Recreio\" \/>\n<meta property=\"article:publisher\" content=\"https:\/\/www.facebook.com\/Site-P%c3%b3lis-Recreio-MG-181941708571019\/\" \/>\n<meta property=\"article:published_time\" content=\"2019-02-25T11:44:34+00:00\" \/>\n<meta property=\"og:image\" content=\"https:\/\/www.polisrecreio.com.br\/site\/wp-content\/uploads\/2019\/02\/IMG_20190223_234101420.jpg\" \/>\n\t<meta property=\"og:image:width\" content=\"750\" \/>\n\t<meta property=\"og:image:height\" content=\"563\" \/>\n<meta name=\"twitter:card\" content=\"summary_large_image\" \/>\n<meta name=\"twitter:creator\" content=\"@PolisRecreio\" \/>\n<meta name=\"twitter:site\" content=\"@PolisRecreio\" \/>\n<meta name=\"twitter:label1\" content=\"Est. reading time\">\n\t<meta name=\"twitter:data1\" content=\"1 minuto\">\n<script type=\"application\/ld+json\" class=\"yoast-schema-graph\">{\"@context\":\"https:\/\/schema.org\",\"@graph\":[{\"@type\":\"WebSite\",\"@id\":\"https:\/\/www.polisrecreio.com.br\/site\/#website\",\"url\":\"https:\/\/www.polisrecreio.com.br\/site\/\",\"name\":\"P\\u00f3lis Recreio\",\"description\":\"\",\"potentialAction\":[{\"@type\":\"SearchAction\",\"target\":\"https:\/\/www.polisrecreio.com.br\/site\/?s={search_term_string}\",\"query-input\":\"required name=search_term_string\"}],\"inLanguage\":\"pt-BR\"},{\"@type\":\"ImageObject\",\"@id\":\"https:\/\/www.polisrecreio.com.br\/site\/2019\/02\/25\/chiclete-abriu-o-pre-carnaval-de-recreio-no-sabado-23\/#primaryimage\",\"inLanguage\":\"pt-BR\",\"url\":\"https:\/\/www.polisrecreio.com.br\/site\/wp-content\/uploads\/2019\/02\/IMG_20190223_234101420.jpg\",\"width\":750,\"height\":563},{\"@type\":\"WebPage\",\"@id\":\"https:\/\/www.polisrecreio.com.br\/site\/2019\/02\/25\/chiclete-abriu-o-pre-carnaval-de-recreio-no-sabado-23\/#webpage\",\"url\":\"https:\/\/www.polisrecreio.com.br\/site\/2019\/02\/25\/chiclete-abriu-o-pre-carnaval-de-recreio-no-sabado-23\/\",\"name\":\"Chiclete abriu o pr\\u00e9-carnaval de Recreio no s\\u00e1bado (23) - P\\u00f3lis Recreio\",\"isPartOf\":{\"@id\":\"https:\/\/www.polisrecreio.com.br\/site\/#website\"},\"primaryImageOfPage\":{\"@id\":\"https:\/\/www.polisrecreio.com.br\/site\/2019\/02\/25\/chiclete-abriu-o-pre-carnaval-de-recreio-no-sabado-23\/#primaryimage\"},\"datePublished\":\"2019-02-25T11:44:34+00:00\",\"dateModified\":\"2019-02-25T11:44:34+00:00\",\"author\":{\"@id\":\"https:\/\/www.polisrecreio.com.br\/site\/#\/schema\/person\/3363c1c78e1e28e1329d97adb387638e\"},\"inLanguage\":\"pt-BR\",\"potentialAction\":[{\"@type\":\"ReadAction\",\"target\":[\"https:\/\/www.polisrecreio.com.br\/site\/2019\/02\/25\/chiclete-abriu-o-pre-carnaval-de-recreio-no-sabado-23\/\"]}]},{\"@type\":\"Person\",\"@id\":\"https:\/\/www.polisrecreio.com.br\/site\/#\/schema\/person\/3363c1c78e1e28e1329d97adb387638e\",\"name\":\"Leonardo Ribeiro\",\"image\":{\"@type\":\"ImageObject\",\"@id\":\"https:\/\/www.polisrecreio.com.br\/site\/#personlogo\",\"inLanguage\":\"pt-BR\",\"url\":\"https:\/\/secure.gravatar.com\/avatar\/6ba92a37d621e1a83e23710251178a12?s=96&d=mm&r=g\",\"caption\":\"Leonardo Ribeiro\"},\"sameAs\":[\"http:\/\/www.polisrecreio.com.br\"]}]}<\/script>\n<!-- \/ Yoast SEO plugin. -->","_links":{"self":[{"href":"https:\/\/www.polisrecreio.com.br\/site\/wp-json\/wp\/v2\/posts\/13100"}],"collection":[{"href":"https:\/\/www.polisrecreio.com.br\/site\/wp-json\/wp\/v2\/posts"}],"about":[{"href":"https:\/\/www.polisrecreio.com.br\/site\/wp-json\/wp\/v2\/types\/post"}],"author":[{"embeddable":true,"href":"https:\/\/www.polisrecreio.com.br\/site\/wp-json\/wp\/v2\/users\/3"}],"replies":[{"embeddable":true,"href":"https:\/\/www.polisrecreio.com.br\/site\/wp-json\/wp\/v2\/comments?post=13100"}],"version-history":[{"count":1,"href":"https:\/\/www.polisrecreio.com.br\/site\/wp-json\/wp\/v2\/posts\/13100\/revisions"}],"predecessor-version":[{"id":13103,"href":"https:\/\/www.polisrecreio.com.br\/site\/wp-json\/wp\/v2\/posts\/13100\/revisions\/13103"}],"wp:featuredmedia":[{"embeddable":true,"href":"https:\/\/www.polisrecreio.com.br\/site\/wp-json\/wp\/v2\/media\/13101"}],"wp:attachment":[{"href":"https:\/\/www.polisrecreio.com.br\/site\/wp-json\/wp\/v2\/media?parent=13100"}],"wp:term":[{"taxonomy":"category","embeddable":true,"href":"https:\/\/www.polisrecreio.com.br\/site\/wp-json\/wp\/v2\/categories?post=13100"},{"taxonomy":"post_tag","embeddable":true,"href":"https:\/\/www.polisrecreio.com.br\/site\/wp-json\/wp\/v2\/tags?post=13100"}],"curies":[{"name":"wp","href":"https:\/\/api.w.org\/{rel}","templated":true}]}}