{"id":13105,"date":"2019-02-25T17:57:37","date_gmt":"2019-02-25T20:57:37","guid":{"rendered":"http:\/\/www.polisrecreio.com.br\/site\/?p=13105"},"modified":"2019-02-25T17:57:37","modified_gmt":"2019-02-25T20:57:37","slug":"nesta-terca-feira-26-tem-reuniao-do-plano-municipal-dos-residuos-solidos-de-recreio","status":"publish","type":"post","link":"https:\/\/www.polisrecreio.com.br\/site\/2019\/02\/25\/nesta-terca-feira-26-tem-reuniao-do-plano-municipal-dos-residuos-solidos-de-recreio\/","title":{"rendered":"Nesta ter\u00e7a-feira (26) tem reuni\u00e3o do Plano Municipal dos Res\u00edduos S\u00f3lidos de Recreio"},"content":{"rendered":"<p style=\"text-align: justify;\">Nesta ter\u00e7a-feira (26), \u00e0s 9h, tem reuni\u00e3o do Plano Municipal de Gerenciamento Integrado dos Res\u00edduos S\u00f3lidos de Recreio \u201cPMGIRS\u201d, na C\u00e2mara Municipal. O documento, que est\u00e1 em fase de elabora\u00e7\u00e3o, vai garantir ao Munic\u00edpio o direito de pleitear recursos federais para investimentos na \u00e1rea de destina\u00e7\u00e3o adequada do lixo.<\/p>\n<p><!--more--><\/p>\n<p><a href=\"http:\/\/www.polisrecreio.com.br\/site\/wp-content\/uploads\/2019\/02\/DSC_0363.jpg\"><img loading=\"lazy\" class=\"aligncenter size-full wp-image-13106\" src=\"http:\/\/www.polisrecreio.com.br\/site\/wp-content\/uploads\/2019\/02\/DSC_0363.jpg\" alt=\"\" width=\"750\" height=\"500\" srcset=\"https:\/\/www.polisrecreio.com.br\/site\/wp-content\/uploads\/2019\/02\/DSC_0363.jpg 750w, https:\/\/www.polisrecreio.com.br\/site\/wp-content\/uploads\/2019\/02\/DSC_0363-300x200.jpg 300w\" sizes=\"(max-width: 750px) 100vw, 750px\" \/><\/a><\/p>\n<p style=\"text-align: justify;\">Na pauta da reuni\u00e3o estar\u00e1 a apresenta\u00e7\u00e3o do Produto 3 \u2013 Diagn\u00f3stico \u2013 e a delibera\u00e7\u00e3o dos conselhos de execu\u00e7\u00e3o e coordena\u00e7\u00e3o sobre a terceira etapa do Plano. Um dos t\u00f3picos deste Diagn\u00f3stico \u00e9 o levantamento gravim\u00e9trico ou caracteriza\u00e7\u00e3o dos res\u00edduos s\u00f3lidos (lixo) produzidos no Munic\u00edpio. A gravimetria foi realizada em dezembro na Usina de Reciclagem de Concei\u00e7\u00e3o da Boa Vista (em processo de revitaliza\u00e7\u00e3o das atividades).<\/p>\n<p style=\"text-align: justify;\">O processo de elabora\u00e7\u00e3o do Plano, sob a responsabilidade da Prefeitura de Recreio, atrav\u00e9s da Secretaria de Desenvolvimento Econ\u00f4mico e Sustent\u00e1vel, \u00e9 coordenado pela empresa Ideal Consultoria Ambiental, e conta com a fiscaliza\u00e7\u00e3o da Ger\u00eancia Executiva de Governo da Caixa Econ\u00f4mica Federal de Juiz de Fora \u201cGIGOV\u201d.<\/p>\n","protected":false},"excerpt":{"rendered":"<p>Nesta ter\u00e7a-feira (26), \u00e0s 9h, tem reuni\u00e3o do Plano Municipal de Gerenciamento Integrado dos Res\u00edduos S\u00f3lidos de Recreio \u201cPMGIRS\u201d, na C\u00e2mara Municipal. O documento, que est\u00e1 em fase de elabora\u00e7\u00e3o, vai garantir ao Munic\u00edpio o direito de pleitear recursos federais para investimentos na \u00e1rea de destina\u00e7\u00e3o adequada do lixo.<\/p>\n","protected":false},"author":3,"featured_media":13106,"comment_status":"open","ping_status":"open","sticky":false,"template":"","format":"standard","meta":[],"categories":[14],"tags":[],"yoast_head":"<!-- This site is optimized with the Yoast SEO plugin v15.6.2 - https:\/\/yoast.com\/wordpress\/plugins\/seo\/ -->\n<meta name=\"robots\" content=\"index, follow, max-snippet:-1, max-image-preview:large, max-video-preview:-1\" \/>\n<link rel=\"canonical\" href=\"http:\/\/www.polisrecreio.com.br\/site\/2019\/02\/25\/nesta-terca-feira-26-tem-reuniao-do-plano-municipal-dos-residuos-solidos-de-recreio\/\" \/>\n<meta property=\"og:locale\" content=\"pt_BR\" \/>\n<meta property=\"og:type\" content=\"article\" \/>\n<meta property=\"og:title\" content=\"Nesta ter\u00e7a-feira (26) tem reuni\u00e3o do Plano Municipal dos Res\u00edduos S\u00f3lidos de Recreio - P\u00f3lis Recreio\" \/>\n<meta property=\"og:description\" content=\"Nesta ter\u00e7a-feira (26), \u00e0s 9h, tem reuni\u00e3o do Plano Municipal de Gerenciamento Integrado dos Res\u00edduos S\u00f3lidos de Recreio \u201cPMGIRS\u201d, na C\u00e2mara Municipal. O documento, que est\u00e1 em fase de elabora\u00e7\u00e3o, vai garantir ao Munic\u00edpio o direito de pleitear recursos federais para investimentos na \u00e1rea de destina\u00e7\u00e3o adequada do lixo.\" \/>\n<meta property=\"og:url\" content=\"http:\/\/www.polisrecreio.com.br\/site\/2019\/02\/25\/nesta-terca-feira-26-tem-reuniao-do-plano-municipal-dos-residuos-solidos-de-recreio\/\" \/>\n<meta property=\"og:site_name\" content=\"P\u00f3lis Recreio\" \/>\n<meta property=\"article:publisher\" content=\"https:\/\/www.facebook.com\/Site-P%c3%b3lis-Recreio-MG-181941708571019\/\" \/>\n<meta property=\"article:published_time\" content=\"2019-02-25T20:57:37+00:00\" \/>\n<meta property=\"og:image\" content=\"https:\/\/www.polisrecreio.com.br\/site\/wp-content\/uploads\/2019\/02\/DSC_0363.jpg\" \/>\n\t<meta property=\"og:image:width\" content=\"750\" \/>\n\t<meta property=\"og:image:height\" content=\"500\" \/>\n<meta name=\"twitter:card\" content=\"summary_large_image\" \/>\n<meta name=\"twitter:creator\" content=\"@PolisRecreio\" \/>\n<meta name=\"twitter:site\" content=\"@PolisRecreio\" \/>\n<meta name=\"twitter:label1\" content=\"Est. reading time\">\n\t<meta name=\"twitter:data1\" content=\"1 minuto\">\n<script type=\"application\/ld+json\" class=\"yoast-schema-graph\">{\"@context\":\"https:\/\/schema.org\",\"@graph\":[{\"@type\":\"WebSite\",\"@id\":\"https:\/\/www.polisrecreio.com.br\/site\/#website\",\"url\":\"https:\/\/www.polisrecreio.com.br\/site\/\",\"name\":\"P\\u00f3lis Recreio\",\"description\":\"\",\"potentialAction\":[{\"@type\":\"SearchAction\",\"target\":\"https:\/\/www.polisrecreio.com.br\/site\/?s={search_term_string}\",\"query-input\":\"required name=search_term_string\"}],\"inLanguage\":\"pt-BR\"},{\"@type\":\"ImageObject\",\"@id\":\"http:\/\/www.polisrecreio.com.br\/site\/2019\/02\/25\/nesta-terca-feira-26-tem-reuniao-do-plano-municipal-dos-residuos-solidos-de-recreio\/#primaryimage\",\"inLanguage\":\"pt-BR\",\"url\":\"https:\/\/www.polisrecreio.com.br\/site\/wp-content\/uploads\/2019\/02\/DSC_0363.jpg\",\"width\":750,\"height\":500},{\"@type\":\"WebPage\",\"@id\":\"http:\/\/www.polisrecreio.com.br\/site\/2019\/02\/25\/nesta-terca-feira-26-tem-reuniao-do-plano-municipal-dos-residuos-solidos-de-recreio\/#webpage\",\"url\":\"http:\/\/www.polisrecreio.com.br\/site\/2019\/02\/25\/nesta-terca-feira-26-tem-reuniao-do-plano-municipal-dos-residuos-solidos-de-recreio\/\",\"name\":\"Nesta ter\\u00e7a-feira (26) tem reuni\\u00e3o do Plano Municipal dos Res\\u00edduos S\\u00f3lidos de Recreio - P\\u00f3lis Recreio\",\"isPartOf\":{\"@id\":\"https:\/\/www.polisrecreio.com.br\/site\/#website\"},\"primaryImageOfPage\":{\"@id\":\"http:\/\/www.polisrecreio.com.br\/site\/2019\/02\/25\/nesta-terca-feira-26-tem-reuniao-do-plano-municipal-dos-residuos-solidos-de-recreio\/#primaryimage\"},\"datePublished\":\"2019-02-25T20:57:37+00:00\",\"dateModified\":\"2019-02-25T20:57:37+00:00\",\"author\":{\"@id\":\"https:\/\/www.polisrecreio.com.br\/site\/#\/schema\/person\/3363c1c78e1e28e1329d97adb387638e\"},\"inLanguage\":\"pt-BR\",\"potentialAction\":[{\"@type\":\"ReadAction\",\"target\":[\"http:\/\/www.polisrecreio.com.br\/site\/2019\/02\/25\/nesta-terca-feira-26-tem-reuniao-do-plano-municipal-dos-residuos-solidos-de-recreio\/\"]}]},{\"@type\":\"Person\",\"@id\":\"https:\/\/www.polisrecreio.com.br\/site\/#\/schema\/person\/3363c1c78e1e28e1329d97adb387638e\",\"name\":\"Leonardo Ribeiro\",\"image\":{\"@type\":\"ImageObject\",\"@id\":\"https:\/\/www.polisrecreio.com.br\/site\/#personlogo\",\"inLanguage\":\"pt-BR\",\"url\":\"https:\/\/secure.gravatar.com\/avatar\/6ba92a37d621e1a83e23710251178a12?s=96&d=mm&r=g\",\"caption\":\"Leonardo Ribeiro\"},\"sameAs\":[\"http:\/\/www.polisrecreio.com.br\"]}]}<\/script>\n<!-- \/ Yoast SEO plugin. -->","_links":{"self":[{"href":"https:\/\/www.polisrecreio.com.br\/site\/wp-json\/wp\/v2\/posts\/13105"}],"collection":[{"href":"https:\/\/www.polisrecreio.com.br\/site\/wp-json\/wp\/v2\/posts"}],"about":[{"href":"https:\/\/www.polisrecreio.com.br\/site\/wp-json\/wp\/v2\/types\/post"}],"author":[{"embeddable":true,"href":"https:\/\/www.polisrecreio.com.br\/site\/wp-json\/wp\/v2\/users\/3"}],"replies":[{"embeddable":true,"href":"https:\/\/www.polisrecreio.com.br\/site\/wp-json\/wp\/v2\/comments?post=13105"}],"version-history":[{"count":1,"href":"https:\/\/www.polisrecreio.com.br\/site\/wp-json\/wp\/v2\/posts\/13105\/revisions"}],"predecessor-version":[{"id":13107,"href":"https:\/\/www.polisrecreio.com.br\/site\/wp-json\/wp\/v2\/posts\/13105\/revisions\/13107"}],"wp:featuredmedia":[{"embeddable":true,"href":"https:\/\/www.polisrecreio.com.br\/site\/wp-json\/wp\/v2\/media\/13106"}],"wp:attachment":[{"href":"https:\/\/www.polisrecreio.com.br\/site\/wp-json\/wp\/v2\/media?parent=13105"}],"wp:term":[{"taxonomy":"category","embeddable":true,"href":"https:\/\/www.polisrecreio.com.br\/site\/wp-json\/wp\/v2\/categories?post=13105"},{"taxonomy":"post_tag","embeddable":true,"href":"https:\/\/www.polisrecreio.com.br\/site\/wp-json\/wp\/v2\/tags?post=13105"}],"curies":[{"name":"wp","href":"https:\/\/api.w.org\/{rel}","templated":true}]}}