{"id":13108,"date":"2019-02-25T21:58:52","date_gmt":"2019-02-26T00:58:52","guid":{"rendered":"http:\/\/www.polisrecreio.com.br\/site\/?p=13108"},"modified":"2019-02-25T22:04:51","modified_gmt":"2019-02-26T01:04:51","slug":"pagamento-dos-servidores-municipais-de-recreio-comeca-nesta-terca-feira-26","status":"publish","type":"post","link":"https:\/\/www.polisrecreio.com.br\/site\/2019\/02\/25\/pagamento-dos-servidores-municipais-de-recreio-comeca-nesta-terca-feira-26\/","title":{"rendered":"Pagamento dos servidores municipais de Recreio come\u00e7a nesta ter\u00e7a-feira (26)"},"content":{"rendered":"<p style=\"text-align: justify;\">O pagamento dos servidores municipais de Recreio come\u00e7a nesta ter\u00e7a-feira (26). A escala termina na quinta-feira (28).<\/p>\n<p><!--more--><\/p>\n<p><a href=\"http:\/\/www.polisrecreio.com.br\/site\/wp-content\/uploads\/2019\/02\/DSC_0001.jpg\"><img loading=\"lazy\" class=\"aligncenter size-full wp-image-13109\" src=\"http:\/\/www.polisrecreio.com.br\/site\/wp-content\/uploads\/2019\/02\/DSC_0001.jpg\" alt=\"\" width=\"750\" height=\"500\" srcset=\"https:\/\/www.polisrecreio.com.br\/site\/wp-content\/uploads\/2019\/02\/DSC_0001.jpg 750w, https:\/\/www.polisrecreio.com.br\/site\/wp-content\/uploads\/2019\/02\/DSC_0001-300x200.jpg 300w\" sizes=\"(max-width: 750px) 100vw, 750px\" \/><\/a><\/p>\n<p style=\"text-align: justify;\">No primeiro dia ser\u00e3o pagos os sal\u00e1rios dos setores de obras, desenvolvimento social, administra\u00e7\u00e3o e o vencimento dos aposentados. Na quarta-feira o pagamento da \u00e1rea de educa\u00e7\u00e3o ser\u00e1 acrescentado do reajuste do 4,17% (Piso Nacional) retroativo a janeiro aos professores, supervisores, vice-diretores e diretores. No \u00faltimo dia da escala ser\u00e1 a vez da quita\u00e7\u00e3o da folha salarial da sa\u00fade, com a gratifica\u00e7\u00e3o do Programa Nacional de Melhoria do Acesso e da Qualidade da Aten\u00e7\u00e3o B\u00e1sica \u201cPMAQ\u201d aos profissionais do Programa Estrat\u00e9gia Sa\u00fade da Fam\u00edlia.<\/p>\n<p><a href=\"http:\/\/www.polisrecreio.com.br\/site\/wp-content\/uploads\/2019\/02\/DSCF6624.jpg\"><img loading=\"lazy\" class=\"alignleft wp-image-12925 size-medium\" src=\"http:\/\/www.polisrecreio.com.br\/site\/wp-content\/uploads\/2019\/02\/DSCF6624-300x200.jpg\" alt=\"\" width=\"300\" height=\"200\" srcset=\"https:\/\/www.polisrecreio.com.br\/site\/wp-content\/uploads\/2019\/02\/DSCF6624-300x200.jpg 300w, https:\/\/www.polisrecreio.com.br\/site\/wp-content\/uploads\/2019\/02\/DSCF6624.jpg 750w\" sizes=\"(max-width: 300px) 100vw, 300px\" \/><\/a><\/p>\n<p style=\"text-align: justify;\">O an\u00fancio da escala foi feito pelo prefeito de Recreio, Jos\u00e9 Maria Barros (foto), em v\u00eddeo institucional postado no <a href=\"https:\/\/www.facebook.com\/prefeituraderecreio\/\" target=\"_blank\" rel=\"noopener\">Facebook da Prefeitura Municipal de Recreio<\/a> no s\u00e1bado (23). Na publica\u00e7\u00e3o o chefe do executivo aproveitou para desejar um feliz e alegre Carnaval a todos.<\/p>\n<p style=\"text-align: justify;\">Apesar dos problemas financeiros, acarretado pela d\u00edvida (FUNDEB, Sa\u00fade, Transporte Escolar, Piso da Assist\u00eancia Social, ICMS e IPVA) de mais de R$ 3 milh\u00f5es do Governo do Estado com o Munic\u00edpio, o prefeito de Recreio vai mantendo o compromisso de pagar os funcion\u00e1rios dentro do prazo da legisla\u00e7\u00e3o trabalhista e at\u00e9 de maneira antecipada, como acontecer\u00e1 neste m\u00eas.<\/p>\n","protected":false},"excerpt":{"rendered":"<p>O pagamento dos servidores municipais de Recreio come\u00e7a nesta ter\u00e7a-feira (26). A escala termina na quinta-feira (28).<\/p>\n","protected":false},"author":3,"featured_media":13109,"comment_status":"open","ping_status":"open","sticky":false,"template":"","format":"standard","meta":[],"categories":[6],"tags":[],"yoast_head":"<!-- This site is optimized with the Yoast SEO plugin v15.6.2 - https:\/\/yoast.com\/wordpress\/plugins\/seo\/ -->\n<meta name=\"robots\" content=\"index, follow, max-snippet:-1, max-image-preview:large, max-video-preview:-1\" \/>\n<link rel=\"canonical\" href=\"http:\/\/www.polisrecreio.com.br\/site\/2019\/02\/25\/pagamento-dos-servidores-municipais-de-recreio-comeca-nesta-terca-feira-26\/\" \/>\n<meta property=\"og:locale\" content=\"pt_BR\" \/>\n<meta property=\"og:type\" content=\"article\" \/>\n<meta property=\"og:title\" content=\"Pagamento dos servidores municipais de Recreio come\u00e7a nesta ter\u00e7a-feira (26) - P\u00f3lis Recreio\" \/>\n<meta property=\"og:description\" content=\"O pagamento dos servidores municipais de Recreio come\u00e7a nesta ter\u00e7a-feira (26). A escala termina na quinta-feira (28).\" \/>\n<meta property=\"og:url\" content=\"http:\/\/www.polisrecreio.com.br\/site\/2019\/02\/25\/pagamento-dos-servidores-municipais-de-recreio-comeca-nesta-terca-feira-26\/\" \/>\n<meta property=\"og:site_name\" content=\"P\u00f3lis Recreio\" \/>\n<meta property=\"article:publisher\" content=\"https:\/\/www.facebook.com\/Site-P%c3%b3lis-Recreio-MG-181941708571019\/\" \/>\n<meta property=\"article:published_time\" content=\"2019-02-26T00:58:52+00:00\" \/>\n<meta property=\"article:modified_time\" content=\"2019-02-26T01:04:51+00:00\" \/>\n<meta property=\"og:image\" content=\"https:\/\/www.polisrecreio.com.br\/site\/wp-content\/uploads\/2019\/02\/DSC_0001.jpg\" \/>\n\t<meta property=\"og:image:width\" content=\"750\" \/>\n\t<meta property=\"og:image:height\" content=\"500\" \/>\n<meta name=\"twitter:card\" content=\"summary_large_image\" \/>\n<meta name=\"twitter:creator\" content=\"@PolisRecreio\" \/>\n<meta name=\"twitter:site\" content=\"@PolisRecreio\" \/>\n<meta name=\"twitter:label1\" content=\"Est. reading time\">\n\t<meta name=\"twitter:data1\" content=\"1 minuto\">\n<script type=\"application\/ld+json\" class=\"yoast-schema-graph\">{\"@context\":\"https:\/\/schema.org\",\"@graph\":[{\"@type\":\"WebSite\",\"@id\":\"https:\/\/www.polisrecreio.com.br\/site\/#website\",\"url\":\"https:\/\/www.polisrecreio.com.br\/site\/\",\"name\":\"P\\u00f3lis Recreio\",\"description\":\"\",\"potentialAction\":[{\"@type\":\"SearchAction\",\"target\":\"https:\/\/www.polisrecreio.com.br\/site\/?s={search_term_string}\",\"query-input\":\"required name=search_term_string\"}],\"inLanguage\":\"pt-BR\"},{\"@type\":\"ImageObject\",\"@id\":\"http:\/\/www.polisrecreio.com.br\/site\/2019\/02\/25\/pagamento-dos-servidores-municipais-de-recreio-comeca-nesta-terca-feira-26\/#primaryimage\",\"inLanguage\":\"pt-BR\",\"url\":\"https:\/\/www.polisrecreio.com.br\/site\/wp-content\/uploads\/2019\/02\/DSC_0001.jpg\",\"width\":750,\"height\":500},{\"@type\":\"WebPage\",\"@id\":\"http:\/\/www.polisrecreio.com.br\/site\/2019\/02\/25\/pagamento-dos-servidores-municipais-de-recreio-comeca-nesta-terca-feira-26\/#webpage\",\"url\":\"http:\/\/www.polisrecreio.com.br\/site\/2019\/02\/25\/pagamento-dos-servidores-municipais-de-recreio-comeca-nesta-terca-feira-26\/\",\"name\":\"Pagamento dos servidores municipais de Recreio come\\u00e7a nesta ter\\u00e7a-feira (26) - P\\u00f3lis Recreio\",\"isPartOf\":{\"@id\":\"https:\/\/www.polisrecreio.com.br\/site\/#website\"},\"primaryImageOfPage\":{\"@id\":\"http:\/\/www.polisrecreio.com.br\/site\/2019\/02\/25\/pagamento-dos-servidores-municipais-de-recreio-comeca-nesta-terca-feira-26\/#primaryimage\"},\"datePublished\":\"2019-02-26T00:58:52+00:00\",\"dateModified\":\"2019-02-26T01:04:51+00:00\",\"author\":{\"@id\":\"https:\/\/www.polisrecreio.com.br\/site\/#\/schema\/person\/3363c1c78e1e28e1329d97adb387638e\"},\"inLanguage\":\"pt-BR\",\"potentialAction\":[{\"@type\":\"ReadAction\",\"target\":[\"http:\/\/www.polisrecreio.com.br\/site\/2019\/02\/25\/pagamento-dos-servidores-municipais-de-recreio-comeca-nesta-terca-feira-26\/\"]}]},{\"@type\":\"Person\",\"@id\":\"https:\/\/www.polisrecreio.com.br\/site\/#\/schema\/person\/3363c1c78e1e28e1329d97adb387638e\",\"name\":\"Leonardo Ribeiro\",\"image\":{\"@type\":\"ImageObject\",\"@id\":\"https:\/\/www.polisrecreio.com.br\/site\/#personlogo\",\"inLanguage\":\"pt-BR\",\"url\":\"https:\/\/secure.gravatar.com\/avatar\/6ba92a37d621e1a83e23710251178a12?s=96&d=mm&r=g\",\"caption\":\"Leonardo Ribeiro\"},\"sameAs\":[\"http:\/\/www.polisrecreio.com.br\"]}]}<\/script>\n<!-- \/ Yoast SEO plugin. -->","_links":{"self":[{"href":"https:\/\/www.polisrecreio.com.br\/site\/wp-json\/wp\/v2\/posts\/13108"}],"collection":[{"href":"https:\/\/www.polisrecreio.com.br\/site\/wp-json\/wp\/v2\/posts"}],"about":[{"href":"https:\/\/www.polisrecreio.com.br\/site\/wp-json\/wp\/v2\/types\/post"}],"author":[{"embeddable":true,"href":"https:\/\/www.polisrecreio.com.br\/site\/wp-json\/wp\/v2\/users\/3"}],"replies":[{"embeddable":true,"href":"https:\/\/www.polisrecreio.com.br\/site\/wp-json\/wp\/v2\/comments?post=13108"}],"version-history":[{"count":3,"href":"https:\/\/www.polisrecreio.com.br\/site\/wp-json\/wp\/v2\/posts\/13108\/revisions"}],"predecessor-version":[{"id":13112,"href":"https:\/\/www.polisrecreio.com.br\/site\/wp-json\/wp\/v2\/posts\/13108\/revisions\/13112"}],"wp:featuredmedia":[{"embeddable":true,"href":"https:\/\/www.polisrecreio.com.br\/site\/wp-json\/wp\/v2\/media\/13109"}],"wp:attachment":[{"href":"https:\/\/www.polisrecreio.com.br\/site\/wp-json\/wp\/v2\/media?parent=13108"}],"wp:term":[{"taxonomy":"category","embeddable":true,"href":"https:\/\/www.polisrecreio.com.br\/site\/wp-json\/wp\/v2\/categories?post=13108"},{"taxonomy":"post_tag","embeddable":true,"href":"https:\/\/www.polisrecreio.com.br\/site\/wp-json\/wp\/v2\/tags?post=13108"}],"curies":[{"name":"wp","href":"https:\/\/api.w.org\/{rel}","templated":true}]}}