{"id":13121,"date":"2019-02-26T22:18:44","date_gmt":"2019-02-27T01:18:44","guid":{"rendered":"http:\/\/www.polisrecreio.com.br\/site\/?p=13121"},"modified":"2019-02-26T22:23:05","modified_gmt":"2019-02-27T01:23:05","slug":"ruas-de-leopoldina-ficaram-alagadas-depois-da-chuva-desta-terca-feira-26","status":"publish","type":"post","link":"https:\/\/www.polisrecreio.com.br\/site\/2019\/02\/26\/ruas-de-leopoldina-ficaram-alagadas-depois-da-chuva-desta-terca-feira-26\/","title":{"rendered":"Ruas de Leopoldina ficaram alagadas depois da chuva desta ter\u00e7a-feira (26)"},"content":{"rendered":"<p style=\"text-align: justify;\">V\u00e1rias ruas de Leopoldina (35 km de Recreio), principalmente da \u00e1rea central, ficaram alagadas depois da chuva desta ter\u00e7a-feira (26). Segundo informa\u00e7\u00f5es, a maioria dos problemas foram causados por inefici\u00eancia do escoamento pluvial atrav\u00e9s das redes de drenagem.<\/p>\n<p><!--more--><\/p>\n<p><a href=\"http:\/\/www.polisrecreio.com.br\/site\/wp-content\/uploads\/2019\/02\/Sem-t\u00edtulo-1.jpg\"><img loading=\"lazy\" class=\"aligncenter size-full wp-image-13122\" src=\"http:\/\/www.polisrecreio.com.br\/site\/wp-content\/uploads\/2019\/02\/Sem-t\u00edtulo-1.jpg\" alt=\"\" width=\"720\" height=\"500\" srcset=\"https:\/\/www.polisrecreio.com.br\/site\/wp-content\/uploads\/2019\/02\/Sem-t\u00edtulo-1.jpg 720w, https:\/\/www.polisrecreio.com.br\/site\/wp-content\/uploads\/2019\/02\/Sem-t\u00edtulo-1-300x208.jpg 300w\" sizes=\"(max-width: 720px) 100vw, 720px\" \/><\/a><\/p>\n<p style=\"text-align: justify;\">Al\u00e9m dos alagamentos, houve tamb\u00e9m queda de barranco na Rua Pl\u00f3bio Cortes de Paula (rua dos t\u00e1xis), causando obstru\u00e7\u00e3o da via. Em comunicado ao O Vigilante Online, o secret\u00e1rio de Servi\u00e7os Urbanos, Geraldo Cevidanes, disse que no in\u00edcio da manh\u00e3 desta quarta-feira a via ser\u00e1 desobstru\u00edda.<\/p>\n<p><a href=\"http:\/\/www.polisrecreio.com.br\/site\/wp-content\/uploads\/2019\/02\/52553575_1056138544595146_5976682695894237184_n.jpg\"><img loading=\"lazy\" class=\"aligncenter size-full wp-image-13125\" src=\"http:\/\/www.polisrecreio.com.br\/site\/wp-content\/uploads\/2019\/02\/52553575_1056138544595146_5976682695894237184_n.jpg\" alt=\"\" width=\"720\" height=\"500\" srcset=\"https:\/\/www.polisrecreio.com.br\/site\/wp-content\/uploads\/2019\/02\/52553575_1056138544595146_5976682695894237184_n.jpg 720w, https:\/\/www.polisrecreio.com.br\/site\/wp-content\/uploads\/2019\/02\/52553575_1056138544595146_5976682695894237184_n-300x208.jpg 300w\" sizes=\"(max-width: 720px) 100vw, 720px\" \/><\/a><\/p>\n<p style=\"text-align: justify;\">N\u00e3o h\u00e1 informa\u00e7\u00f5es sobre danos mais graves.<\/p>\n<p><em>Com informa\u00e7\u00f5es: O Vigilante Online e Jornal Zona da Mata.<\/em><\/p>\n","protected":false},"excerpt":{"rendered":"<p>V\u00e1rias ruas de Leopoldina (35 km de Recreio), principalmente da \u00e1rea central, ficaram alagadas depois da chuva desta ter\u00e7a-feira (26). Segundo informa\u00e7\u00f5es, a maioria dos problemas foram causados por inefici\u00eancia do escoamento pluvial atrav\u00e9s das redes de drenagem.<\/p>\n","protected":false},"author":3,"featured_media":13122,"comment_status":"open","ping_status":"open","sticky":false,"template":"","format":"standard","meta":[],"categories":[8],"tags":[],"yoast_head":"<!-- This site is optimized with the Yoast SEO plugin v15.6.2 - https:\/\/yoast.com\/wordpress\/plugins\/seo\/ -->\n<meta name=\"robots\" content=\"index, follow, max-snippet:-1, max-image-preview:large, max-video-preview:-1\" \/>\n<link rel=\"canonical\" href=\"http:\/\/www.polisrecreio.com.br\/site\/2019\/02\/26\/ruas-de-leopoldina-ficaram-alagadas-depois-da-chuva-desta-terca-feira-26\/\" \/>\n<meta property=\"og:locale\" content=\"pt_BR\" \/>\n<meta property=\"og:type\" content=\"article\" \/>\n<meta property=\"og:title\" content=\"Ruas de Leopoldina ficaram alagadas depois da chuva desta ter\u00e7a-feira (26) - P\u00f3lis Recreio\" \/>\n<meta property=\"og:description\" content=\"V\u00e1rias ruas de Leopoldina (35 km de Recreio), principalmente da \u00e1rea central, ficaram alagadas depois da chuva desta ter\u00e7a-feira (26). Segundo informa\u00e7\u00f5es, a maioria dos problemas foram causados por inefici\u00eancia do escoamento pluvial atrav\u00e9s das redes de drenagem.\" \/>\n<meta property=\"og:url\" content=\"http:\/\/www.polisrecreio.com.br\/site\/2019\/02\/26\/ruas-de-leopoldina-ficaram-alagadas-depois-da-chuva-desta-terca-feira-26\/\" \/>\n<meta property=\"og:site_name\" content=\"P\u00f3lis Recreio\" \/>\n<meta property=\"article:publisher\" content=\"https:\/\/www.facebook.com\/Site-P%c3%b3lis-Recreio-MG-181941708571019\/\" \/>\n<meta property=\"article:published_time\" content=\"2019-02-27T01:18:44+00:00\" \/>\n<meta property=\"article:modified_time\" content=\"2019-02-27T01:23:05+00:00\" \/>\n<meta property=\"og:image\" content=\"https:\/\/www.polisrecreio.com.br\/site\/wp-content\/uploads\/2019\/02\/Sem-t\u00edtulo-1.jpg\" \/>\n\t<meta property=\"og:image:width\" content=\"720\" \/>\n\t<meta property=\"og:image:height\" content=\"500\" \/>\n<meta name=\"twitter:card\" content=\"summary_large_image\" \/>\n<meta name=\"twitter:creator\" content=\"@PolisRecreio\" \/>\n<meta name=\"twitter:site\" content=\"@PolisRecreio\" \/>\n<meta name=\"twitter:label1\" content=\"Est. reading time\">\n\t<meta name=\"twitter:data1\" content=\"1 minuto\">\n<script type=\"application\/ld+json\" class=\"yoast-schema-graph\">{\"@context\":\"https:\/\/schema.org\",\"@graph\":[{\"@type\":\"WebSite\",\"@id\":\"https:\/\/www.polisrecreio.com.br\/site\/#website\",\"url\":\"https:\/\/www.polisrecreio.com.br\/site\/\",\"name\":\"P\\u00f3lis Recreio\",\"description\":\"\",\"potentialAction\":[{\"@type\":\"SearchAction\",\"target\":\"https:\/\/www.polisrecreio.com.br\/site\/?s={search_term_string}\",\"query-input\":\"required name=search_term_string\"}],\"inLanguage\":\"pt-BR\"},{\"@type\":\"ImageObject\",\"@id\":\"http:\/\/www.polisrecreio.com.br\/site\/2019\/02\/26\/ruas-de-leopoldina-ficaram-alagadas-depois-da-chuva-desta-terca-feira-26\/#primaryimage\",\"inLanguage\":\"pt-BR\",\"url\":\"https:\/\/www.polisrecreio.com.br\/site\/wp-content\/uploads\/2019\/02\/Sem-t\\u00edtulo-1.jpg\",\"width\":720,\"height\":500},{\"@type\":\"WebPage\",\"@id\":\"http:\/\/www.polisrecreio.com.br\/site\/2019\/02\/26\/ruas-de-leopoldina-ficaram-alagadas-depois-da-chuva-desta-terca-feira-26\/#webpage\",\"url\":\"http:\/\/www.polisrecreio.com.br\/site\/2019\/02\/26\/ruas-de-leopoldina-ficaram-alagadas-depois-da-chuva-desta-terca-feira-26\/\",\"name\":\"Ruas de Leopoldina ficaram alagadas depois da chuva desta ter\\u00e7a-feira (26) - P\\u00f3lis Recreio\",\"isPartOf\":{\"@id\":\"https:\/\/www.polisrecreio.com.br\/site\/#website\"},\"primaryImageOfPage\":{\"@id\":\"http:\/\/www.polisrecreio.com.br\/site\/2019\/02\/26\/ruas-de-leopoldina-ficaram-alagadas-depois-da-chuva-desta-terca-feira-26\/#primaryimage\"},\"datePublished\":\"2019-02-27T01:18:44+00:00\",\"dateModified\":\"2019-02-27T01:23:05+00:00\",\"author\":{\"@id\":\"https:\/\/www.polisrecreio.com.br\/site\/#\/schema\/person\/3363c1c78e1e28e1329d97adb387638e\"},\"inLanguage\":\"pt-BR\",\"potentialAction\":[{\"@type\":\"ReadAction\",\"target\":[\"http:\/\/www.polisrecreio.com.br\/site\/2019\/02\/26\/ruas-de-leopoldina-ficaram-alagadas-depois-da-chuva-desta-terca-feira-26\/\"]}]},{\"@type\":\"Person\",\"@id\":\"https:\/\/www.polisrecreio.com.br\/site\/#\/schema\/person\/3363c1c78e1e28e1329d97adb387638e\",\"name\":\"Leonardo Ribeiro\",\"image\":{\"@type\":\"ImageObject\",\"@id\":\"https:\/\/www.polisrecreio.com.br\/site\/#personlogo\",\"inLanguage\":\"pt-BR\",\"url\":\"https:\/\/secure.gravatar.com\/avatar\/6ba92a37d621e1a83e23710251178a12?s=96&d=mm&r=g\",\"caption\":\"Leonardo Ribeiro\"},\"sameAs\":[\"http:\/\/www.polisrecreio.com.br\"]}]}<\/script>\n<!-- \/ Yoast SEO plugin. -->","_links":{"self":[{"href":"https:\/\/www.polisrecreio.com.br\/site\/wp-json\/wp\/v2\/posts\/13121"}],"collection":[{"href":"https:\/\/www.polisrecreio.com.br\/site\/wp-json\/wp\/v2\/posts"}],"about":[{"href":"https:\/\/www.polisrecreio.com.br\/site\/wp-json\/wp\/v2\/types\/post"}],"author":[{"embeddable":true,"href":"https:\/\/www.polisrecreio.com.br\/site\/wp-json\/wp\/v2\/users\/3"}],"replies":[{"embeddable":true,"href":"https:\/\/www.polisrecreio.com.br\/site\/wp-json\/wp\/v2\/comments?post=13121"}],"version-history":[{"count":4,"href":"https:\/\/www.polisrecreio.com.br\/site\/wp-json\/wp\/v2\/posts\/13121\/revisions"}],"predecessor-version":[{"id":13127,"href":"https:\/\/www.polisrecreio.com.br\/site\/wp-json\/wp\/v2\/posts\/13121\/revisions\/13127"}],"wp:featuredmedia":[{"embeddable":true,"href":"https:\/\/www.polisrecreio.com.br\/site\/wp-json\/wp\/v2\/media\/13122"}],"wp:attachment":[{"href":"https:\/\/www.polisrecreio.com.br\/site\/wp-json\/wp\/v2\/media?parent=13121"}],"wp:term":[{"taxonomy":"category","embeddable":true,"href":"https:\/\/www.polisrecreio.com.br\/site\/wp-json\/wp\/v2\/categories?post=13121"},{"taxonomy":"post_tag","embeddable":true,"href":"https:\/\/www.polisrecreio.com.br\/site\/wp-json\/wp\/v2\/tags?post=13121"}],"curies":[{"name":"wp","href":"https:\/\/api.w.org\/{rel}","templated":true}]}}