{"id":13128,"date":"2019-02-27T08:34:03","date_gmt":"2019-02-27T11:34:03","guid":{"rendered":"http:\/\/www.polisrecreio.com.br\/site\/?p=13128"},"modified":"2019-02-27T08:35:07","modified_gmt":"2019-02-27T11:35:07","slug":"em-recreio-reajuste-de-417-do-magisterio-e-pago-retroativo-a-janeiro-nesta-quarta-feira-27","status":"publish","type":"post","link":"https:\/\/www.polisrecreio.com.br\/site\/2019\/02\/27\/em-recreio-reajuste-de-417-do-magisterio-e-pago-retroativo-a-janeiro-nesta-quarta-feira-27\/","title":{"rendered":"Em Recreio, reajuste de 4,17% do magist\u00e9rio \u00e9 pago retroativo a janeiro nesta quarta-feira (27)"},"content":{"rendered":"<p style=\"text-align: justify;\">Em Recreio, o reajuste de 4,17% aos professores, supervisores, vice-diretores e diretores da rede municipal de educa\u00e7\u00e3o, com base na Lei Federal 11.738\/2008 \u201cPiso Nacional do Magist\u00e9rio P\u00fablico da Educa\u00e7\u00e3o B\u00e1sica\u201d, \u00e9 pago retroativo a janeiro nesta quarta-feira (27), junto com o pagamento referente ao m\u00eas de fevereiro.<\/p>\n<p><!--more--><\/p>\n<p><a href=\"http:\/\/www.polisrecreio.com.br\/site\/wp-content\/uploads\/2019\/02\/professores_sala_de_aula.jpg\"><img loading=\"lazy\" class=\"aligncenter size-full wp-image-13130\" src=\"http:\/\/www.polisrecreio.com.br\/site\/wp-content\/uploads\/2019\/02\/professores_sala_de_aula.jpg\" alt=\"\" width=\"750\" height=\"498\" srcset=\"https:\/\/www.polisrecreio.com.br\/site\/wp-content\/uploads\/2019\/02\/professores_sala_de_aula.jpg 750w, https:\/\/www.polisrecreio.com.br\/site\/wp-content\/uploads\/2019\/02\/professores_sala_de_aula-300x199.jpg 300w\" sizes=\"(max-width: 750px) 100vw, 750px\" \/><\/a><\/p>\n<p style=\"text-align: justify;\">A readequa\u00e7\u00e3o dos sal\u00e1rios de 72 professores I e II, 1 diretor I, 2 diretores II, 5 vice-diretores e 8 supervisores, foi autorizada atrav\u00e9s da <a href=\"http:\/\/recreio.mg.gov.br\/images\/Leis\/2019\/lei1683.pdf\" target=\"_blank\" rel=\"noopener\">Lei Municipal 1.683\/2019<\/a>, sancionada pelo prefeito de Recreio, Jos\u00e9 Maria Barros, no dia 19 de fevereiro, ap\u00f3s a aprova\u00e7\u00e3o da C\u00e2mara Municipal. De acordo com a legisla\u00e7\u00e3o, recebem o percentual de 4,17% os profissionais ativos e inativos.<\/p>\n<p style=\"text-align: justify;\">A Lei Municipal foi formulada de acordo com o \u00a7 2\u00ba, do artigo 2\u00ba da <a href=\"http:\/\/www.planalto.gov.br\/ccivil_03\/_ato2007-2010\/2008\/lei\/l11738.htm\" target=\"_blank\" rel=\"noopener\">Lei Federal 11.738\/2008<\/a>.<\/p>\n","protected":false},"excerpt":{"rendered":"<p>Em Recreio, o reajuste de 4,17% aos professores, supervisores, vice-diretores e diretores da rede municipal de educa\u00e7\u00e3o, com base na Lei Federal 11.738\/2008 \u201cPiso Nacional do Magist\u00e9rio P\u00fablico da Educa\u00e7\u00e3o B\u00e1sica\u201d, \u00e9 pago retroativo a janeiro nesta quarta-feira (27), junto com o pagamento referente ao m\u00eas de fevereiro.<\/p>\n","protected":false},"author":3,"featured_media":13130,"comment_status":"open","ping_status":"open","sticky":false,"template":"","format":"standard","meta":[],"categories":[9],"tags":[],"yoast_head":"<!-- This site is optimized with the Yoast SEO plugin v15.6.2 - https:\/\/yoast.com\/wordpress\/plugins\/seo\/ -->\n<meta name=\"robots\" content=\"index, follow, max-snippet:-1, max-image-preview:large, max-video-preview:-1\" \/>\n<link rel=\"canonical\" href=\"http:\/\/www.polisrecreio.com.br\/site\/2019\/02\/27\/em-recreio-reajuste-de-417-do-magisterio-e-pago-retroativo-a-janeiro-nesta-quarta-feira-27\/\" \/>\n<meta property=\"og:locale\" content=\"pt_BR\" \/>\n<meta property=\"og:type\" content=\"article\" \/>\n<meta property=\"og:title\" content=\"Em Recreio, reajuste de 4,17% do magist\u00e9rio \u00e9 pago retroativo a janeiro nesta quarta-feira (27) - P\u00f3lis Recreio\" \/>\n<meta property=\"og:description\" content=\"Em Recreio, o reajuste de 4,17% aos professores, supervisores, vice-diretores e diretores da rede municipal de educa\u00e7\u00e3o, com base na Lei Federal 11.738\/2008 \u201cPiso Nacional do Magist\u00e9rio P\u00fablico da Educa\u00e7\u00e3o B\u00e1sica\u201d, \u00e9 pago retroativo a janeiro nesta quarta-feira (27), junto com o pagamento referente ao m\u00eas de fevereiro.\" \/>\n<meta property=\"og:url\" content=\"http:\/\/www.polisrecreio.com.br\/site\/2019\/02\/27\/em-recreio-reajuste-de-417-do-magisterio-e-pago-retroativo-a-janeiro-nesta-quarta-feira-27\/\" \/>\n<meta property=\"og:site_name\" content=\"P\u00f3lis Recreio\" \/>\n<meta property=\"article:publisher\" content=\"https:\/\/www.facebook.com\/Site-P%c3%b3lis-Recreio-MG-181941708571019\/\" \/>\n<meta property=\"article:published_time\" content=\"2019-02-27T11:34:03+00:00\" \/>\n<meta property=\"article:modified_time\" content=\"2019-02-27T11:35:07+00:00\" \/>\n<meta property=\"og:image\" content=\"https:\/\/www.polisrecreio.com.br\/site\/wp-content\/uploads\/2019\/02\/professores_sala_de_aula.jpg\" \/>\n\t<meta property=\"og:image:width\" content=\"750\" \/>\n\t<meta property=\"og:image:height\" content=\"498\" \/>\n<meta name=\"twitter:card\" content=\"summary_large_image\" \/>\n<meta name=\"twitter:creator\" content=\"@PolisRecreio\" \/>\n<meta name=\"twitter:site\" content=\"@PolisRecreio\" \/>\n<meta name=\"twitter:label1\" content=\"Est. reading time\">\n\t<meta name=\"twitter:data1\" content=\"1 minuto\">\n<script type=\"application\/ld+json\" class=\"yoast-schema-graph\">{\"@context\":\"https:\/\/schema.org\",\"@graph\":[{\"@type\":\"WebSite\",\"@id\":\"https:\/\/www.polisrecreio.com.br\/site\/#website\",\"url\":\"https:\/\/www.polisrecreio.com.br\/site\/\",\"name\":\"P\\u00f3lis Recreio\",\"description\":\"\",\"potentialAction\":[{\"@type\":\"SearchAction\",\"target\":\"https:\/\/www.polisrecreio.com.br\/site\/?s={search_term_string}\",\"query-input\":\"required name=search_term_string\"}],\"inLanguage\":\"pt-BR\"},{\"@type\":\"ImageObject\",\"@id\":\"http:\/\/www.polisrecreio.com.br\/site\/2019\/02\/27\/em-recreio-reajuste-de-417-do-magisterio-e-pago-retroativo-a-janeiro-nesta-quarta-feira-27\/#primaryimage\",\"inLanguage\":\"pt-BR\",\"url\":\"https:\/\/www.polisrecreio.com.br\/site\/wp-content\/uploads\/2019\/02\/professores_sala_de_aula.jpg\",\"width\":750,\"height\":498},{\"@type\":\"WebPage\",\"@id\":\"http:\/\/www.polisrecreio.com.br\/site\/2019\/02\/27\/em-recreio-reajuste-de-417-do-magisterio-e-pago-retroativo-a-janeiro-nesta-quarta-feira-27\/#webpage\",\"url\":\"http:\/\/www.polisrecreio.com.br\/site\/2019\/02\/27\/em-recreio-reajuste-de-417-do-magisterio-e-pago-retroativo-a-janeiro-nesta-quarta-feira-27\/\",\"name\":\"Em Recreio, reajuste de 4,17% do magist\\u00e9rio \\u00e9 pago retroativo a janeiro nesta quarta-feira (27) - P\\u00f3lis Recreio\",\"isPartOf\":{\"@id\":\"https:\/\/www.polisrecreio.com.br\/site\/#website\"},\"primaryImageOfPage\":{\"@id\":\"http:\/\/www.polisrecreio.com.br\/site\/2019\/02\/27\/em-recreio-reajuste-de-417-do-magisterio-e-pago-retroativo-a-janeiro-nesta-quarta-feira-27\/#primaryimage\"},\"datePublished\":\"2019-02-27T11:34:03+00:00\",\"dateModified\":\"2019-02-27T11:35:07+00:00\",\"author\":{\"@id\":\"https:\/\/www.polisrecreio.com.br\/site\/#\/schema\/person\/3363c1c78e1e28e1329d97adb387638e\"},\"inLanguage\":\"pt-BR\",\"potentialAction\":[{\"@type\":\"ReadAction\",\"target\":[\"http:\/\/www.polisrecreio.com.br\/site\/2019\/02\/27\/em-recreio-reajuste-de-417-do-magisterio-e-pago-retroativo-a-janeiro-nesta-quarta-feira-27\/\"]}]},{\"@type\":\"Person\",\"@id\":\"https:\/\/www.polisrecreio.com.br\/site\/#\/schema\/person\/3363c1c78e1e28e1329d97adb387638e\",\"name\":\"Leonardo Ribeiro\",\"image\":{\"@type\":\"ImageObject\",\"@id\":\"https:\/\/www.polisrecreio.com.br\/site\/#personlogo\",\"inLanguage\":\"pt-BR\",\"url\":\"https:\/\/secure.gravatar.com\/avatar\/6ba92a37d621e1a83e23710251178a12?s=96&d=mm&r=g\",\"caption\":\"Leonardo Ribeiro\"},\"sameAs\":[\"http:\/\/www.polisrecreio.com.br\"]}]}<\/script>\n<!-- \/ Yoast SEO plugin. -->","_links":{"self":[{"href":"https:\/\/www.polisrecreio.com.br\/site\/wp-json\/wp\/v2\/posts\/13128"}],"collection":[{"href":"https:\/\/www.polisrecreio.com.br\/site\/wp-json\/wp\/v2\/posts"}],"about":[{"href":"https:\/\/www.polisrecreio.com.br\/site\/wp-json\/wp\/v2\/types\/post"}],"author":[{"embeddable":true,"href":"https:\/\/www.polisrecreio.com.br\/site\/wp-json\/wp\/v2\/users\/3"}],"replies":[{"embeddable":true,"href":"https:\/\/www.polisrecreio.com.br\/site\/wp-json\/wp\/v2\/comments?post=13128"}],"version-history":[{"count":2,"href":"https:\/\/www.polisrecreio.com.br\/site\/wp-json\/wp\/v2\/posts\/13128\/revisions"}],"predecessor-version":[{"id":13132,"href":"https:\/\/www.polisrecreio.com.br\/site\/wp-json\/wp\/v2\/posts\/13128\/revisions\/13132"}],"wp:featuredmedia":[{"embeddable":true,"href":"https:\/\/www.polisrecreio.com.br\/site\/wp-json\/wp\/v2\/media\/13130"}],"wp:attachment":[{"href":"https:\/\/www.polisrecreio.com.br\/site\/wp-json\/wp\/v2\/media?parent=13128"}],"wp:term":[{"taxonomy":"category","embeddable":true,"href":"https:\/\/www.polisrecreio.com.br\/site\/wp-json\/wp\/v2\/categories?post=13128"},{"taxonomy":"post_tag","embeddable":true,"href":"https:\/\/www.polisrecreio.com.br\/site\/wp-json\/wp\/v2\/tags?post=13128"}],"curies":[{"name":"wp","href":"https:\/\/api.w.org\/{rel}","templated":true}]}}