{"id":13133,"date":"2019-02-27T19:38:04","date_gmt":"2019-02-27T22:38:04","guid":{"rendered":"http:\/\/www.polisrecreio.com.br\/site\/?p=13133"},"modified":"2019-02-27T19:41:07","modified_gmt":"2019-02-27T22:41:07","slug":"recreio-e-c-anuncia-comissao-tecnica-para-disputa-da-copa-dos-campeoes-da-lec","status":"publish","type":"post","link":"https:\/\/www.polisrecreio.com.br\/site\/2019\/02\/27\/recreio-e-c-anuncia-comissao-tecnica-para-disputa-da-copa-dos-campeoes-da-lec\/","title":{"rendered":"Recreio E.C anuncia comiss\u00e3o t\u00e9cnica para disputa da Copa dos Campe\u00f5es da LEC"},"content":{"rendered":"<p style=\"text-align: justify;\">O presidente do Recreio Esporte Clube, Lucas Lima, anunciou com exclusividade ao Site P\u00f3lis a comiss\u00e3o t\u00e9cnica para a disputa da Copa dos Campe\u00f5es da Liga Esportiva de Cataguases &#8220;LEC&#8221; 2019.<\/p>\n<p><!--more--><\/p>\n<p><a href=\"http:\/\/www.polisrecreio.com.br\/site\/wp-content\/uploads\/2019\/02\/comiss\u00e3o.jpg\"><img loading=\"lazy\" class=\"aligncenter size-full wp-image-13134\" src=\"http:\/\/www.polisrecreio.com.br\/site\/wp-content\/uploads\/2019\/02\/comiss\u00e3o.jpg\" alt=\"\" width=\"800\" height=\"396\" srcset=\"https:\/\/www.polisrecreio.com.br\/site\/wp-content\/uploads\/2019\/02\/comiss\u00e3o.jpg 800w, https:\/\/www.polisrecreio.com.br\/site\/wp-content\/uploads\/2019\/02\/comiss\u00e3o-300x149.jpg 300w, https:\/\/www.polisrecreio.com.br\/site\/wp-content\/uploads\/2019\/02\/comiss\u00e3o-768x380.jpg 768w\" sizes=\"(max-width: 800px) 100vw, 800px\" \/><\/a><\/p>\n<p style=\"text-align: justify;\">A tr\u00edade respons\u00e1vel por montar o time que vai em busca do principal t\u00edtulo do futebol regional ser\u00e1 formada pelos seguintes nomes:<\/p>\n<ul style=\"text-align: justify;\">\n<li>T\u00e9cnico: Rom\u00e1rio Peres Sampaio \u201cRomarinho\u201d \u2013 ex-jogador do Recreio E.C, jogou na base do Cruzeiro (Belo Horizonte) e pelo profissional do Friburguense (Nova Friburgo). J\u00e1 trabalhou na comiss\u00e3o t\u00e9cnica da base do Recreio E.C e na \u00faltima participa\u00e7\u00e3o do time principal na Copa dos Campe\u00f5es, em 2017;<\/li>\n<li>Auxiliar t\u00e9cnico: Matheus de Almeida Silva \u201cMatheus\u00e3o\u201d \u2013 esportista com conhecimento do futebol regional. Em 2018 ajudou a montar o time do Ideal E.C campe\u00e3o da Copa da Campe\u00f5es pela primeira vez;<\/li>\n<li>Preparador de goleiro: Marcelo da Silva \u201cRab\u00edola\u201d \u2013 ex-goleiro do Recreio E.C, jogou tamb\u00e9m pelo Ideal E.C, Oper\u00e1rio (Cataguases) e chegou a jogar profissionalmente no Uni\u00e3o (Mogi das Cruzes-SP).<\/li>\n<\/ul>\n<p style=\"text-align: justify;\">Com o an\u00fancio da comiss\u00e3o a diretoria agora come\u00e7a a analisar os nomes para compor o elenco do \u201cLe\u00e3o da Zona da Mata\u201d.<\/p>\n<p style=\"text-align: justify;\">A reuni\u00e3o da Liga Esportiva de Cataguases para definir regulamento, clubes participantes e outros assuntos referentes a 7\u00aa edi\u00e7\u00e3o da Copa dos Campe\u00f5es est\u00e1 marcada para dia 14 de mar\u00e7o, na sede da entidade, em Cataguases.<\/p>\n","protected":false},"excerpt":{"rendered":"<p>O presidente do Recreio Esporte Clube, Lucas Lima, anunciou com exclusividade ao Site P\u00f3lis a comiss\u00e3o t\u00e9cnica para a disputa da Copa dos Campe\u00f5es da Liga Esportiva de Cataguases &#8220;LEC&#8221; 2019.<\/p>\n","protected":false},"author":3,"featured_media":13134,"comment_status":"open","ping_status":"open","sticky":false,"template":"","format":"standard","meta":[],"categories":[4],"tags":[],"yoast_head":"<!-- This site is optimized with the Yoast SEO plugin v15.6.2 - https:\/\/yoast.com\/wordpress\/plugins\/seo\/ -->\n<meta name=\"robots\" content=\"index, follow, max-snippet:-1, max-image-preview:large, max-video-preview:-1\" \/>\n<link rel=\"canonical\" href=\"http:\/\/www.polisrecreio.com.br\/site\/2019\/02\/27\/recreio-e-c-anuncia-comissao-tecnica-para-disputa-da-copa-dos-campeoes-da-lec\/\" \/>\n<meta property=\"og:locale\" content=\"pt_BR\" \/>\n<meta property=\"og:type\" content=\"article\" \/>\n<meta property=\"og:title\" content=\"Recreio E.C anuncia comiss\u00e3o t\u00e9cnica para disputa da Copa dos Campe\u00f5es da LEC - P\u00f3lis Recreio\" \/>\n<meta property=\"og:description\" content=\"O presidente do Recreio Esporte Clube, Lucas Lima, anunciou com exclusividade ao Site P\u00f3lis a comiss\u00e3o t\u00e9cnica para a disputa da Copa dos Campe\u00f5es da Liga Esportiva de Cataguases &#8220;LEC&#8221; 2019.\" \/>\n<meta property=\"og:url\" content=\"http:\/\/www.polisrecreio.com.br\/site\/2019\/02\/27\/recreio-e-c-anuncia-comissao-tecnica-para-disputa-da-copa-dos-campeoes-da-lec\/\" \/>\n<meta property=\"og:site_name\" content=\"P\u00f3lis Recreio\" \/>\n<meta property=\"article:publisher\" content=\"https:\/\/www.facebook.com\/Site-P%c3%b3lis-Recreio-MG-181941708571019\/\" \/>\n<meta property=\"article:published_time\" content=\"2019-02-27T22:38:04+00:00\" \/>\n<meta property=\"article:modified_time\" content=\"2019-02-27T22:41:07+00:00\" \/>\n<meta property=\"og:image\" content=\"https:\/\/www.polisrecreio.com.br\/site\/wp-content\/uploads\/2019\/02\/comiss\u00e3o.jpg\" \/>\n\t<meta property=\"og:image:width\" content=\"800\" \/>\n\t<meta property=\"og:image:height\" content=\"396\" \/>\n<meta name=\"twitter:card\" content=\"summary_large_image\" \/>\n<meta name=\"twitter:creator\" content=\"@PolisRecreio\" \/>\n<meta name=\"twitter:site\" content=\"@PolisRecreio\" \/>\n<meta name=\"twitter:label1\" content=\"Est. reading time\">\n\t<meta name=\"twitter:data1\" content=\"1 minuto\">\n<script type=\"application\/ld+json\" class=\"yoast-schema-graph\">{\"@context\":\"https:\/\/schema.org\",\"@graph\":[{\"@type\":\"WebSite\",\"@id\":\"https:\/\/www.polisrecreio.com.br\/site\/#website\",\"url\":\"https:\/\/www.polisrecreio.com.br\/site\/\",\"name\":\"P\\u00f3lis Recreio\",\"description\":\"\",\"potentialAction\":[{\"@type\":\"SearchAction\",\"target\":\"https:\/\/www.polisrecreio.com.br\/site\/?s={search_term_string}\",\"query-input\":\"required name=search_term_string\"}],\"inLanguage\":\"pt-BR\"},{\"@type\":\"ImageObject\",\"@id\":\"http:\/\/www.polisrecreio.com.br\/site\/2019\/02\/27\/recreio-e-c-anuncia-comissao-tecnica-para-disputa-da-copa-dos-campeoes-da-lec\/#primaryimage\",\"inLanguage\":\"pt-BR\",\"url\":\"https:\/\/www.polisrecreio.com.br\/site\/wp-content\/uploads\/2019\/02\/comiss\\u00e3o.jpg\",\"width\":800,\"height\":396},{\"@type\":\"WebPage\",\"@id\":\"http:\/\/www.polisrecreio.com.br\/site\/2019\/02\/27\/recreio-e-c-anuncia-comissao-tecnica-para-disputa-da-copa-dos-campeoes-da-lec\/#webpage\",\"url\":\"http:\/\/www.polisrecreio.com.br\/site\/2019\/02\/27\/recreio-e-c-anuncia-comissao-tecnica-para-disputa-da-copa-dos-campeoes-da-lec\/\",\"name\":\"Recreio E.C anuncia comiss\\u00e3o t\\u00e9cnica para disputa da Copa dos Campe\\u00f5es da LEC - P\\u00f3lis Recreio\",\"isPartOf\":{\"@id\":\"https:\/\/www.polisrecreio.com.br\/site\/#website\"},\"primaryImageOfPage\":{\"@id\":\"http:\/\/www.polisrecreio.com.br\/site\/2019\/02\/27\/recreio-e-c-anuncia-comissao-tecnica-para-disputa-da-copa-dos-campeoes-da-lec\/#primaryimage\"},\"datePublished\":\"2019-02-27T22:38:04+00:00\",\"dateModified\":\"2019-02-27T22:41:07+00:00\",\"author\":{\"@id\":\"https:\/\/www.polisrecreio.com.br\/site\/#\/schema\/person\/3363c1c78e1e28e1329d97adb387638e\"},\"inLanguage\":\"pt-BR\",\"potentialAction\":[{\"@type\":\"ReadAction\",\"target\":[\"http:\/\/www.polisrecreio.com.br\/site\/2019\/02\/27\/recreio-e-c-anuncia-comissao-tecnica-para-disputa-da-copa-dos-campeoes-da-lec\/\"]}]},{\"@type\":\"Person\",\"@id\":\"https:\/\/www.polisrecreio.com.br\/site\/#\/schema\/person\/3363c1c78e1e28e1329d97adb387638e\",\"name\":\"Leonardo Ribeiro\",\"image\":{\"@type\":\"ImageObject\",\"@id\":\"https:\/\/www.polisrecreio.com.br\/site\/#personlogo\",\"inLanguage\":\"pt-BR\",\"url\":\"https:\/\/secure.gravatar.com\/avatar\/6ba92a37d621e1a83e23710251178a12?s=96&d=mm&r=g\",\"caption\":\"Leonardo Ribeiro\"},\"sameAs\":[\"http:\/\/www.polisrecreio.com.br\"]}]}<\/script>\n<!-- \/ Yoast SEO plugin. -->","_links":{"self":[{"href":"https:\/\/www.polisrecreio.com.br\/site\/wp-json\/wp\/v2\/posts\/13133"}],"collection":[{"href":"https:\/\/www.polisrecreio.com.br\/site\/wp-json\/wp\/v2\/posts"}],"about":[{"href":"https:\/\/www.polisrecreio.com.br\/site\/wp-json\/wp\/v2\/types\/post"}],"author":[{"embeddable":true,"href":"https:\/\/www.polisrecreio.com.br\/site\/wp-json\/wp\/v2\/users\/3"}],"replies":[{"embeddable":true,"href":"https:\/\/www.polisrecreio.com.br\/site\/wp-json\/wp\/v2\/comments?post=13133"}],"version-history":[{"count":3,"href":"https:\/\/www.polisrecreio.com.br\/site\/wp-json\/wp\/v2\/posts\/13133\/revisions"}],"predecessor-version":[{"id":13137,"href":"https:\/\/www.polisrecreio.com.br\/site\/wp-json\/wp\/v2\/posts\/13133\/revisions\/13137"}],"wp:featuredmedia":[{"embeddable":true,"href":"https:\/\/www.polisrecreio.com.br\/site\/wp-json\/wp\/v2\/media\/13134"}],"wp:attachment":[{"href":"https:\/\/www.polisrecreio.com.br\/site\/wp-json\/wp\/v2\/media?parent=13133"}],"wp:term":[{"taxonomy":"category","embeddable":true,"href":"https:\/\/www.polisrecreio.com.br\/site\/wp-json\/wp\/v2\/categories?post=13133"},{"taxonomy":"post_tag","embeddable":true,"href":"https:\/\/www.polisrecreio.com.br\/site\/wp-json\/wp\/v2\/tags?post=13133"}],"curies":[{"name":"wp","href":"https:\/\/api.w.org\/{rel}","templated":true}]}}